{"id":658062,"date":"2026-08-31T13:15:18","date_gmt":"2026-08-31T13:15:18","guid":{"rendered":"https:\/\/www.europesays.com\/it\/658062\/"},"modified":"2026-08-31T13:15:18","modified_gmt":"2026-08-31T13:15:18","slug":"forbidden-fruit-far-away-tutto-per-la-mia-famiglia-anticipazioni-31-agosto","status":"publish","type":"post","link":"https:\/\/www.europesays.com\/it\/658062\/","title":{"rendered":"Forbidden Fruit, Far Away, Tutto per la mia famiglia, anticipazioni 31 agosto"},"content":{"rendered":"<p class=\"paragraph\" spellcheck=\"true\">Luned\u00ec 31 agosto 2026 torner\u00e0 l&#8217;appuntamento del pomeriggio di Canale 5 con le serie tv turche <b>Forbidden Fruit, Far Away <\/b>e <b>Tutto per la mia famiglia<\/b>, in onda dalle 14.10 alle 16.45 e disponibili in streaming su Mediaset Infinity.\u00a0<\/p>\n<p class=\"paragraph\" spellcheck=\"true\">Prima di scoprire quello che ci aspetta nelle puntate di oggi, vediamo dove eravamo rimasti. A<b> Forbidden Fruit <\/b>Cagatay e Yildiz hanno litigato arrivando al punto di lasciarsi, per poi far pace e promettersi di esser pi\u00f9 sinceri l&#8217;uno con l&#8217;altra. Burcu ha detto a Cenk del fidanzamento tra Cagatay e Yildiz prima che la coppia riuscisse a farlo, scatenando la sua reazione negativa. Cenk si \u00e8 fatto fotografare con Yildiz con l&#8217;inganno scatenando un&#8217;altra lite nella coppia ma grazie alla calma della donna i due hanno fatto subito pace. Asuman ha provato a sabotare la coppia.\u00a0<\/p>\n<p class=\"paragraph\" spellcheck=\"true\">A <b>Far Away<\/b> Nare \u00e8 in attesa del trapianto ma dopo che a Kadir \u00e8 venuta la febbre e che Fidan si \u00e8 tirata indietro, \u00e8 Ozkan ad accettare di sottoporsi all&#8217;operazione. Hasan ha salvato\u00a0Fikriye che stava per finire fuori strada per colpa di un uomo di Halis.\u00a0<\/p>\n<p class=\"paragraph\" spellcheck=\"true\">A <b>Tutto per la mia famiglia<\/b> Kadir ha comprato con Melisa un abito nuovo per iniziare il suo lavoro in libreria. Kaan \u00e8 stato fermato dalla polizia dopo una lite con un ristoratore, Akif ha negato per l&#8217;ennesima volta di essere suo padre.<\/p>\n","protected":false},"excerpt":{"rendered":"Luned\u00ec 31 agosto 2026 torner\u00e0 l&#8217;appuntamento del pomeriggio di Canale 5 con le serie tv turche Forbidden Fruit,&hellip;\n","protected":false},"author":3,"featured_media":658063,"comment_status":"","ping_status":"","sticky":false,"template":"","format":"standard","meta":{"footnotes":"","_share_on_mastodon":"0"},"categories":[1444],"tags":[2699,344866,303825,292423,1518,11536,33,35606,203,1909,2097,287866,10202,4860,10203,204,1537,90,89,160698,1691,28059,8202,253],"class_list":["post-658062","post","type-post","status-publish","format-standard","has-post-thumbnail","category-tv","tag-agosto","tag-agosto-scoprire","tag-akif","tag-alya","tag-anticipazioni","tag-anticipazioni-puntata","tag-appuntamento","tag-away","tag-entertainment","tag-famiglia","tag-far","tag-far-away","tag-forbidden","tag-forbidden-fruit","tag-fruit","tag-intrattenimento","tag-it","tag-italia","tag-italy","tag-kaan","tag-lunedi","tag-lunedi-agosto","tag-puntata","tag-tv"],"share_on_mastodon":{"url":"https:\/\/pubeurope.com\/@it\/117190310616862831","error":""},"_links":{"self":[{"href":"https:\/\/www.europesays.com\/it\/wp-json\/wp\/v2\/posts\/658062","targetHints":{"allow":["GET"]}}],"collection":[{"href":"https:\/\/www.europesays.com\/it\/wp-json\/wp\/v2\/posts"}],"about":[{"href":"https:\/\/www.europesays.com\/it\/wp-json\/wp\/v2\/types\/post"}],"author":[{"embeddable":true,"href":"https:\/\/www.europesays.com\/it\/wp-json\/wp\/v2\/users\/3"}],"replies":[{"embeddable":true,"href":"https:\/\/www.europesays.com\/it\/wp-json\/wp\/v2\/comments?post=658062"}],"version-history":[{"count":0,"href":"https:\/\/www.europesays.com\/it\/wp-json\/wp\/v2\/posts\/658062\/revisions"}],"wp:featuredmedia":[{"embeddable":true,"href":"https:\/\/www.europesays.com\/it\/wp-json\/wp\/v2\/media\/658063"}],"wp:attachment":[{"href":"https:\/\/www.europesays.com\/it\/wp-json\/wp\/v2\/media?parent=658062"}],"wp:term":[{"taxonomy":"category","embeddable":true,"href":"https:\/\/www.europesays.com\/it\/wp-json\/wp\/v2\/categories?post=658062"},{"taxonomy":"post_tag","embeddable":true,"href":"https:\/\/www.europesays.com\/it\/wp-json\/wp\/v2\/tags?post=658062"}],"curies":[{"name":"wp","href":"https:\/\/api.w.org\/{rel}","templated":true}]}}