{"id":658078,"date":"2026-08-31T13:23:23","date_gmt":"2026-08-31T13:23:23","guid":{"rendered":"https:\/\/www.europesays.com\/it\/658078\/"},"modified":"2026-08-31T13:23:23","modified_gmt":"2026-08-31T13:23:23","slug":"mal-di-testa-forte-o-associato-ad-altri-sintomi-quando-rivolgersi-a-un-medico-con-urgenza","status":"publish","type":"post","link":"https:\/\/www.europesays.com\/it\/658078\/","title":{"rendered":"Mal di testa forte o associato ad altri sintomi, quando rivolgersi a un medico con urgenza?"},"content":{"rendered":"<p>Secondo quanto riferito dalla professoressa associata di Medicina Interna dell&#8217;Universit\u00e0 Statale, Eleonora Tobaldini, intervistata dal Corriere della Sera, un mal di testa ad insorgenza improvvisa, di un\u2019intensit\u00e0 mai percepita prima e associato ad altri sintomi come febbre, nausea e vomito, deve portare a una valutazione medica immediata\u00a0<\/p>\n<p>Nelle prime informazioni sulla situazione di salute di <a data-intcmp=\"skytg24_foglia articolo_interlink_text\" href=\"https:\/\/tg24.sky.it\/politica\/2026\/08\/31\/alessandro-di-battista-ricoverato-cuba-notizie\" rel=\"nofollow noopener\" target=\"_blank\"><strong>Alessandro Di Battista<\/strong><\/a>, le fonti hanno dichiarato che il deputato del Movimento 5 Stelle ha accusato un forte mal di testa prima di essere ricoverato a L\u2019Avana, a Cuba. Per tanti \u00e8 stato immediato chiedersi: quando un \u201cforte mal di testa\u201d pu\u00f2 presagire qualcosa di pi\u00f9 grave? Secondo quanto riferito da Eleonora Tobaldini, professoressa associata di Medicina Interna all&#8217;Universit\u00e0 degli Studi di Milano, <strong><a data-intcmp-qp=\"skytg24_foglia articolo_interlink_text\" rel=\"nofollow noopener\" href=\"https:\/\/www.corriere.it\/salute\/26_agosto_30\/quando-il-mal-di-testa-richiede-una-valutazione-immediata-58203d35-8c53-44da-8a9f-ba13c6f03xlk.shtml?refresh_ce\" target=\"_blank\">intervistata dal Corriere della Sera<\/a><\/strong>, alcune situazioni sono pi\u00f9 allarmanti di altre: un mal di testa ad insorgenza improvvisa, di un\u2019intensit\u00e0 mai percepita prima e associato ad altri sintomi come febbre, nausea e vomito. Da valutare soprattutto le situazioni di questo tipo in persone che non ne hanno mai sofferto prima o che si accompagnano ad altri sintomi, come segni neurologici. In tutti questi casi dev\u2019esserci una immediata valutazione in pronto soccorso.<\/p>\n<p>\t\t \tI casi in cui non serve allarmarsi<\/p>\n<p>Secondo quanto riportato dal Corriere della Sera, Tobaldini riferisce anche i casi in cui non bisogna allarmarsi: quando, ad esempio, si ha un mal di testa gi\u00e0 avuto in passato o \u201cun mal di testa che ha caratteristiche tipiche per un&#8217;emicrania o una cefalea muscolo-tensiva\u201d, dice Tobaldini. Le terapie, in questi casi, sono terapie analgesiche ma solo nel caso in cui sembra che non funzionino, allora \u00e8 necessaria una valutazione clinica.<\/p>\n<p>\t\t\t<a class=\"c-inline-card j-inline-card c-inline-card--with-image\" href=\"https:\/\/tg24.sky.it\/politica\/2026\/08\/29\/alessandro-di-battista-cuba-ricoverato-news\" rel=\"follow nofollow noopener\" data-intcmp=\"skytg24_articolo_approfondimenti_inline\" target=\"_blank\"><\/p>\n<p>\t\t\t         <img decoding=\"async\" crossorigin=\"anonymous\" alt=\"Alessandro Di Battista arriva ai gruppi parlamentari della Camera per la riunione congiunta dei parlamentari del M5s, Roma, 21 gennaio 2019. ANSA\/ANGELO CARCONI\"  loading=\"lazy\"  src=\"https:\/\/www.europesays.com\/it\/wp-content\/uploads\/2026\/08\/di battista_ansa.jpg\"\/><\/p>\n<p>\n\t\t\t         Leggi anche<br \/>\n\t\t\t         Alessandro Di Battista ricoverato a Cuba, risponde a domande medici\n\t\t\t      <\/p>\n<p>\t\t\t<\/a><\/p>\n<p>\t\t \tQuando e come valutare il vomito<\/p>\n<p>Il vomito \u00e8 una condizione che, associata al mal di testa, \u00e8 da valutare. Come si legge sul Corriere della Sera, Tobaldini distingue vomito e nausea da vomito a getto. Quest\u2019ultimo, quando \u00e8 violento e improvviso, necessita di un\u2019immediata valutazione clinica perch\u00e9 pu\u00f2 essere l\u2019espressione di \u201cuna pressione intracranica\u201d, riferisce la professoressa. La presenza di vomito e nausea, invece, \u00e8 una condizione comune in chi soffre di emicrania, un tipo di mal di testa intenso, pulsante e spesso associato ad altri sintomi come appunto vomito o disturbo visivi.\u00a0<\/p>\n<p>\t\t\t<a class=\"c-inline-card j-inline-card c-inline-card--with-image\" href=\"https:\/\/tg24.sky.it\/politica\/video\/2026\/08\/29\/di-battista-ricoverato-a-cuba-ha-ripreso-conoscenza-1120710\" rel=\"follow nofollow noopener\" data-intcmp=\"skytg24_articolo_approfondimenti_inline\" target=\"_blank\"><\/p>\n<p>\t\t\t         <img decoding=\"async\" crossorigin=\"anonymous\" alt=\"\"  loading=\"lazy\"  src=\"https:\/\/www.europesays.com\/it\/wp-content\/uploads\/2026\/08\/1120710_1788029702221_thumb_494.0000001_1788029933723.jpg\"\/><\/p>\n<p>\n\t\t\t         Leggi anche<br \/>\n\t\t\t         Di Battista ricoverato a Cuba ha ripreso conoscenza\n\t\t\t      <\/p>\n<p>\t\t\t<\/a><\/p>\n","protected":false},"excerpt":{"rendered":"Secondo quanto riferito dalla professoressa associata di Medicina Interna dell&#8217;Universit\u00e0 Statale, Eleonora Tobaldini, intervistata dal Corriere della Sera,&hellip;\n","protected":false},"author":3,"featured_media":658079,"comment_status":"","ping_status":"","sticky":false,"template":"","format":"standard","meta":{"footnotes":"","_share_on_mastodon":"0"},"categories":[160],"tags":[14,164,165,166,7,15,11,167,12,168,161,162,163],"class_list":["post-658078","post","type-post","status-publish","format-standard","has-post-thumbnail","category-mondo","tag-cronaca","tag-dal-mondo","tag-dalmondo","tag-mondo","tag-news","tag-notizie","tag-ultime-notizie","tag-ultime-notizie-di-mondo","tag-ultimenotizie","tag-ultimenotiziedimondo","tag-world","tag-world-news","tag-worldnews"],"share_on_mastodon":{"url":"https:\/\/pubeurope.com\/@it\/117190343061229190","error":""},"_links":{"self":[{"href":"https:\/\/www.europesays.com\/it\/wp-json\/wp\/v2\/posts\/658078","targetHints":{"allow":["GET"]}}],"collection":[{"href":"https:\/\/www.europesays.com\/it\/wp-json\/wp\/v2\/posts"}],"about":[{"href":"https:\/\/www.europesays.com\/it\/wp-json\/wp\/v2\/types\/post"}],"author":[{"embeddable":true,"href":"https:\/\/www.europesays.com\/it\/wp-json\/wp\/v2\/users\/3"}],"replies":[{"embeddable":true,"href":"https:\/\/www.europesays.com\/it\/wp-json\/wp\/v2\/comments?post=658078"}],"version-history":[{"count":0,"href":"https:\/\/www.europesays.com\/it\/wp-json\/wp\/v2\/posts\/658078\/revisions"}],"wp:featuredmedia":[{"embeddable":true,"href":"https:\/\/www.europesays.com\/it\/wp-json\/wp\/v2\/media\/658079"}],"wp:attachment":[{"href":"https:\/\/www.europesays.com\/it\/wp-json\/wp\/v2\/media?parent=658078"}],"wp:term":[{"taxonomy":"category","embeddable":true,"href":"https:\/\/www.europesays.com\/it\/wp-json\/wp\/v2\/categories?post=658078"},{"taxonomy":"post_tag","embeddable":true,"href":"https:\/\/www.europesays.com\/it\/wp-json\/wp\/v2\/tags?post=658078"}],"curies":[{"name":"wp","href":"https:\/\/api.w.org\/{rel}","templated":true}]}}