{"id":658117,"date":"2026-08-31T13:52:16","date_gmt":"2026-08-31T13:52:16","guid":{"rendered":"https:\/\/www.europesays.com\/it\/658117\/"},"modified":"2026-08-31T13:52:16","modified_gmt":"2026-08-31T13:52:16","slug":"escursionista-22enne-disperso-da-due-giorni-in-montagna-le-ricerche-lultimo-contatto-con-i-genitori-e-il-ritrovamento-dellauto","status":"publish","type":"post","link":"https:\/\/www.europesays.com\/it\/658117\/","title":{"rendered":"Escursionista 22enne disperso da due giorni in montagna: le ricerche, l&#8217;ultimo contatto con i genitori e il ritrovamento dell&#8217;auto"},"content":{"rendered":"<p><a href=\"https:\/\/www.ilgazzettino.it\/t\/recoaro-terme\" rel=\"nofollow noopener\" target=\"_blank\">RECOARO TERME<\/a> (VICENZA) &#8211; Da due giorni non si hanno notizie di un 22enne padovano partito sabato 29 agosto per un&#8217;<a href=\"https:\/\/www.ilgazzettino.it\/t\/escursione\" rel=\"nofollow noopener\" target=\"_blank\">escursione<\/a> sulla ferrata del <a href=\"https:\/\/www.ilgazzettino.it\/t\/vajo-scuro\" rel=\"nofollow noopener\" target=\"_blank\">Vajo Scuro<\/a>. Su tutta l&#8217;area &#8211; al confine tra Veneto e Trentino &#8211; \u00e8 stato attivato il piano di <a href=\"https:\/\/www.ilgazzettino.it\/t\/ricerche\" rel=\"nofollow noopener\" target=\"_blank\">ricerche<\/a> per individuare il giovane <a href=\"https:\/\/www.ilgazzettino.it\/t\/disperso\" rel=\"nofollow noopener\" target=\"_blank\">disperso<\/a>, che impegna Soccorso alpino, guardia di finanza, vigili del fuoco, carabinieri.<\/p>\n<p>    &#13;<\/p>\n<p>APPROFONDIMENTI<\/p>\n<p>&#13;<\/p>\n<p>                            &#13;<br \/>\n                                            &#13;<br \/>\n                            <a href=\"https:\/\/www.ilgazzettino.it\/nordest\/belluno\/escursionista_disperso_telefono_risposta_monte_lavinores_cortina_ricerche-9735111.html\" rel=\"nofollow noopener\" target=\"_blank\">&#13;<br \/>\n                                                                <img decoding=\"async\" src=\"https:\/\/www.europesays.com\/it\/wp-content\/uploads\/2026\/08\/9735111_31125511_onecms_1tfxhpr6h0l0hm5mu3v_15z7aawabcw.jpg\"\/>&#13;<br \/>\n                            <\/a>&#13;<br \/>\n                        &#13;<br \/>\n                                        &#13;<\/p>\n<p>        &#13;<\/p>\n<p>Le ricerche <\/p>\n<p>Il 22enne era partito sabato mattina\u00a0per intraprendere il tracciato della ferrata del Vajo Scuro nel territorio di Recoaro\u00a0e avrebbe dovuto dormire al Rifugio Fraccaroli per poi rientrare nella giornata di domenica. L&#8217;ultimo contatto con i genitori risale alle 13.30 di sabato. Il rifugio \u00e8 al moment chiuso, perci\u00f2 non \u00e8 stato al momento possibile capire se il ragazzo vi sia giunto. La sua auto \u00e8 invece stata ritrovata parcheggiata al Rifugio Battisti.<br \/>Il cellulare risolta spento e non hanno dato riscontro le ricerche con\u00a0l&#8217;Imsi Catcher, il dispositivo montato su elicottero che consente di intercettare la presenza di telefoni cellulari in quota. <\/p>\n<p>Nessun riscontro anche dalle osservazioni dall&#8217;alto, condotte sempre attraverso sorvoli in elicottero. Le squadre si stanno muovendo in quota e sono state analizzate le celle telefoniche agganciate, che porterebbero a pensare il giovane possa trovarsi sui versanti vicentini del Gruppo del Fumante, Monte Plische, Passo della Lora.<\/p>\n<p><a class=\"link_item\" data-linked_from=\"9735014\" href=\"https:\/\/www.ilgazzettino.it\/nordest\/belluno\/escursionista_disperso_telefono_risposta_monte_lavinores_cortina_ricerche-9735111.html\" rel=\"nofollow noopener\" target=\"_blank\">Disperso sul Monte Lavinores, la moglie del 67enne lancia l&#8217;allarme: ricerche in corso<\/a><\/p>\n","protected":false},"excerpt":{"rendered":"RECOARO TERME (VICENZA) &#8211; Da due giorni non si hanno notizie di un 22enne padovano partito sabato 29&hellip;\n","protected":false},"author":3,"featured_media":658118,"comment_status":"","ping_status":"","sticky":false,"template":"","format":"standard","meta":{"footnotes":"","_share_on_mastodon":"0"},"categories":[6],"tags":[14,35259,155508,8,1537,90,89,7,15,82,9,83,10,235016,144,13,11,80,84,12,81,85,363167],"class_list":["post-658117","post","type-post","status-publish","format-standard","has-post-thumbnail","category-ultime-notizie","tag-cronaca","tag-disperso","tag-escursione","tag-headlines","tag-it","tag-italia","tag-italy","tag-news","tag-notizie","tag-notizie-di-cronaca","tag-notizie-principali","tag-notiziedicronaca","tag-notizieprincipali","tag-recoaro-terme","tag-ricerche","tag-titoli","tag-ultime-notizie","tag-ultime-notizie-di-cronaca","tag-ultime-notizie-e-news-di-oggi","tag-ultimenotizie","tag-ultimenotiziedicronaca","tag-ultimenotizieenewsdioggi","tag-vajo-scuro"],"share_on_mastodon":{"url":"https:\/\/pubeurope.com\/@it\/117190455979020430","error":""},"_links":{"self":[{"href":"https:\/\/www.europesays.com\/it\/wp-json\/wp\/v2\/posts\/658117","targetHints":{"allow":["GET"]}}],"collection":[{"href":"https:\/\/www.europesays.com\/it\/wp-json\/wp\/v2\/posts"}],"about":[{"href":"https:\/\/www.europesays.com\/it\/wp-json\/wp\/v2\/types\/post"}],"author":[{"embeddable":true,"href":"https:\/\/www.europesays.com\/it\/wp-json\/wp\/v2\/users\/3"}],"replies":[{"embeddable":true,"href":"https:\/\/www.europesays.com\/it\/wp-json\/wp\/v2\/comments?post=658117"}],"version-history":[{"count":0,"href":"https:\/\/www.europesays.com\/it\/wp-json\/wp\/v2\/posts\/658117\/revisions"}],"wp:featuredmedia":[{"embeddable":true,"href":"https:\/\/www.europesays.com\/it\/wp-json\/wp\/v2\/media\/658118"}],"wp:attachment":[{"href":"https:\/\/www.europesays.com\/it\/wp-json\/wp\/v2\/media?parent=658117"}],"wp:term":[{"taxonomy":"category","embeddable":true,"href":"https:\/\/www.europesays.com\/it\/wp-json\/wp\/v2\/categories?post=658117"},{"taxonomy":"post_tag","embeddable":true,"href":"https:\/\/www.europesays.com\/it\/wp-json\/wp\/v2\/tags?post=658117"}],"curies":[{"name":"wp","href":"https:\/\/api.w.org\/{rel}","templated":true}]}}