{"id":658123,"date":"2026-08-31T14:01:12","date_gmt":"2026-08-31T14:01:12","guid":{"rendered":"https:\/\/www.europesays.com\/it\/658123\/"},"modified":"2026-08-31T14:01:12","modified_gmt":"2026-08-31T14:01:12","slug":"tadej-pogacar-ricoverato-a-barcellona-quando-rientra","status":"publish","type":"post","link":"https:\/\/www.europesays.com\/it\/658123\/","title":{"rendered":"Tadej Pogacar ricoverato a Barcellona. Quando rientra?"},"content":{"rendered":"<p>                                Dopo la caduta che lo ha costretto al ritiro dalla Vuelta per la frattura della clavicola, Tadej potr\u00e0 essere operato solo dopo avere smaltito la commozione cerebrale. Smentite le voci di un trasferimento in Belgio, ma rischia di tornare solo nel 2027<\/p>\n<p class=\"paragraph\" spellcheck=\"true\">Attorno a Tadej Pogacar, dopo il clamoroso ritiro sabato dalla Vuelta che stava dominando a causa di una caduta, l\u2019attenzione \u00e8 spasmodica anche oltre quella che c\u2019\u00e8 attorno alle sue imprese. Un esempio \u00e8 questo: stamattina si era sparsa una voce secondo la quale il numero uno al mondo sarebbe stato trasferito dall\u2019ospedale universitario Dexeus di Barcellona a una struttura sanitaria di Leuven, in Belgio. Ma non \u00e8 vero: Pogi resta in Catalogna e probabilmente domani sar\u00e0 operato dal professor Xavier Mir, molto conosciuto nell\u2019ambito del Motomondiale perch\u00e9 ha curato tanti piloti, per la frattura scomposta della clavicola sinistra.\u00a0<\/p>\n<p>        tempi di rientro\u2014 \u00a0<\/p>\n<p class=\"paragraph\" spellcheck=\"true\">La domanda per\u00f2 che tutti si fanno \u00e8: quando torner\u00e0 in gruppo il fenomeno sloveno? Chi gli sta vicino riferisce: \u201cServe un miracolo per rivederlo prima della fine della stagione\u201d. \u00c8 lo scenario decisamente pi\u00f9 improbabile, in effetti, come era apparso chiaro dopo la diagnosi. Pogi ha rimediato pure una frattura stabile della vertebra cervicale C7, oltre a una commozione cerebrale che non ha permesso l\u2019operazione immediata alla clavicola. I tempi sono ristrettissimi, visto che il Mondiale in Canada \u00e8 il 27 settembre, l\u2019Europeo in Slovenia il 4 ottobre, il Lombardia \u00e8 il 10 ottobre. Se c\u2019\u00e8 chi vuole tenersi qualche punto percentuale di probabilit\u00e0, non pi\u00f9 di 5, \u00e8 perch\u00e9 con Pogi nulla si pu\u00f2 dare per scontato, in nessun senso. Ma \u00e8 evidente che solo dopo l\u2019operazione si potr\u00e0 fare un punto definitivo della situazione, e in effetti anche la squadra nelle parole raccolte dalla Gazzetta del team principal Mauro Gianetti ha preferito non sbilanciarsi: \u201cNon \u00e8 il momento di mettere punti definitivi e neppure di alimentare false illusioni\u201d. Naturalmente, andr\u00e0 valutata pure l\u2019evoluzione della frattura cervicale, la stabilit\u00e0 del corpo, la possibile gestione delle sollecitazioni della bici e tutto il resto: come si \u00e8 visto nella foto postata ieri dall\u2019ospedale, Pogacar porta un collare. Se, come si \u00e8 gi\u00e0 immaginato nell\u2019immediatezza della prima diagnosi, torner\u00e0 in gruppo nel 2027, quale potrebbe essere il momento giusto? Anche questo \u00e8 un ragionamento prematuro: a parte la stagione da neopro\u2019, quando debutt\u00f2 al Down Under in Australia, Pogi non ha mai corso a gennaio. Qualche volta ha debuttato a febbraio, qualche volta direttamente a inizio marzo. Ma i programmi vengono stabiliti tra novembre e dicembre e pi\u00f9 che mai sar\u00e0 decisiva, in tal senso, l\u2019evoluzione delle sue condizioni fisiche. Priorit\u00e0 alla salute e al recupero, insomma, prima di ripensare a definire il rientro agonistico nel dettaglio. Ciro Scognamiglio<\/p>\n","protected":false},"excerpt":{"rendered":"Dopo la caduta che lo ha costretto al ritiro dalla Vuelta per la frattura della clavicola, Tadej potr\u00e0&hellip;\n","protected":false},"author":3,"featured_media":658124,"comment_status":"","ping_status":"","sticky":false,"template":"","format":"standard","meta":{"footnotes":"","_share_on_mastodon":"0"},"categories":[1456],"tags":[11277,351,291,2770,1887,86330,1824,34983,28709,254982,1825,3635,2096,19830,5830,1537,90,89,10211,811,812,893,1931,3553,8014,494,1434,3674,1738,2677,245,244,577,11340,3971],"class_list":["post-658123","post","type-post","status-publish","format-standard","has-post-thumbnail","category-ciclismo","tag-attorno","tag-barcellona","tag-belgio","tag-caduta","tag-cerebrale","tag-cervicale","tag-ciclismo","tag-clavicola","tag-commozione","tag-commozione-cerebrale","tag-cycling","tag-diagnosi","tag-effetti","tag-evoluzione","tag-frattura","tag-it","tag-italia","tag-italy","tag-operato","tag-operazione","tag-ospedale","tag-ottobre","tag-pogacar","tag-pogi","tag-potra","tag-punto","tag-resta","tag-rientro","tag-ritiro","tag-senso","tag-sport","tag-sports","tag-stagione","tag-tadej","tag-tempi"],"share_on_mastodon":{"url":"https:\/\/pubeurope.com\/@it\/117190491271362004","error":""},"_links":{"self":[{"href":"https:\/\/www.europesays.com\/it\/wp-json\/wp\/v2\/posts\/658123","targetHints":{"allow":["GET"]}}],"collection":[{"href":"https:\/\/www.europesays.com\/it\/wp-json\/wp\/v2\/posts"}],"about":[{"href":"https:\/\/www.europesays.com\/it\/wp-json\/wp\/v2\/types\/post"}],"author":[{"embeddable":true,"href":"https:\/\/www.europesays.com\/it\/wp-json\/wp\/v2\/users\/3"}],"replies":[{"embeddable":true,"href":"https:\/\/www.europesays.com\/it\/wp-json\/wp\/v2\/comments?post=658123"}],"version-history":[{"count":0,"href":"https:\/\/www.europesays.com\/it\/wp-json\/wp\/v2\/posts\/658123\/revisions"}],"wp:featuredmedia":[{"embeddable":true,"href":"https:\/\/www.europesays.com\/it\/wp-json\/wp\/v2\/media\/658124"}],"wp:attachment":[{"href":"https:\/\/www.europesays.com\/it\/wp-json\/wp\/v2\/media?parent=658123"}],"wp:term":[{"taxonomy":"category","embeddable":true,"href":"https:\/\/www.europesays.com\/it\/wp-json\/wp\/v2\/categories?post=658123"},{"taxonomy":"post_tag","embeddable":true,"href":"https:\/\/www.europesays.com\/it\/wp-json\/wp\/v2\/tags?post=658123"}],"curies":[{"name":"wp","href":"https:\/\/api.w.org\/{rel}","templated":true}]}}