{"id":658129,"date":"2026-08-31T14:06:24","date_gmt":"2026-08-31T14:06:24","guid":{"rendered":"https:\/\/www.europesays.com\/it\/658129\/"},"modified":"2026-08-31T14:06:24","modified_gmt":"2026-08-31T14:06:24","slug":"selena-gomez-con-stivali-alti-e-gonna-di-camoscio-horsebit-il-look-color-toffee-per-larrivo-al-festival-di-venezia-2026","status":"publish","type":"post","link":"https:\/\/www.europesays.com\/it\/658129\/","title":{"rendered":"Selena Gomez con stivali alti e gonna di camoscio \u201chorsebit\u201d: il look color toffee per l&#8217;arrivo al Festival di Venezia 2026"},"content":{"rendered":"<p>Selena Gomez con stivali alti e gonna di camoscio Gucci: il look toffee al Festival di Venezia 2026<\/p>\n<p>Ci sono dettagli, texture e sfumature di colore che colpiscono dal primo, fugace, sguardo. A volte \u00e8 un solo particolare, altre una combinazione di elementi. E Selena Gomez, tra le strade della laguna veneta per il <a href=\"https:\/\/www.vogue.it\/article\/festival-di-venezia-2026-film-ospiti-programma\" target=\"_blank\" rel=\"nofollow noopener\">Festival di Venezia 2026<\/a>, ne \u00e8 stata chiara dimostrazione. La delicatezza del suede, morbido e palpabile, ha incontrato l&#8217;iconico morsetto Gucci, regalandoci il capo tr\u00e8s chic perfetto per affrontare l&#8217;arrivo dell&#8217;autunno: la <a href=\"https:\/\/www.vogue.it\/article\/gonna-di-camoscio-modelli-tendenza-autunno-inverno\" target=\"_blank\" rel=\"nofollow noopener\">gonna di camoscio<\/a>.<\/p>\n<p>Copia il look di Selena Gomez<a tabindex=\"-1\" aria-hidden=\"true\" data-offer-retailer=\"zara\" data-offer-url=\"https:\/\/www.zara.com\/it\/it\/top-giromanica-p03641871.html\" class=\"external-link BaseLink-haTOKm ProductEmbedImageLink-jFLWFI jypDC EImPI\" data-event-click=\"{&quot;element&quot;:&quot;ExternalLink&quot;,&quot;outgoingURL&quot;:&quot;https:\/\/cna.st\/p\/LP1JPNETigFhfCQxHGzauX8Jd9zmmhFAP2aAuEppeNAximoHxKJ2PM7KfcpP31opATu581QojgL8BuecMkGtWXQLmUVLSBGKrkAye56ZKBgRgdQmk196zz7uRGoqcWrA9LF5q7G1HVnhsREoNK5hcbsEsABoSo2222NFsUH8JvRCd8eGG5yXsmEu75Y6wGimjGVCfh1ZkPovkHsB6kjygwPaua3agyXpzjLKWns6RpZDaipzGyCCjzV5rrSgwsijMuSfMUFwVY9riBUQdrEdRjdoVefiUoHhpdx9L8R3bKJG1c9N9WLDiE5k9a5GDxkNL68XdQMJhadtqLW7AQN7tH3ZWd9qotfvviSuZZJBU18mzsV1GHdpZYJCkuDkRiQDdncHojBsWk8WkB7gdvwh78u5KiVpCvnnRAQJewChDWagmrkEPxTrvDxGTXHfCYEiFJKmcmJetpR1138iiQffgo9FhvhJmU73XjFFwHKXbRdN11PESirsZpniZNfUas27zsQXpQbaK9RPK93mF7KXyDGzLATpTXQMsYWy9GvKM4uWSxTZNRKVtFPiGSL3CvYEdJ6GTyP&quot;}\" href=\"https:\/\/cna.st\/p\/LP1JPNETigFhfCQxHGzauX8Jd9zmmhFAP2aAuEppeNAximoHxKJ2PM7KfcpP31opATu581QojgL8BuecMkGtWXQLmUVLSBGKrkAye56ZKBgRgdQmk196zz7uRGoqcWrA9LF5q7G1HVnhsREoNK5hcbsEsABoSo2222NFsUH8JvRCd8eGG5yXsmEu75Y6wGimjGVCfh1ZkPovkHsB6kjygwPaua3agyXpzjLKWns6RpZDaipzGyCCjzV5rrSgwsijMuSfMUFwVY9riBUQdrEdRjdoVefiUoHhpdx9L8R3bKJG1c9N9WLDiE5k9a5GDxkNL68XdQMJhadtqLW7AQN7tH3ZWd9qotfvviSuZZJBU18mzsV1GHdpZYJCkuDkRiQDdncHojBsWk8WkB7gdvwh78u5KiVpCvnnRAQJewChDWagmrkEPxTrvDxGTXHfCYEiFJKmcmJetpR1138iiQffgo9FhvhJmU73XjFFwHKXbRdN11PESirsZpniZNfUas27zsQXpQbaK9RPK93mF7KXyDGzLATpTXQMsYWy9GvKM4uWSxTZNRKVtFPiGSL3CvYEdJ6GTyP\" rel=\"sponsored noopener nofollow\" target=\"_blank\"><img decoding=\"async\" alt=\"\" loading=\"lazy\" class=\"ResponsiveImageContainer-dkeESL cQPiWi responsive-image__image\"   src=\"https:\/\/www.europesays.com\/it\/wp-content\/uploads\/2026\/08\/1788185181_534_Senza%20titolo%20-%2022%20giugno%202026%20alle%20ore%2017.23.51%20(3).png\"\/><\/a><a tabindex=\"-1\" aria-hidden=\"true\" data-offer-retailer=\"gucci\" data-offer-url=\"https:\/\/www.gucci.com\/it\/it\/pr\/women\/ready-to-wear-for-women\/skirts-for-women\/suede-skirt-with-chain-detail-p-865488XNBCR2132\" class=\"external-link BaseLink-haTOKm ProductEmbedImageLink-jFLWFI jypDC EImPI\" data-event-click=\"{&quot;element&quot;:&quot;ExternalLink&quot;,&quot;outgoingURL&quot;:&quot;https:\/\/cna.st\/p\/rPoUu5UZV4hvGPLW6BiWH5BKg65ABDME58h9NkXjBBWUz4fvWkVsE91HSBfADuXdVjPkmKvxnd4Unq32ZZoGMVcnzZY1jdzgdp95gmb1ZGoJFxTzuRGRRGuEoR8sCbUVzJLUdMVRa9w7PuVudjNB7fj2MqjLKiaP4MLbs4SSGN3G1Uh5aUbDdDVjfLgHVedXHPNQsLdgCkbrSENZrqTDsU3StkQcdUH8HHdC1GPrJaNK1Ti6SUE6CR2r68AEsCiy8cVqCYRxD3sbjbo1akHtMsJwL5Qz9kp2p6hAe27nyUrmmAJm72i7KDMKWmpZJhyVwceRb6DqrL4EHjMWkQQZ8KqkRnfHssgo9UzP7pHdhWGgFo6uVqiPEQS5fHL4msqErN2cyzLwuaFzHkvzGuuVnUupUqzScoqbjrD3WBF1VZU4AzbT7PDgBXPuiKbX83D5HKqtUk3ixgqyYZv5sam4mUnrsboWakVkZQeNfmdWRAhUSZT4NobLQhufDYVbagSkDY9ewrXrLq2LxeuovCd16UQmLboXY7uJej8WfExuNgs3EtoeuW7BK7juYRiuLr831DpFEQjUUG7xQTrWXWF9Ecrkky8y4k3pTtgsMiUJho5WtQv6wxT64SLjSE8MmHCGfhkgm7XKURtBXBL28VoHZLKRdMwTz3tMqHbMf&quot;}\" href=\"https:\/\/cna.st\/p\/rPoUu5UZV4hvGPLW6BiWH5BKg65ABDME58h9NkXjBBWUz4fvWkVsE91HSBfADuXdVjPkmKvxnd4Unq32ZZoGMVcnzZY1jdzgdp95gmb1ZGoJFxTzuRGRRGuEoR8sCbUVzJLUdMVRa9w7PuVudjNB7fj2MqjLKiaP4MLbs4SSGN3G1Uh5aUbDdDVjfLgHVedXHPNQsLdgCkbrSENZrqTDsU3StkQcdUH8HHdC1GPrJaNK1Ti6SUE6CR2r68AEsCiy8cVqCYRxD3sbjbo1akHtMsJwL5Qz9kp2p6hAe27nyUrmmAJm72i7KDMKWmpZJhyVwceRb6DqrL4EHjMWkQQZ8KqkRnfHssgo9UzP7pHdhWGgFo6uVqiPEQS5fHL4msqErN2cyzLwuaFzHkvzGuuVnUupUqzScoqbjrD3WBF1VZU4AzbT7PDgBXPuiKbX83D5HKqtUk3ixgqyYZv5sam4mUnrsboWakVkZQeNfmdWRAhUSZT4NobLQhufDYVbagSkDY9ewrXrLq2LxeuovCd16UQmLboXY7uJej8WfExuNgs3EtoeuW7BK7juYRiuLr831DpFEQjUUG7xQTrWXWF9Ecrkky8y4k3pTtgsMiUJho5WtQv6wxT64SLjSE8MmHCGfhkgm7XKURtBXBL28VoHZLKRdMwTz3tMqHbMf\" rel=\"sponsored noopener nofollow\" target=\"_blank\"><img decoding=\"async\" alt=\"\" loading=\"lazy\" class=\"ResponsiveImageContainer-dkeESL cQPiWi responsive-image__image\"   src=\"https:\/\/www.europesays.com\/it\/wp-content\/uploads\/2026\/08\/1788185183_549_Senza%20titolo%20-%2022%20giugno%202026%20alle%20ore%2017.23.51%20(3).png\"\/><\/a><a tabindex=\"-1\" aria-hidden=\"true\" data-offer-retailer=\"mytheresa\" data-offer-url=\"https:\/\/www.mytheresa.com\/it\/it\/donna\/chloe-stivali-eve-85-in-pelle-con-decorazioni-marrone-p01102192\" class=\"external-link BaseLink-haTOKm ProductEmbedImageLink-jFLWFI jypDC EImPI\" data-event-click=\"{&quot;element&quot;:&quot;ExternalLink&quot;,&quot;outgoingURL&quot;:&quot;https:\/\/cna.st\/p\/37kfAvW35WtUUeimC8wGhsqRi37mibGRhbr44gatoTqRqHeGsJqq62pqZdsmiJfkpbn6ysWWAw4u39P5JSozfMaKNu9zBeN8QbG2UcfFnEVM7aibnLju8jHLLq3PAPR56i7CvWJEpTR5E9jQXpTbdPm212QSdfFgUkBWPkQkeQMNTwrw31zifA24FUTrZNmfkhYSeVnwEHN8J3LFtujexjToiaedsAToiFQWEih5o6NoyKQc5TrSgKxbDwQLwN6iokenSzNcVyAKJGsnuVuVXAXweZ8YjCNru1TdqBZZmSiJEsMah4G4oNegXzbwqyZRSFwamSuWcBxfErRDxBmpCcTyd13Rmxu3Z59ea9MZnGRzWcN4WByYGiZ6akktFyU4A3P9vesRnegNV8FrNa1cZpmErw3XkUtjxXSv5ht5APLAiJogNC94M8ixUsctj2kw9jxKENUSSUnwFsoUXD16KWjzS8j3Smij9V4n7nEr1e9aXMvXXSTtCm2GbQSui27eA5xHKj88i759omsqfbCVfUWD6jRKgUfgmQucHddPnXX6o1AHuupiCZdz7S5SgMDnVZyimELHifTadq3m6e6swj5yCG1Twhei2sgky3Fk6xVGZ9BZVxzM383RWHny8kXEvzCZK&quot;}\" href=\"https:\/\/cna.st\/p\/37kfAvW35WtUUeimC8wGhsqRi37mibGRhbr44gatoTqRqHeGsJqq62pqZdsmiJfkpbn6ysWWAw4u39P5JSozfMaKNu9zBeN8QbG2UcfFnEVM7aibnLju8jHLLq3PAPR56i7CvWJEpTR5E9jQXpTbdPm212QSdfFgUkBWPkQkeQMNTwrw31zifA24FUTrZNmfkhYSeVnwEHN8J3LFtujexjToiaedsAToiFQWEih5o6NoyKQc5TrSgKxbDwQLwN6iokenSzNcVyAKJGsnuVuVXAXweZ8YjCNru1TdqBZZmSiJEsMah4G4oNegXzbwqyZRSFwamSuWcBxfErRDxBmpCcTyd13Rmxu3Z59ea9MZnGRzWcN4WByYGiZ6akktFyU4A3P9vesRnegNV8FrNa1cZpmErw3XkUtjxXSv5ht5APLAiJogNC94M8ixUsctj2kw9jxKENUSSUnwFsoUXD16KWjzS8j3Smij9V4n7nEr1e9aXMvXXSTtCm2GbQSui27eA5xHKj88i759omsqfbCVfUWD6jRKgUfgmQucHddPnXX6o1AHuupiCZdz7S5SgMDnVZyimELHifTadq3m6e6swj5yCG1Twhei2sgky3Fk6xVGZ9BZVxzM383RWHny8kXEvzCZK\" rel=\"sponsored noopener nofollow\" target=\"_blank\"><img decoding=\"async\" alt=\"\" loading=\"lazy\" class=\"ResponsiveImageContainer-dkeESL cQPiWi responsive-image__image\"   src=\"https:\/\/www.europesays.com\/it\/wp-content\/uploads\/2026\/08\/1788185184_585_Senza%20titolo%20-%2022%20giugno%202026%20alle%20ore%2017.23.51%20(3).png\"\/><\/a><\/p>\n<p>Non solo la gonna scamosciata, tendenza soft chic da provare per i prossimi look autunnali, ad attirare la nostra attenzione \u00e8 stata (anche) la composizione della mise. Selena Gomez, insieme al marito <a href=\"https:\/\/www.vogue.it\/article\/selena-gomez-chi-e-benny-blanco\" target=\"_blank\" rel=\"nofollow noopener\">Benny Blanco<\/a>, \u00e8 sbarcata a Venezia con un look color toffee dai dettagli sofisticati, giocato sulla continuit\u00e0 cromatica e sulla ricchezza delle texture. La gonna di camoscio Gucci, lunga e fluida, \u00e8 stata abbinata a un top halter ton sur ton e a un paio di <a href=\"https:\/\/www.vogue.it\/article\/stivali-donna-modelli-tendenze-inverno\" target=\"_blank\" rel=\"nofollow noopener\">stivali<\/a> alti con il tacco. Un outfit dalle vibes anni &#8217;70, ma riletto in chiave contemporanea, perfettamente in sintonia con l&#8217;eleganza rilassata che la Gomez ha scelto per le sue prime ore in Laguna.<\/p>\n","protected":false},"excerpt":{"rendered":"Selena Gomez con stivali alti e gonna di camoscio Gucci: il look toffee al Festival di Venezia 2026&hellip;\n","protected":false},"author":3,"featured_media":658130,"comment_status":"","ping_status":"","sticky":false,"template":"","format":"standard","meta":{"footnotes":"","_share_on_mastodon":"0"},"categories":[1451],"tags":[1621,1620,203,53874,88210,45741,204,1537,90,89,3112,18669,5140],"class_list":["post-658129","post","type-post","status-publish","format-standard","has-post-thumbnail","category-celebrita","tag-celebrita","tag-celebrities","tag-entertainment","tag-festival-di-venezia","tag-gonna","tag-gonne","tag-intrattenimento","tag-it","tag-italia","tag-italy","tag-moda","tag-selena-gomez","tag-shopping"],"share_on_mastodon":{"url":"https:\/\/pubeurope.com\/@it\/117190512191482913","error":""},"_links":{"self":[{"href":"https:\/\/www.europesays.com\/it\/wp-json\/wp\/v2\/posts\/658129","targetHints":{"allow":["GET"]}}],"collection":[{"href":"https:\/\/www.europesays.com\/it\/wp-json\/wp\/v2\/posts"}],"about":[{"href":"https:\/\/www.europesays.com\/it\/wp-json\/wp\/v2\/types\/post"}],"author":[{"embeddable":true,"href":"https:\/\/www.europesays.com\/it\/wp-json\/wp\/v2\/users\/3"}],"replies":[{"embeddable":true,"href":"https:\/\/www.europesays.com\/it\/wp-json\/wp\/v2\/comments?post=658129"}],"version-history":[{"count":0,"href":"https:\/\/www.europesays.com\/it\/wp-json\/wp\/v2\/posts\/658129\/revisions"}],"wp:featuredmedia":[{"embeddable":true,"href":"https:\/\/www.europesays.com\/it\/wp-json\/wp\/v2\/media\/658130"}],"wp:attachment":[{"href":"https:\/\/www.europesays.com\/it\/wp-json\/wp\/v2\/media?parent=658129"}],"wp:term":[{"taxonomy":"category","embeddable":true,"href":"https:\/\/www.europesays.com\/it\/wp-json\/wp\/v2\/categories?post=658129"},{"taxonomy":"post_tag","embeddable":true,"href":"https:\/\/www.europesays.com\/it\/wp-json\/wp\/v2\/tags?post=658129"}],"curies":[{"name":"wp","href":"https:\/\/api.w.org\/{rel}","templated":true}]}}