{"id":658153,"date":"2026-08-31T14:25:25","date_gmt":"2026-08-31T14:25:25","guid":{"rendered":"https:\/\/www.europesays.com\/it\/658153\/"},"modified":"2026-08-31T14:25:25","modified_gmt":"2026-08-31T14:25:25","slug":"molteno-sg-volley-si-torna-in-palestra-per-la-stagione","status":"publish","type":"post","link":"https:\/\/www.europesays.com\/it\/658153\/","title":{"rendered":"Molteno, SG Volley: si torna in palestra per la stagione"},"content":{"rendered":"<p>\u00c8 tempo di tornare in palestra per la <strong>Polisportiva San Giorgio Volley Molteno<\/strong>. Dopo la pausa estiva, ragazze, allenatori e dirigenti hanno ripreso il lavoro con un obiettivo preciso: prepararsi al meglio per affrontare la nuova <strong>stagione 2026\/27<\/strong>, con entusiasmo, determinazione e tanta voglia di stare insieme.<br \/>Sar\u00e0 una nuova stagione come sottolinea <strong>Marco Rigamonti<\/strong>, presidente della Polisportiva San Giorgio Volley Molteno ASD: \u201cUna nuova annata tutta da vivere, fatta di emozioni, sfide e obiettivi da raggiungere. La passione \u00e8 sempre la stessa! Cos\u00ec come lo spirito che da sempre accompagna il gruppo: insieme, punto dopo punto, dentro e fuori dal campo\u201d.<img loading=\"lazy\" decoding=\"async\" style=\"display: block; margin-left: auto; margin-right: auto;\" src=\"https:\/\/www.europesays.com\/it\/wp-content\/uploads\/2026\/08\/Molteno_volley1.jpg\" alt=\"Molteno_volley1.jpg (299 KB)\" width=\"626\" height=\"559\"\/><\/p>\n<p>La preparazione \u00e8 iniziata con grande intensit\u00e0. Allenamenti, lavoro atletico, esercizi tecnici e tanta fatica sono ormai entrati nella quotidianit\u00e0 delle atlete moltenesi. \u201cPer arrivare pronte al campionato non esistono scorciatoie: servono costanza, sacrificio, concentrazione e la capacit\u00e0 di mettersi in gioco ogni giorno\u201d. Nemmeno il maltempo pu\u00f2 fermare la voglia di ricominciare. \u201cPiove? &#8211; prosegue Rigamonti, facendo emergere lo spirito della societ\u00e0 &#8211; Nessun problema. Il tempo pu\u00f2 mettere alla prova, ma non pu\u00f2 spegnere la grinta. Si torna in palestra, si lavora, si suda e si lotta insieme. Perch\u00e9 la determinazione non conosce ostacoli e la voglia di migliorarsi non si ferma davanti a qualche goccia di pioggia\u201d.<\/p>\n<p><img decoding=\"async\" style=\"display: block; margin-left: auto; margin-right: auto;\" src=\"https:\/\/www.europesays.com\/it\/wp-content\/uploads\/2026\/08\/Molteno_volley6.jpg\" alt=\"Molteno_volley6.jpg (143 KB)\"\/>La preparazione atletica rappresenta una parte fondamentale di questo percorso, come evidenzia il presidente: \u201cOgni giornata porta con s\u00e9 una nuova sfida e l&#8217;obiettivo \u00e8 quello di alzare, giorno dopo giorno, sempre un po&#8217; di pi\u00f9 l&#8217;asticella. Ogni esercizio, ogni ripetizione e ogni momento di fatica servono a costruire la squadra che scender\u00e0 in campo durante la nuova stagione. Non conta soltanto il risultato finale, ma soprattutto il percorso necessario per arrivarci\u201d.<br \/><img loading=\"lazy\" decoding=\"async\" style=\"display: block; margin-left: auto; margin-right: auto;\" src=\"https:\/\/www.europesays.com\/it\/wp-content\/uploads\/2026\/08\/Molteno_volley5.jpg\" alt=\"Molteno_volley5.jpg (128 KB)\" width=\"800\" height=\"360\"\/>La San Giorgio Volley Molteno vuole affrontare il nuovo campionato senza lasciare nulla al caso. \u201cLe ragazze &#8211; spiega Rigamonti &#8211; stanno lavorando con grinta ed entusiasmo, consapevoli che ogni dettaglio potr\u00e0 fare la differenza. Il lavoro degli allenatori \u00e8 fondamentale per accompagnarle nella crescita tecnica e atletica, mentre dirigenti e societ\u00e0 continuano a garantire il supporto indispensabile affinch\u00e9 il gruppo possa lavorare nelle migliori condizioni\u201d.<img loading=\"lazy\" decoding=\"async\" style=\"display: block; margin-left: auto; margin-right: auto;\" src=\"https:\/\/www.europesays.com\/it\/wp-content\/uploads\/2026\/08\/Molteno_volley2.jpg\" alt=\"Molteno_volley2.jpg (171 KB)\" width=\"705\" height=\"492\"\/>E poi c&#8217;\u00e8 la componente pi\u00f9 importante, quella della squadra. \u201cPerch\u00e9 nella pallavolo non si vince da soli. Ogni punto nasce dalla collaborazione, dalla fiducia e dalla capacit\u00e0 di aiutarsi a vicenda. Una ricezione, un\u2019alzata, un attacco, un muro o una difesa diventano parte di un unico movimento: quello della squadra. Anche per questo, alla San Giorgio Volley, tutti sono importanti\u201d. Tante sono le risorse su cui la societ\u00e0 conta, come mette in luce il presidente: \u201cIn primo luogo le ragazze, protagoniste sul campo e vero cuore pulsante della societ\u00e0. Poi gli allenatori e i dirigenti, chiamati quotidianamente a lavorare al loro fianco e a sostenerne la crescita. <img loading=\"lazy\" decoding=\"async\" style=\"display: block; margin-left: auto; margin-right: auto;\" src=\"https:\/\/www.europesays.com\/it\/wp-content\/uploads\/2026\/08\/Molteno_volley3.jpg\" alt=\"Molteno_volley3.jpg (277 KB)\" width=\"666\" height=\"623\"\/>E non da meno i genitori, presenza fondamentale nel percorso sportivo delle proprie figlie: esserci, sostenere, incoraggiare e accompagnare le ragazze, nei momenti belli cos\u00ec come in quelli pi\u00f9 difficili. Dopo giorni di duro lavoro \u00e8 arrivato anche l\u2019ultimo appuntamento della preparazione. Un&#8217;altra giornata di fatica e impegno, ma anche un ulteriore passo verso l&#8217;inizio della nuova avventura. Ora il lavoro svolto dovr\u00e0 trasformarsi in energia, consapevolezza e voglia di scendere finalmente in campo\u201d.<img loading=\"lazy\" decoding=\"async\" style=\"display: block; margin-left: auto; margin-right: auto;\" src=\"https:\/\/www.europesays.com\/it\/wp-content\/uploads\/2026\/08\/Molteno_volley4.jpg\" alt=\"Molteno_volley4.jpg (238 KB)\" width=\"664\" height=\"545\"\/>La stagione 2026\/2027 \u00e8 ormai ai nastri di partenza e per la San Giorgio Volley Molteno sar\u00e0 un&#8217;annata ancora pi\u00f9 speciale: la societ\u00e0 si prepara infatti a celebrare il 30\u00b0 anniversario dalla propria fondazione.<br \/>Il primo appuntamento \u00e8 gi\u00e0 fissato per sabato 5 settembre, quando le pi\u00f9 piccole saranno protagoniste di un torneo Under 13 organizzato presso l&#8217;oratorio San Giovanni Bosco. Al termine della manifestazione ci sar\u00e0 inoltre la possibilit\u00e0 di fermarsi per una cena a men\u00f9 fisso, trasformando la giornata sportiva in un momento di condivisione per atlete e famiglie.<img loading=\"lazy\" decoding=\"async\" style=\"display: block; margin-left: auto; margin-right: auto;\" src=\"https:\/\/www.europesays.com\/it\/wp-content\/uploads\/2026\/08\/Molteno_volley7.jpg\" alt=\"Molteno_volley7.jpg (306 KB)\" width=\"517\" height=\"731\"\/>I festeggiamenti ufficiali per il trentesimo anniversario sono invece in programma nel mese di ottobre, quando la societ\u00e0 celebrer\u00e0 questo importante traguardo.<br \/>Ora, per\u00f2, \u00e8 il momento di pensare al campo. La nuova stagione \u00e8 pronta a cominciare: \u201cMolteno vuole esserci con il suo entusiasmo, il suo cuore e il suo orgoglio. Stessa passione. Stesso entusiasmo. Nuovi obiettivi. E soprattutto, sempre insieme. Forza Molteno!\u201d.\u00a0<br \/><img loading=\"lazy\" decoding=\"async\" style=\"display: block; margin-left: auto; margin-right: auto;\" src=\"https:\/\/www.europesays.com\/it\/wp-content\/uploads\/2026\/08\/Locandina_MoltenoVolley.jpg\" alt=\"Locandina_MoltenoVolley.jpg (101 KB)\" width=\"518\" height=\"646\"\/>    \t\t<\/p>\n","protected":false},"excerpt":{"rendered":"\u00c8 tempo di tornare in palestra per la Polisportiva San Giorgio Volley Molteno. Dopo la pausa estiva, ragazze,&hellip;\n","protected":false},"author":3,"featured_media":658154,"comment_status":"","ping_status":"","sticky":false,"template":"","format":"standard","meta":{"footnotes":"","_share_on_mastodon":"0"},"categories":[1474],"tags":[1537,90,89,245,244,1869],"class_list":["post-658153","post","type-post","status-publish","format-standard","has-post-thumbnail","category-volley","tag-it","tag-italia","tag-italy","tag-sport","tag-sports","tag-volley"],"share_on_mastodon":{"url":"https:\/\/pubeurope.com\/@it\/117190587023041513","error":""},"_links":{"self":[{"href":"https:\/\/www.europesays.com\/it\/wp-json\/wp\/v2\/posts\/658153","targetHints":{"allow":["GET"]}}],"collection":[{"href":"https:\/\/www.europesays.com\/it\/wp-json\/wp\/v2\/posts"}],"about":[{"href":"https:\/\/www.europesays.com\/it\/wp-json\/wp\/v2\/types\/post"}],"author":[{"embeddable":true,"href":"https:\/\/www.europesays.com\/it\/wp-json\/wp\/v2\/users\/3"}],"replies":[{"embeddable":true,"href":"https:\/\/www.europesays.com\/it\/wp-json\/wp\/v2\/comments?post=658153"}],"version-history":[{"count":0,"href":"https:\/\/www.europesays.com\/it\/wp-json\/wp\/v2\/posts\/658153\/revisions"}],"wp:featuredmedia":[{"embeddable":true,"href":"https:\/\/www.europesays.com\/it\/wp-json\/wp\/v2\/media\/658154"}],"wp:attachment":[{"href":"https:\/\/www.europesays.com\/it\/wp-json\/wp\/v2\/media?parent=658153"}],"wp:term":[{"taxonomy":"category","embeddable":true,"href":"https:\/\/www.europesays.com\/it\/wp-json\/wp\/v2\/categories?post=658153"},{"taxonomy":"post_tag","embeddable":true,"href":"https:\/\/www.europesays.com\/it\/wp-json\/wp\/v2\/tags?post=658153"}],"curies":[{"name":"wp","href":"https:\/\/api.w.org\/{rel}","templated":true}]}}