{"id":658163,"date":"2026-08-31T14:32:14","date_gmt":"2026-08-31T14:32:14","guid":{"rendered":"https:\/\/www.europesays.com\/it\/658163\/"},"modified":"2026-08-31T14:32:14","modified_gmt":"2026-08-31T14:32:14","slug":"calciomercato-fiorentina-moise-kean-va-al-como-al-suo-posto-beto","status":"publish","type":"post","link":"https:\/\/www.europesays.com\/it\/658163\/","title":{"rendered":"Calciomercato Fiorentina: Moise Kean va al Como, al suo posto Beto"},"content":{"rendered":"<p>                                Nei giorni scorsi lo strappo dopo due stagioni in viola. Lo sostituir\u00e0 l&#8217;ex Udinese, arrivato a Firenze nel pomeriggio<\/p>\n<p class=\"paragraph\" spellcheck=\"true\">Moise Kean saluta Firenze e parte in direzione Como. La Fiorentina ha dato l\u2019autorizzazione alle visite mediche dopo che l&#8217;operazione era gi\u00e0 stata chiusa nei giorni scorsi per 35 milioni di base fissa a cui aggiungere dei bonus per arrivare a 40, la cifra richiesta dai viola per cederlo. L\u2019accordo era stato trovato gi\u00e0 da tempo ma per autorizzare la partenza e le visite con i lombardi, la Fiorentina stava aspettando di chiudere per il sostituto. A Firenze \u00e8 arrivato Beto nel primo pomeriggio e Kean ora pu\u00f2 cominciare la trafila con il Como, fra test e firma.\u00a0<\/p>\n<p>        L\u2019ADDIO\u2014 \u00a0<\/p>\n<p class=\"paragraph\" spellcheck=\"true\">Moise saluta cos\u00ec i colori viola dopo due stagioni, la prima ad altissimi livelli, la seconda con delle difficolt\u00e0 anche a causa dei problemi fisici, soprattutto alla tibia, che lo hanno condizionato. Ed \u00e9 una storia che si \u00e8 chiusa pure senza abbracci perch\u00e9 il legame si \u00e8 \u201cstrappato\u201d mercoled\u00ec scorso quando il centravanti \u00e8 arrivato in ritardo alla seduta di lavoro del mattino, chiedendo poi di non allenarsi per motivi di mercato. Il Como era gi\u00e0 diventato la priorit\u00e0 dell\u2019attaccante che, dopo il rilancio dei lariani, aveva dato il suo benestare al trasferimento, anche per tornare a giocare in Champions League. La Fiorentina lo aveva multato per poi riconvocarlo sempre per sedute individuale che Moise non ha mai saltato. Sabato infine la mancata convocazione per la sfida al Frosinone. Ora per lui si \u00e8 gi\u00e0 aperta un\u2019altra sfida.<\/p>\n","protected":false},"excerpt":{"rendered":"Nei giorni scorsi lo strappo dopo due stagioni in viola. Lo sostituir\u00e0 l&#8217;ex Udinese, arrivato a Firenze nel&hellip;\n","protected":false},"author":3,"featured_media":658164,"comment_status":"","ping_status":"","sticky":false,"template":"","format":"standard","meta":{"footnotes":"","_share_on_mastodon":"0"},"categories":[1452],"tags":[3973,3077,155041,721,445,3705,1277,2263,2266,1740,1537,90,89,11505,100807,427,21474,12917,3461,1739,245,244,7004],"class_list":["post-658163","post","type-post","status-publish","format-standard","has-post-thumbnail","category-calcio","tag-abbracci","tag-arrivato","tag-beto","tag-calcio","tag-chiusa","tag-como","tag-dato","tag-fiorentina","tag-firenze","tag-football","tag-it","tag-italia","tag-italy","tag-kean","tag-moise","tag-pomeriggio","tag-saluta","tag-scorsi","tag-sfida","tag-soccer","tag-sport","tag-sports","tag-viola"],"share_on_mastodon":{"url":"https:\/\/pubeurope.com\/@it\/117190613305625471","error":""},"_links":{"self":[{"href":"https:\/\/www.europesays.com\/it\/wp-json\/wp\/v2\/posts\/658163","targetHints":{"allow":["GET"]}}],"collection":[{"href":"https:\/\/www.europesays.com\/it\/wp-json\/wp\/v2\/posts"}],"about":[{"href":"https:\/\/www.europesays.com\/it\/wp-json\/wp\/v2\/types\/post"}],"author":[{"embeddable":true,"href":"https:\/\/www.europesays.com\/it\/wp-json\/wp\/v2\/users\/3"}],"replies":[{"embeddable":true,"href":"https:\/\/www.europesays.com\/it\/wp-json\/wp\/v2\/comments?post=658163"}],"version-history":[{"count":0,"href":"https:\/\/www.europesays.com\/it\/wp-json\/wp\/v2\/posts\/658163\/revisions"}],"wp:featuredmedia":[{"embeddable":true,"href":"https:\/\/www.europesays.com\/it\/wp-json\/wp\/v2\/media\/658164"}],"wp:attachment":[{"href":"https:\/\/www.europesays.com\/it\/wp-json\/wp\/v2\/media?parent=658163"}],"wp:term":[{"taxonomy":"category","embeddable":true,"href":"https:\/\/www.europesays.com\/it\/wp-json\/wp\/v2\/categories?post=658163"},{"taxonomy":"post_tag","embeddable":true,"href":"https:\/\/www.europesays.com\/it\/wp-json\/wp\/v2\/tags?post=658163"}],"curies":[{"name":"wp","href":"https:\/\/api.w.org\/{rel}","templated":true}]}}