{"id":658165,"date":"2026-08-31T14:33:15","date_gmt":"2026-08-31T14:33:15","guid":{"rendered":"https:\/\/www.europesays.com\/it\/658165\/"},"modified":"2026-08-31T14:33:15","modified_gmt":"2026-08-31T14:33:15","slug":"myriam-sylla-curiosita-fidanzato-dieta-e-segreti-fuori-dal-campo","status":"publish","type":"post","link":"https:\/\/www.europesays.com\/it\/658165\/","title":{"rendered":"Myriam Sylla curiosit\u00e0, fidanzato, dieta e segreti fuori dal campo"},"content":{"rendered":"<p class=\"paragraph\" spellcheck=\"true\">Una vita in azzurro, ma con mille sfumature a forgiarne la campionessa che \u00e8 oggi. A 31 anni <b>Myriam Sylla<\/b> \u00e8 una delle poche del gruppo di Velasco che tiene insieme due Italie: quella che ha vinto l\u2019Europeo nel 2021 e quella di oggi, che si presenta agli Europei da campione olimpica e mondiale.  Veterana dal gran sorriso.  Tanto nei momenti bui quanto in quelli d&#8217;oro, Myriam \u00e8 sempre stata la stessa. Il resto, intorno, \u00e8 cambiato parecchio.  Mai come in questa kermesse itinerante, la figura della schiacciatrice \u00e8 fondamentale. In un\u2019Italia costruita per attaccare, con Egonu in posto 2 e Antropova che Velasco ha spostato in posto 4 per affiancarla, qualcuno deve anche tenere insieme il resto. <b>Ricevere, difendere, coprire<\/b>. Fare quella parte di partita che non sempre finisce nelle foto. Nella scelta di Velasco di lanciare Antropova in un ruolo tanto complicato, c&#8217;era la certezza di poter contare su Myriam. Cos\u00ec l&#8217;Italia si \u00e8 retta in questa fase a gironi, nel momento del bisogno, dalle difese di Sylla, lasciando Antropova libera di scatenare la sua potenza d&#8217;attacco.   E infatti contro la Svezia, mentre Haak provava a tenere in piedi la partita, l\u2019Italia ha continuato a giocare senza sbandare. Tre set e terza vittoria. <b>Energia da conservare per le fasi a eliminazione diretta<\/b>. E dietro le schiacciate c\u2019\u00e8 anche il lavoro di chi in seconda linea ha tenuto serrati i ranghi.   Pi\u00f9 di una veterana, meglio definirla come la ragazza che non ha mai smesso di sognare. &#8220;A 31 anni un torneo lo affronti in maniera differente&#8221;, ha raccontato alla vigilia dell\u2019Europeo. Dice di sentirsi cresciuta, di avere imparato che non si pu\u00f2 avere tutto subito. Forse \u00e8 anche questo il suo ruolo: non essere il passato della Nazionale, ma una delle persone che aiutano il nuovo corso a stare in piedi.  E poi c\u2019\u00e8 quel modo l\u00ec di stare in campo. Energia, voce, presenza. La miccia in grado di accendere il gruppo, in caso ce ne fosse bisogno. E forse \u00e8 per questo che, anche mentre tutto cambia, Myriam Sylla continua a esserci.<\/p>\n","protected":false},"excerpt":{"rendered":"Una vita in azzurro, ma con mille sfumature a forgiarne la campionessa che \u00e8 oggi. A 31 anni&hellip;\n","protected":false},"author":3,"featured_media":658166,"comment_status":"","ping_status":"","sticky":false,"template":"","format":"standard","meta":{"footnotes":"","_share_on_mastodon":"0"},"categories":[1451],"tags":[11697,363193,363194,25653,262923,363195,11702,363196,6211,1548,1495,6676,18469,73913,3550,26857,64554,37,28157,6195,2295,921,6880,1621,1620,3220,934,3591,122,2276,3566,203,9606,3889,454,10408,4704,1889,1975,5181,4877,204,2632,1537,90,89,28772,1914,5735,61,1539,110018,13312,2508,92957,6843,2347,1290,7041,5385,4958,6715,494,1989,2301,1920,14203,11318,7318,27032,138,55579,9971,14493,22439,2181,40374,337,1857,2183,96403,13224,363192,659,7816,158519,15822,152674,24126,10728,4006,1869],"class_list":["post-658165","post","type-post","status-publish","format-standard","has-post-thumbnail","category-celebrita","tag-abbassare","tag-abbassare-rumore","tag-abbassare-rumore-respirazione","tag-abitudini","tag-abitudini-vivere","tag-abitudini-vivere-traffico","tag-accendere","tag-accendere-ce","tag-allenamenti","tag-allenamento","tag-altre","tag-antropova","tag-ascoltare","tag-ascoltare-musica","tag-atleta","tag-attaccare","tag-battaglie","tag-bisogno","tag-braccia","tag-cambia","tag-cambiato","tag-campo","tag-capire","tag-celebrita","tag-celebrities","tag-chiude","tag-continua","tag-corpo","tag-cose","tag-dare","tag-energia","tag-entertainment","tag-equilibrio","tag-europeo","tag-film","tag-frase","tag-gambe","tag-giocare","tag-giusto","tag-guarda","tag-imparato","tag-intrattenimento","tag-istanbul","tag-it","tag-italia","tag-italy","tag-leadership","tag-li","tag-mangiare","tag-mille","tag-musica","tag-myriam","tag-myriam-sylla","tag-nuove","tag-palazzetti","tag-palestra","tag-pallavolo","tag-partita","tag-pena","tag-pensare","tag-piace","tag-potenza","tag-punto","tag-racconta","tag-raccontato","tag-ragazza","tag-regola","tag-resto","tag-rispettare","tag-rumore","tag-ruolo","tag-schiacciate","tag-schiena","tag-semplice","tag-sentirsi","tag-serve","tag-sognare","tag-soprattutto","tag-squadra","tag-stare","tag-stare-campo","tag-sylla","tag-sylla-continua","tag-tante","tag-tenere","tag-torte","tag-velasco","tag-veterana","tag-vittorie","tag-vive","tag-vivere","tag-volley"],"share_on_mastodon":{"url":"","error":"Validation failed: Text character limit of 500 exceeded"},"_links":{"self":[{"href":"https:\/\/www.europesays.com\/it\/wp-json\/wp\/v2\/posts\/658165","targetHints":{"allow":["GET"]}}],"collection":[{"href":"https:\/\/www.europesays.com\/it\/wp-json\/wp\/v2\/posts"}],"about":[{"href":"https:\/\/www.europesays.com\/it\/wp-json\/wp\/v2\/types\/post"}],"author":[{"embeddable":true,"href":"https:\/\/www.europesays.com\/it\/wp-json\/wp\/v2\/users\/3"}],"replies":[{"embeddable":true,"href":"https:\/\/www.europesays.com\/it\/wp-json\/wp\/v2\/comments?post=658165"}],"version-history":[{"count":0,"href":"https:\/\/www.europesays.com\/it\/wp-json\/wp\/v2\/posts\/658165\/revisions"}],"wp:featuredmedia":[{"embeddable":true,"href":"https:\/\/www.europesays.com\/it\/wp-json\/wp\/v2\/media\/658166"}],"wp:attachment":[{"href":"https:\/\/www.europesays.com\/it\/wp-json\/wp\/v2\/media?parent=658165"}],"wp:term":[{"taxonomy":"category","embeddable":true,"href":"https:\/\/www.europesays.com\/it\/wp-json\/wp\/v2\/categories?post=658165"},{"taxonomy":"post_tag","embeddable":true,"href":"https:\/\/www.europesays.com\/it\/wp-json\/wp\/v2\/tags?post=658165"}],"curies":[{"name":"wp","href":"https:\/\/api.w.org\/{rel}","templated":true}]}}