{"id":658221,"date":"2026-08-31T15:13:14","date_gmt":"2026-08-31T15:13:14","guid":{"rendered":"https:\/\/www.europesays.com\/it\/658221\/"},"modified":"2026-08-31T15:13:14","modified_gmt":"2026-08-31T15:13:14","slug":"alex-ammendolia-muore-punto-da-una-vespa-in-montagna-il-sindacalista-aveva-38-anni","status":"publish","type":"post","link":"https:\/\/www.europesays.com\/it\/658221\/","title":{"rendered":"Alex Ammendolia muore punto da una vespa in montagna: il sindacalista aveva 38 anni"},"content":{"rendered":"<p>    di<br \/>\n    Floriana Rullo<\/p>\n<p class=\"summary-art is-line-h-12\">Noto per l&#8217;impegno nel Cub Sanit\u00e0 e sul fronte dell\u2019accoglienza di stranieri, ha subito uno choc anafilattico durante un gita con amici nel Cuneese<\/p>\n<p class=\"chapter-paragraph\">Stava trascorrendo la domenica in montagna, nel Cuneese, con gli amici quando \u00e8 stato punto da un insetto, con ogni probabilit\u00e0 una vespa o un&#8217;ape. Alex Ammendolia, <b>sindacalista<\/b>, \u00e8 morto a soli 38 anni. La puntura gli avrebbe provocato uno choc anafilattico che non gli ha lasciato scampo.\u00a0<\/p>\n<p>    L&#8217;escursione<\/p>\n<p class=\"chapter-paragraph\">\u00c8\u00a0successo durante un\u2019escursione in montagna con alcuni amici, nel Cuneese. Alex Ammendolia era nato ad <b>Aosta<\/b> il 10 giugno 1988, cresciuto a <b>Saint-Marcel<\/b>, dove vive la sua famiglia, e da alcuni anni si era trasferito a Torino.<br \/>La notizia della sua scomparsa si \u00e8 diffusa rapidamente negli ambienti sindacali suscitando numerosi messaggi di cordoglio. <br \/>Ammendolia<b> era molto conosciuto all\u2019interno del Cub Sanit\u00e0<\/b>, dove negli anni aveva costruito un percorso sindacale caratterizzato dall\u2019impegno nella difesa dei <b>diritti delle lavoratrici e dei lavoratori <\/b>e dove veniva considerato una delle figure giovani con maggiori prospettive di crescita e di assunzione di responsabilit\u00e0. Ma il suo impegno non si fermava alle vertenze nel mondo del lavoro.\u00a0    &#13;<br \/>\n&#13;<br \/>\n&#13;<br \/>\n&#13;<br \/>\n&#13;<br \/>\n&#13;<br \/>\n&#13;<br \/>\n&#13;<br \/>\n&#13;<br \/>\n&#13;<br \/>\n&#13;<br \/>\n&#13;<br \/>\n&#13;<br \/>\n&#13;<br \/>\n&#13;<br \/>\n&#13;<br \/>\n&#13;<br \/>\n&#13;<br \/>\n&#13;<br \/>\n&#13;<br \/>\n&#13;<br \/>\n&#13;<br \/>\n&#13;<br \/>\n&#13;<br \/>\n&#13;<br \/>\n&#13;<br \/>\n&#13;<br \/>\n&#13;<br \/>\n&#13;<br \/>\n&#13;<br \/>\n&#13;<br \/>\n&#13;<br \/>\n&#13;<br \/>\n&#13;<br \/>\n&#13;<br \/>\n&#13;<br \/>\n&#13;<br \/>\n&#13;<br \/>\n&#13;<br \/>\n&#13;<br \/>\n&#13;<br \/>\n&#13;<br \/>\n&#13;<br \/>\n&#13;<br \/>\n&#13;<br \/>\n&#13;<br \/>\n&#13;<br \/>\n&#13;<br \/>\n&#13;<br \/>\n&#13;<br \/>\n&#13;<br \/>\n&#13;<br \/>\n&#13;\n<\/p>\n<p>    Il cordoglio di Avs<\/p>\n<p class=\"chapter-paragraph\">Ammendolia era molto impegnato anche sul fronte dell\u2019accoglienza e dei diritti degli stranieri e collaborava con la<b> cooperativa Babel<\/b>, impegnata nei servizi rivolti ai migranti. Un\u2019attivit\u00e0 che si inseriva in un percorso pi\u00f9 ampio di attenzione alle persone in condizioni di fragilit\u00e0.. \u00abLa notizia della sua scomparsa ci addolora profondamente. Con Alex perdiamo un compagno che ha saputo distinguersi per il suo impegno, la sua generosit\u00e0, la sua sensibilit\u00e0 umana e la sua costante attenzione verso i diritti delle lavoratrici e dei lavoratori\u00bb. Cordoglio anche da parte della capogruppo di<b> Alleanza Verdi e Sinistra i<\/b>n Regione, <b>Alice Ravinale<\/b>, che sui social ha scritto: \u00abMancherai enormemente.<\/p>\n<p class=\"is-mr-t-20 is-mr-b-20\"><b><br \/>\n                    <a href=\"https:\/\/torino.corriere.it\/?intcmp=Notizielocali_nd_010623_corriere_ss_nd\" target=\"_blank\" rel=\"nofollow noopener\">Vai a tutte le notizie di Torino<\/a><br \/>\n            <\/b><\/p>\n<p class=\"chapter-paragraph\"><b><a href=\"https:\/\/www.corriere.it\/newsletter\/?theme=35&amp;intcmp=IIIcolonna_NL_CorTorino\" target=\"_blank\" rel=\"nofollow noopener\">Iscriviti alla newsletter di Corriere Torino<\/a><\/b><\/p>\n<p class=\"is-last-update\" datetime=\"2026-08-31T15:51:08+02:00\">31 agosto 2026 ( modifica il 31 agosto 2026 | 15:51)<\/p>\n<p class=\"is-copyright\">\n            \u00a9 RIPRODUZIONE RISERVATA\n        <\/p>\n","protected":false},"excerpt":{"rendered":"di Floriana Rullo Noto per l&#8217;impegno nel Cub Sanit\u00e0 e sul fronte dell\u2019accoglienza di stranieri, ha subito uno&hellip;\n","protected":false},"author":3,"featured_media":658222,"comment_status":"","ping_status":"","sticky":false,"template":"","format":"standard","meta":{"footnotes":"","_share_on_mastodon":"0"},"categories":[79],"tags":[18954,3658,363204,1266,363205,363203,55083,2109,23006,43437,2287,14,93,94,79802,363206,36238,880,363207,1167,1537,90,89,14274,7,15,11,84,91,12,85,92],"class_list":["post-658221","post","type-post","status-publish","format-standard","has-post-thumbnail","category-italia","tag-accoglienza","tag-alex","tag-alex-ammendolia","tag-amici","tag-amici-cuneese","tag-ammendolia","tag-anafilattico","tag-attenzione","tag-choc","tag-choc-anafilattico","tag-cordoglio","tag-cronaca","tag-cronaca-italiana","tag-cronacaitaliana","tag-cub","tag-cub-sanita","tag-cuneese","tag-diritti","tag-diritti-lavoratrici","tag-impegno","tag-it","tag-italia","tag-italy","tag-montagna","tag-news","tag-notizie","tag-ultime-notizie","tag-ultime-notizie-e-news-di-oggi","tag-ultime-notizie-italia","tag-ultimenotizie","tag-ultimenotizieenewsdioggi","tag-ultimenotizieitalia"],"share_on_mastodon":{"url":"","error":""},"_links":{"self":[{"href":"https:\/\/www.europesays.com\/it\/wp-json\/wp\/v2\/posts\/658221","targetHints":{"allow":["GET"]}}],"collection":[{"href":"https:\/\/www.europesays.com\/it\/wp-json\/wp\/v2\/posts"}],"about":[{"href":"https:\/\/www.europesays.com\/it\/wp-json\/wp\/v2\/types\/post"}],"author":[{"embeddable":true,"href":"https:\/\/www.europesays.com\/it\/wp-json\/wp\/v2\/users\/3"}],"replies":[{"embeddable":true,"href":"https:\/\/www.europesays.com\/it\/wp-json\/wp\/v2\/comments?post=658221"}],"version-history":[{"count":0,"href":"https:\/\/www.europesays.com\/it\/wp-json\/wp\/v2\/posts\/658221\/revisions"}],"wp:featuredmedia":[{"embeddable":true,"href":"https:\/\/www.europesays.com\/it\/wp-json\/wp\/v2\/media\/658222"}],"wp:attachment":[{"href":"https:\/\/www.europesays.com\/it\/wp-json\/wp\/v2\/media?parent=658221"}],"wp:term":[{"taxonomy":"category","embeddable":true,"href":"https:\/\/www.europesays.com\/it\/wp-json\/wp\/v2\/categories?post=658221"},{"taxonomy":"post_tag","embeddable":true,"href":"https:\/\/www.europesays.com\/it\/wp-json\/wp\/v2\/tags?post=658221"}],"curies":[{"name":"wp","href":"https:\/\/api.w.org\/{rel}","templated":true}]}}