{"id":658240,"date":"2026-08-31T15:32:20","date_gmt":"2026-08-31T15:32:20","guid":{"rendered":"https:\/\/www.europesays.com\/it\/658240\/"},"modified":"2026-08-31T15:32:20","modified_gmt":"2026-08-31T15:32:20","slug":"alfa-e-gigi-dalessio-il-videoclip-del-duetto-genova-e-napoli-i-sky-tg24","status":"publish","type":"post","link":"https:\/\/www.europesays.com\/it\/658240\/","title":{"rendered":"Alfa e Gigi D&#8217;Alessio, il videoclip del duetto Genova e Napoli I Sky TG24"},"content":{"rendered":"<p><strong>Alfa<\/strong> e <strong>Gigi<\/strong> <strong>D\u2019Alessio<\/strong> hanno pubblicato la collaborazione Genova e Napoli. Parallelamente, i due artisti hanno lanciato il videoclip ufficiale della canzone presentata allo Stadio Luigi Ferraris di Genova in occasione della prima giornata di campionato di Serie A.<\/p>\n<p>\t\t \talfa e gigi d\u2019alessio, il videoclip di genova e napoli<\/p>\n<p>\u00a0<\/p>\n<p>Venerd\u00ec 28 agosto <a data-intcmp=\"skytg24_foglia articolo_interlink_text\" href=\"https:\/\/tg24.sky.it\/spettacolo\/musica\/2026\/08\/28\/alfa-gigi-d-alessio-genova-e-napoli\" rel=\"nofollow noopener\" target=\"_blank\">Alfa<\/a> e <a data-intcmp=\"skytg24_foglia articolo_interlink_text\" href=\"https:\/\/tg24.sky.it\/spettacolo\/2025\/12\/02\/gigi-dalessio-album-nuje\" rel=\"nofollow noopener\" target=\"_blank\">Gigi D\u2019Alessio<\/a> ha lanciato l\u2019atteso duetto Genova e Napoli. I due artisti hanno commentato l\u2019uscita del brano scrivendo su Instagram: \u201cUn omaggio a due citt\u00e0 lontane che ti segnano in modo simile. Se ci nasci te le ritrovi nel carattere, nel modo di parlare e di stare al mondo. Non \u00e8 un caso che dai loro mari siano nate cos\u00ec tante canzoni. Questa \u00e8 la nostra\u201d. Inoltre, Gigi D\u2019Alessio e Alfa hanno lanciato il videoclip della canzone collezionando migliaia di visualizzazioni su YouTube in pochi giorni.<\/p>\n<p>\t\t\t<a class=\"c-inline-card j-inline-card c-inline-card--with-image\" href=\"https:\/\/tg24.sky.it\/spettacolo\/musica\/2026\/08\/28\/alfa-gigi-d-alessio-genova-e-napoli\" rel=\"follow nofollow noopener\" data-intcmp=\"skytg24_articolo_approfondimenti_inline\" target=\"_blank\"><\/p>\n<p>\t\t\t         <img decoding=\"async\" crossorigin=\"anonymous\" alt=\"\"  loading=\"lazy\"  src=\"https:\/\/www.europesays.com\/it\/wp-content\/uploads\/2026\/08\/1788190337_994_alfa-gigi-d-alessio-ipa.jpg\"\/><\/p>\n<p>\n\t\t\t         Approfondimento<br \/>\n\t\t\t         Alfa e Gigi D&#8217;Alessio, \u00e8 uscito il singolo Genova e Napoli\n\t\t\t      <\/p>\n<p>\t\t\t<\/a><\/p>\n<p>Il 14 novembre Gigi D\u2019Alessio torner\u00e0 a esibirsi con il concerto in programma al Palazzo dello Sport di <strong>Roma<\/strong>. In seguito, il cantautore porter\u00e0 la sua musica in molte altre citt\u00e0 italiane: da <strong>Bologna<\/strong> a <strong>Torino<\/strong> passando per <strong>Bergamo<\/strong>, <strong>Padova<\/strong>, <strong>Reggio<\/strong> <strong>Calabria<\/strong>, <strong>Bari<\/strong> e <strong>Firenze<\/strong>. Questo il calendario completo con tutti i dettagli degli spettacoli:<\/p>\n<ul>\n<li>14\/11 ROMA &#8211; Palazzo dello Sport<\/li>\n<li>15\/11 BOLOGNA &#8211; Unipol Arena<\/li>\n<li>25\/11 BERGAMO &#8211; Choruslife Arena<\/li>\n<li>27\/11 PADOVA &#8211; Kioene Arena<\/li>\n<li>04\/12 REGGIO CALABRIA &#8211; PalaCalafiore<\/li>\n<li>07\/12 BARI &#8211; PalaFlorio<\/li>\n<li>19\/12 FIRENZE &#8211; Nelson Mandela Forum<\/li>\n<li>23\/12 TORINO &#8211; Inalpi Arena **precedentemente previsto il 26\/03\/2026<\/li>\n<\/ul>\n<p>\u00a0<\/p>\n<p>Sabato 5 settembre Alfa (<strong><a data-intcmp=\"skytg24_foglia articolo_interlink_text\" href=\"https:\/\/tg24.sky.it\/spettacolo\/musica\/approfondimenti\/alfa-sanremo-2024\" rel=\"nofollow noopener\" target=\"_blank\">FOTO<\/a><\/strong>) riprender\u00e0 la tourn\u00e8e con lo spettacolo in programma al Teatro Antico di <strong>Taormina<\/strong>. Successivamente, il cantautore si esibir\u00e0 a <strong>Verona<\/strong>, <strong>Genova<\/strong> e <strong>Milano<\/strong>. Ecco tutte le prossime date:<\/p>\n<ul>\n<li>5 settembre &#8211; TAORMINA, Teatro Antico<\/li>\n<li>23 settembre &#8211; VERONA, Arena di Verona<\/li>\n<li>16 ottobre &#8211; GENOVA, Palateknoship<\/li>\n<li>17 ottobre &#8211; GENOVA, Palateknoship<\/li>\n<li>24 ottobre &#8211; MILANO, Unipol Forum<\/li>\n<\/ul>\n<p>\t\t\t<a class=\"c-inline-card j-inline-card c-inline-card--with-image\" href=\"https:\/\/tg24.sky.it\/spettacolo\/musica\/2026\/01\/23\/gigi-d-alessio-mezze-verita\" rel=\"follow nofollow noopener\" data-intcmp=\"skytg24_articolo_approfondimenti_inline\" target=\"_blank\"><\/p>\n<p>\t\t\t         <img decoding=\"async\" crossorigin=\"anonymous\" alt=\"\"  loading=\"lazy\"  src=\"https:\/\/www.europesays.com\/it\/wp-content\/uploads\/2026\/02\/gigidalessiogetty.jpg\"\/><\/p>\n<p>\n\t\t\t         Approfondimento<br \/>\n\t\t\t         Gigi D\u2019Alessio, testo e significato del singolo Mezze verit\u00e0\n\t\t\t      <\/p>\n<p>\t\t\t<\/a><\/p>\n","protected":false},"excerpt":{"rendered":"Alfa e Gigi D\u2019Alessio hanno pubblicato la collaborazione Genova e Napoli. Parallelamente, i due artisti hanno lanciato il&hellip;\n","protected":false},"author":3,"featured_media":658241,"comment_status":"","ping_status":"","sticky":false,"template":"","format":"standard","meta":{"footnotes":"","_share_on_mastodon":"0"},"categories":[1443],"tags":[11234,9797,203,204,1537,90,89,1538,1539,19133],"class_list":["post-658240","post","type-post","status-publish","format-standard","has-post-thumbnail","category-musica","tag-alfa","tag-canzoni","tag-entertainment","tag-intrattenimento","tag-it","tag-italia","tag-italy","tag-music","tag-musica","tag-videoclip"],"share_on_mastodon":{"url":"https:\/\/pubeurope.com\/@it\/117190849870011634","error":""},"_links":{"self":[{"href":"https:\/\/www.europesays.com\/it\/wp-json\/wp\/v2\/posts\/658240","targetHints":{"allow":["GET"]}}],"collection":[{"href":"https:\/\/www.europesays.com\/it\/wp-json\/wp\/v2\/posts"}],"about":[{"href":"https:\/\/www.europesays.com\/it\/wp-json\/wp\/v2\/types\/post"}],"author":[{"embeddable":true,"href":"https:\/\/www.europesays.com\/it\/wp-json\/wp\/v2\/users\/3"}],"replies":[{"embeddable":true,"href":"https:\/\/www.europesays.com\/it\/wp-json\/wp\/v2\/comments?post=658240"}],"version-history":[{"count":0,"href":"https:\/\/www.europesays.com\/it\/wp-json\/wp\/v2\/posts\/658240\/revisions"}],"wp:featuredmedia":[{"embeddable":true,"href":"https:\/\/www.europesays.com\/it\/wp-json\/wp\/v2\/media\/658241"}],"wp:attachment":[{"href":"https:\/\/www.europesays.com\/it\/wp-json\/wp\/v2\/media?parent=658240"}],"wp:term":[{"taxonomy":"category","embeddable":true,"href":"https:\/\/www.europesays.com\/it\/wp-json\/wp\/v2\/categories?post=658240"},{"taxonomy":"post_tag","embeddable":true,"href":"https:\/\/www.europesays.com\/it\/wp-json\/wp\/v2\/tags?post=658240"}],"curies":[{"name":"wp","href":"https:\/\/api.w.org\/{rel}","templated":true}]}}