{"id":658259,"date":"2026-08-31T15:47:18","date_gmt":"2026-08-31T15:47:18","guid":{"rendered":"https:\/\/www.europesays.com\/it\/658259\/"},"modified":"2026-08-31T15:47:18","modified_gmt":"2026-08-31T15:47:18","slug":"uyba-2026-27-da-busto-a-busto-la-favola-della-farfalla-maia-monaco-malpensa24","status":"publish","type":"post","link":"https:\/\/www.europesays.com\/it\/658259\/","title":{"rendered":"Uyba 2026\/27: da Busto a Busto, la favola della farfalla Maia Monaco MALPENSA24"},"content":{"rendered":"<p><a title=\"Screenshot\" href=\"https:\/\/www.malpensa24.it\/uyba-2026-27-da-busto-a-busto-la-favola-della-farfalla-maia-monaco\/screenshot-1345\/\" rel=\"nofollow noopener\" target=\"_blank\"><img fetchpriority=\"high\" width=\"600\" height=\"337\" src=\"https:\/\/www.europesays.com\/it\/wp-content\/uploads\/2026\/08\/Maia-Monaco-1-600x337.jpg\" class=\"attachment-mh-magazine-content size-mh-magazine-content wp-post-image\" alt=\"\" title=\"Screenshot\" loading=\"eager\" decoding=\"async\"  \/><\/a><br \/>\nE&#8217; nata a Busto e gioca a Busto: la farfalla Maia Carlotta Monaco<\/p>\n<p><strong>BUSTO ARSIZIO<\/strong> \u2013 Da bruco a farfalla!<br \/>Terza settimana di preparazione in casa <a style=\"color: #ff0000;\" href=\"https:\/\/www.malpensa24.it\/?s=uyba\" target=\"_blank\" rel=\"noopener nofollow\"><strong>Laica Uyba<\/strong><\/a>. che marted\u00ec accoglier\u00e0 in Arena il secondo allenatore <strong>Martino Volpini, <\/strong>reduce dal\u00a0buon Campionato Europeo disputato sulla panchina della Slovacchia e<\/p>\n<p>Le farfalle di coach Barbolini, che nel week-end hanno applaudito l\u2019argento delle compagne <strong>Battista e Marchesini<\/strong> ai Giochi del Mediterraneo (per le due azzurre l\u2019adunata suoner\u00e0 il 7 settembre), si ritrovano da luned\u00ec a venerd\u00ec in Arena e-work per alzare ulteriormente l\u2019asticella.<\/p>\n<p>Asticella che sar\u00e0 chiamata ad alzare anche <strong>Maia Carlotta Monaco<\/strong>, l\u2019unica <strong>bustocca doc<\/strong> della rosa biancorossa (a lei il compito di fare da Cicerone alla palladiana Munarini), pronta a cimentarsi nella sua prima esperienza in A1, proprio in quel Palasport dove tutto \u00e8 iniziato\u2026<\/p>\n<p>Prima di sentire la sua voce, ripercorriamo per\u00f2 la sua storia: da Busto a Busto<\/p>\n<p>B300: volley da 7 anni<\/p>\n<p><img loading=\"lazy\" decoding=\"async\" class=\"alignleft wp-image-843750 size-thumbnail\" src=\"https:\/\/www.europesays.com\/it\/wp-content\/uploads\/2026\/05\/monaco7-1-150x150.jpg\" alt=\"\" width=\"150\" height=\"150\"\/>Maia Carlotta Monaco, nata il 12 luglio 2006 a Busto Arsizio, \u00e8 una centrale che incarna alla perfezione l\u2019idea di sviluppo continuo: un talento che cresce stagione dopo stagione, senza salti nel vuoto, ma con una progressione solida, coerente, costruita attraverso esperienze che l\u2019hanno resa giocatrice. I suoi\u00a0<strong>186 centimetri, i 318 di salto in attacco e i 298 a muro,<\/strong>\u00a0raccontano un profilo importante, ma \u00e8 la sua attitudine a fare la differenza:\u00a0<strong>gioca da quando aveva sette anni<\/strong>\u00a0(nella foto) e lo dice con una semplicit\u00e0 che spiega tutto, perch\u00e9 la pallavolo \u00e8 diventata ci\u00f2 che ama di pi\u00f9 nella vita.<\/p>\n<p>Da Busto a\u2026 Busto<\/p>\n<p><img loading=\"lazy\" decoding=\"async\" class=\"alignright wp-image-843753 size-thumbnail\" src=\"https:\/\/www.europesays.com\/it\/wp-content\/uploads\/2026\/05\/59229045-A9D6-4616-BCC7-970D14C1-150x150.jpg\" alt=\"\" width=\"150\" height=\"150\"\/>Il percorso di Maia parte da Busto Arsizio, nel vivaio della\u00a0<strong>Futura Giovani<\/strong>, dove muove i primi passi e dove impara (anche \u201cspazzettando\u201d il taraflex) cosa significhi crescere in un ambiente che pretende, forma e responsabilizza. Da l\u00ec arriva il biennio al\u00a0<strong>Club Italia<\/strong>, il passaggio che segna davvero la sua identit\u00e0 tecnica: due stagioni in cui affronta avversarie pi\u00f9 esperte, si misura con ritmi pi\u00f9 alti e impara a stare dentro partite che non perdonano.<\/p>\n<p>Predestinata<\/p>\n<p><img loading=\"lazy\" decoding=\"async\" class=\"wp-image-843758 size-thumbnail alignleft\" src=\"https:\/\/www.europesays.com\/it\/wp-content\/uploads\/2026\/05\/Monacoazzurra-1-150x150.jpg\" alt=\"\" width=\"150\" height=\"150\"\/><\/p>\n<p>\u00c8 in quel contesto che emergono i primi segnali di leadership precoce, confermati dai premi internazionali che la mettono subito in evidenza:\u00a0<strong>miglior centrale all\u2019Europeo U16 2021<\/strong>,\u00a0<strong>miglior servitore al WEVZA U17 2022<\/strong>.<br \/>Due riconoscimenti (condivisi con i suoi primi tifosi: mamma Alessandra e pap\u00e0 Massimiliano, presenza costante in Arena in questa fase della preparazione) che non arrivano per caso e che raccontano una giocatrice capace di incidere in fondamentali diversi, con una naturalezza che non appartiene a tutte.<\/p>\n<p>I numeri<\/p>\n<p><img loading=\"lazy\" decoding=\"async\" class=\"alignright wp-image-843759 size-thumbnail\" src=\"https:\/\/www.europesays.com\/it\/wp-content\/uploads\/2026\/05\/monacoaltino-1-150x150.jpg\" alt=\"\" width=\"150\" height=\"150\"\/>Il passaggio a\u00a0<strong>Lecco<\/strong>\u00a0e poi ad\u00a0<strong>Altino<\/strong>\u00a0(nella foto) completa la sua formazione: due stagioni in cui si prende responsabilit\u00e0 vere, gioca con continuit\u00e0, affronta la\u00a0<strong>Serie A2 da protagonista<\/strong>\u00a0e chiude l\u2019ultimo anno con numeri che parlano chiaro:\u00a0<strong>23 partite, 66 punti, 13 muri vincenti, un\u2019efficienza offensiva del 32.7%<\/strong>. Non sono cifre da promessa, ma da giocatrice che sa stare in campo e che sa come pesare dentro una partita.<\/p>\n<p>Il terzetto delle farfalle<\/p>\n<p><img loading=\"lazy\" decoding=\"async\" class=\"alignleft wp-image-843797 size-thumbnail\" src=\"https:\/\/www.europesays.com\/it\/wp-content\/uploads\/2026\/05\/monacoWevza-150x150.jpg\" alt=\"\" width=\"150\" height=\"150\"\/>Il suo cammino in azzurro aggiunge un tassello fondamentale. Condivide esperienze, vittorie e responsabilit\u00e0 con\u00a0<strong>Asia Spaziano<\/strong>\u00a0e con\u00a0<strong>Dalila<\/strong>\u00a0<strong>Marchesini<\/strong>, con cui conquista anche il WEVZA 2021 (nella foto).<br \/>Le tre si ritrovano oggi alla UYBA dopo aver attraversato tappe formative comuni e aver costruito una chimica che non si improvvisa. \u00c8 un <strong>blocco giovane, ambizioso<\/strong>, che porta a Busto Arsizio un\u2019identit\u00e0 gi\u00e0 definita e una mentalit\u00e0 vincente.<\/p>\n<p>Il programma day by day<\/p>\n<p style=\"text-align: center;\"><strong>Luned\u00ec 31 agosto<\/strong><\/p>\n<p style=\"text-align: center;\">9.30-12: seduta pesi<br \/>17-19: palla<\/p>\n<p style=\"text-align: center;\"><strong>Marted\u00ec 1 settembre<\/strong><\/p>\n<p style=\"text-align: center;\">9.30-12: seduta pesi<br \/>17-19: palla<\/p>\n<p style=\"text-align: center;\"><strong>Mercoled\u00ec 2<\/strong><\/p>\n<p style=\"text-align: center;\">17-19.00: palla<\/p>\n<p style=\"text-align: center;\"><strong>Gioved\u00ec 3\u00a0<\/strong><\/p>\n<p style=\"text-align: center;\">9.30-12: seduta pesi<br \/>17-19: palla<\/p>\n<p style=\"text-align: center;\"><strong>Venerd\u00ec 4\u00a0<\/strong><\/p>\n<p style=\"text-align: center;\">9.30-12: seduta pesi<br \/>17-19: palla<\/p>\n<p style=\"text-align: center;\"><strong>Sabato 5\u00a0<\/strong><\/p>\n<p style=\"text-align: center;\">Liberi<\/p>\n<p style=\"text-align: center;\"><strong>Domenica 6<\/strong><\/p>\n<p style=\"text-align: center;\">liberi<\/p>\n<p>\u00a0<\/p>\n<p>Uyba 2026\/27 by M24<\/p>\n<p>28 agosto: le <a href=\"https:\/\/www.malpensa24.it\/uyba-2026-27-generazione-under-barbolini-lavora-le-baby-crescono\/\" target=\"_blank\" rel=\"noopener nofollow\"><strong>tre farfalline<\/strong><\/a> della new generation (video)<\/p>\n<p>26 agosto: Uyba c\u2019\u00e8 il primo <a href=\"https:\/\/www.malpensa24.it\/uyba-2026-27-effetto-japan-ce-il-primo-abbonato-giapponese\/\" target=\"_blank\" rel=\"noopener nofollow\"><strong>abbonato giapponese<\/strong><\/a><\/p>\n<p>25 agosto: il saluto dell\u2019<a href=\"https:\/\/www.malpensa24.it\/uyba-2026-27-il-saluto-dellassessore-folegani-benvenute-a-busto\/\" target=\"_blank\" rel=\"noopener nofollow\"><strong>Assessore<\/strong><\/a>\u00a0(video)<\/p>\n<p>21 agosto:\u00a0<a href=\"https:\/\/www.malpensa24.it\/uyba-2026-27-asia-spaziano-la-meglio-gioventu-in-regia\/\" target=\"_blank\" rel=\"noopener nofollow\"><strong>Asia Spaziano<\/strong><\/a>\u00a0\u00e8 spaziale (video)<\/p>\n<p>20 agosto: Malual \u00e8 una\u00a0<a href=\"https:\/\/www.malpensa24.it\/uyba-2026-27-ajack-malual-torna-a-casa-e-mostra-i-muscoli-voglio-essere-una-spugna\/\" target=\"_blank\" rel=\"noopener nofollow\"><strong>spugna<\/strong><\/a>\u00a0(video)<\/p>\n<p>19 agosto: muri e sorrisi,\u00a0<a href=\"https:\/\/www.malpensa24.it\/uyba-2026-27-muri-e-buonumore-la-nuova-farfalla-matilde-munarini-fa-gia-centro\/\" target=\"_blank\" rel=\"noopener nofollow\"><strong>Matilde Munarini<\/strong><\/a>\u00a0(video)<\/p>\n<p>18 agosto: le\u00a0<a href=\"https:\/\/www.malpensa24.it\/uyba-2026-27-le-sei-regine-cuori-il-primo-allenamento-e-un-bagno-di-calore\/\" target=\"_blank\" rel=\"noopener nofollow\"><strong>sei regine di cuori\u00a0<\/strong><\/a>\u00a0(video)<\/p>\n<p>17 agosto: raduno Uyba, al via la\u00a0<a href=\"https:\/\/www.malpensa24.it\/raduno-uyba-2026-27-al-via-la-ventesima-stagione-di-fila-in-serie-a1\/\" target=\"_blank\" rel=\"noopener nofollow\"><strong>XX stagione in A1<\/strong><\/a>\u00a0(video)<\/p>\n<p>16 agosto: scatta la\u00a0<a href=\"https:\/\/www.malpensa24.it\/e-tempo-di-uyba-dopo-ferragosto-scatta-la-nuova-stagione-lunedi-il-raduno-martedi-labbraccio-coi-tifosi\/\" target=\"_blank\" rel=\"noopener nofollow\"><strong>nuova stagione<\/strong><\/a><\/p>\n<blockquote class=\"wp-embedded-content\" data-secret=\"s88lbI66k4\">\n<p><a href=\"https:\/\/www.malpensa24.it\/pro-patria-club-milano-1-0-baraye-gol-tigrotti-avanti-in-coppa-mercato-ecco-maddalon\/\" rel=\"nofollow noopener\" target=\"_blank\">Pro Patria-Club Milano: 1-0. Baraye gol, tigrotti avanti in Coppa. Mercato: ecco Maddalon<\/a><\/p>\n<\/blockquote>\n<p>Uyba Maia Monaco \u2013 MALPENSA 24<\/p>\n<p>Visited 188 times, 210 visit(s) today<\/p>\n<p>\t<a class=\"mh-facebook\" href=\"#\" onclick=\"window.open('https:\/\/www.facebook.com\/sharer.php?u=https%3A%2F%2Fwww.malpensa24.it%2Fuyba-2026-27-da-busto-a-busto-la-favola-della-farfalla-maia-monaco%2F&amp;t=Uyba+2026%2F27%3A+da+Busto+a+Busto%2C+la+favola+della+farfalla+Maia+Monaco', 'facebookShare', 'width=626,height=436'); return false;\" title=\"Condividi su Facebook\"><\/p>\n<p>\t<\/a><br \/>\n\t<a class=\"mh-twitter\" href=\"#\" onclick=\"window.open('https:\/\/twitter.com\/share?text=Uyba+2026%2F27%3A+da+Busto+a+Busto%2C+la+favola+della+farfalla+Maia+Monaco:&amp;url=https%3A%2F%2Fwww.malpensa24.it%2Fuyba-2026-27-da-busto-a-busto-la-favola-della-farfalla-maia-monaco%2F', 'twitterShare', 'width=626,height=436'); return false;\" title=\"Twitta Questo Articolo\"><\/p>\n<p>\t<\/a><br \/>\n\t<a class=\"mh-linkedin\" href=\"#\" onclick=\"window.open('https:\/\/www.linkedin.com\/shareArticle?mini=true&amp;url=https%3A%2F%2Fwww.malpensa24.it%2Fuyba-2026-27-da-busto-a-busto-la-favola-della-farfalla-maia-monaco%2F&amp;source=\" return=\"\" false=\"\" title=\"Share on LinkedIn\"><\/p>\n<p>\t<\/a><br \/>\n\t<a class=\"mh-pinterest\" href=\"#\" onclick=\"window.open('https:\/\/pinterest.com\/pin\/create\/button\/?url=https%3A%2F%2Fwww.malpensa24.it%2Fuyba-2026-27-da-busto-a-busto-la-favola-della-farfalla-maia-monaco%2F&amp;media=https:\/\/www.malpensa24.it\/wp-content\/uploads\/2026\/08\/Maia-Monaco-1.jpg&amp;description=Uyba+2026%2F27%3A+da+Busto+a+Busto%2C+la+favola+della+farfalla+Maia+Monaco', 'pinterestShare', 'width=750,height=350'); return false;\" title=\"Pin This Post\"><\/p>\n<p>\t<\/a><br \/>\n\t<a class=\"mh-email\" href=\"mailto:?subject=Uyba%202026%2F27%3A%20da%20Busto%20a%20Busto%2C%20la%20favola%20della%20farfalla%20Maia%20Monaco&amp;body=https%3A%2F%2Fwww.malpensa24.it%2Fuyba-2026-27-da-busto-a-busto-la-favola-della-farfalla-maia-monaco%2F\" title=\"Manda ad un amico\" target=\"_blank\"><\/p>\n<p>\t<\/a><br \/>\n\t<a class=\"mh-print\" href=\"https:\/\/www.malpensa24.it\/uyba-2026-27-da-busto-a-busto-la-favola-della-farfalla-maia-monaco\/javascript:window.print()\" title=\"Print this article\" rel=\"nofollow noopener\" target=\"_blank\"><\/p>\n<p>\t<\/a><br \/>\n    <a class=\"mh-whatsapp\" href=\"#\" onclick=\"window.open('https:\/\/api.whatsapp.com\/send?phone={phone_number}&amp;text=Uyba+2026%2F27%3A+da+Busto+a+Busto%2C+la+favola+della+farfalla+Maia+Monaco:&amp;url=https%3A%2F%2Fwww.malpensa24.it%2Fuyba-2026-27-da-busto-a-busto-la-favola-della-farfalla-maia-monaco%2F', 'whatsappShare', 'width=626,height=436'); return false;\" title=\"Share on Whatsapp\"><\/p>\n<p>    <\/a><br \/>\n\t<a class=\"mh-mastodon\" href=\"#\" onclick=\"window.open('https:\/\/mastodonshare.com\/share?text=Uyba+2026%2F27%3A+da+Busto+a+Busto%2C+la+favola+della+farfalla+Maia+Monaco:&amp;url=https%3A%2F%2Fwww.malpensa24.it%2Fuyba-2026-27-da-busto-a-busto-la-favola-della-farfalla-maia-monaco%2F', 'mustodonShare', 'width=626,height=436'); return false;\" title=\"Share On Mastodon\"><\/p>\n<p>\t\t\t<img decoding=\"async\" src=\"https:\/\/www.europesays.com\/it\/wp-content\/uploads\/2026\/07\/mostadon-logo.png\" height=\"25px\" width=\"20px\"\/><\/p>\n<p>\t<\/a><\/p>\n<p>\t<script async src=\"https:\/\/platform.twitter.com\/widgets.js\" charset=\"utf-8\"><\/script><\/p>\n","protected":false},"excerpt":{"rendered":"E&#8217; nata a Busto e gioca a Busto: la farfalla Maia Carlotta Monaco BUSTO ARSIZIO \u2013 Da bruco&hellip;\n","protected":false},"author":3,"featured_media":658260,"comment_status":"","ping_status":"","sticky":false,"template":"","format":"standard","meta":{"footnotes":"","_share_on_mastodon":"0"},"categories":[1474],"tags":[1537,90,89,245,244,1869],"class_list":["post-658259","post","type-post","status-publish","format-standard","has-post-thumbnail","category-volley","tag-it","tag-italia","tag-italy","tag-sport","tag-sports","tag-volley"],"share_on_mastodon":{"url":"https:\/\/pubeurope.com\/@it\/117190909072047578","error":""},"_links":{"self":[{"href":"https:\/\/www.europesays.com\/it\/wp-json\/wp\/v2\/posts\/658259","targetHints":{"allow":["GET"]}}],"collection":[{"href":"https:\/\/www.europesays.com\/it\/wp-json\/wp\/v2\/posts"}],"about":[{"href":"https:\/\/www.europesays.com\/it\/wp-json\/wp\/v2\/types\/post"}],"author":[{"embeddable":true,"href":"https:\/\/www.europesays.com\/it\/wp-json\/wp\/v2\/users\/3"}],"replies":[{"embeddable":true,"href":"https:\/\/www.europesays.com\/it\/wp-json\/wp\/v2\/comments?post=658259"}],"version-history":[{"count":0,"href":"https:\/\/www.europesays.com\/it\/wp-json\/wp\/v2\/posts\/658259\/revisions"}],"wp:featuredmedia":[{"embeddable":true,"href":"https:\/\/www.europesays.com\/it\/wp-json\/wp\/v2\/media\/658260"}],"wp:attachment":[{"href":"https:\/\/www.europesays.com\/it\/wp-json\/wp\/v2\/media?parent=658259"}],"wp:term":[{"taxonomy":"category","embeddable":true,"href":"https:\/\/www.europesays.com\/it\/wp-json\/wp\/v2\/categories?post=658259"},{"taxonomy":"post_tag","embeddable":true,"href":"https:\/\/www.europesays.com\/it\/wp-json\/wp\/v2\/tags?post=658259"}],"curies":[{"name":"wp","href":"https:\/\/api.w.org\/{rel}","templated":true}]}}