{"id":658267,"date":"2026-08-31T15:54:19","date_gmt":"2026-08-31T15:54:19","guid":{"rendered":"https:\/\/www.europesays.com\/it\/658267\/"},"modified":"2026-08-31T15:54:19","modified_gmt":"2026-08-31T15:54:19","slug":"adani-critiche-ad-allegri-dopo-napoli-como-attacco-e-polemiche-social","status":"publish","type":"post","link":"https:\/\/www.europesays.com\/it\/658267\/","title":{"rendered":"Adani, critiche ad Allegri dopo Napoli Como: attacco e polemiche social"},"content":{"rendered":"<p>                                Tra citazioni pungenti e frecciatine social, va in scena un&#8217;altra puntata dell&#8217;eterna lite tra i due: la sconfitta coi lombardi riaccende la sfida a distanza tra l&#8217;opinionista Rai e il tecnico azzurro<\/p>\n<p>\n                                                                    Alessandra Vaccaro\n                            <\/p>\n<p>                    31 agosto (modifica alle 16:40)  &#8211; NAPOLI<\/p>\n<p>        <a href=\"https:\/\/www.gazzetta.it\/en\/football\/italian-football\/serie-a\/31-08-2026\/adani-criticises-allegri-after-napoli-como-sparking-social-media-row.shtml\" class=\"button button--link-dark\" rel=\"nofollow noopener\" target=\"_blank\"><\/p>\n<p>            English version<\/p>\n<p>        <\/a><\/p>\n<p class=\"paragraph\" spellcheck=\"true\">La <a href=\"https:\/\/www.gazzetta.it\/Calcio\/Serie-A\/Napoli\/30-08-2026\/napoli-como-live-risultato-e-gol-in-diretta-serie-a.shtml?intcmp=hyperlink-articolo-gazit\" rel=\"nofollow noopener\" target=\"_blank\">sconfitta del Napoli, all\u2019esordio stagionale al Maradona contro il Como di Fabregas,<\/a> \u00e8 un invito a nozze per Lele Adani. L\u2019opinionista Rai non perde tempo per scagliarsi contro Massimiliano Allegria, in tv e sui social. A caldo, subito dopo la partita, si lascia andare ad una disamina piuttosto dura a La Domenica Sportiva: \u201cBellezza del Como? Non sono d\u2019accordo sul discorso della bellezza, altrimenti dai modo di descrivere il calcio solo su un aspetto ludico ed estetico e quindi dai modo e possibilit\u00e0 a chi riduce per arrivare a una deduzione. Invece, per arrivare ad un concetto bisogna approfondire, non ridurre tutto al fatto che per giocare e per divertirsi si va al circo, invece no, perch\u00e9 il Como ha dominato\u201d.\u00a0<\/p>\n<p>    la metafora\u2014 \u00a0<\/p>\n<p class=\"paragraph is-inline\" spellcheck=\"true\">A Simona Rolandi che gli fa notare che quella del circo \u00e8 una metafora di Max, Adani risponde: \u201cAllegri lo pu\u00f2 dire una volta ogni due o tre anni, sai quanti lo dicono animati dal nulla per ridurre. Per arrivare a ridurre riducendo, invece bisogna approfondire. Ecco perch\u00e9 non mi faccio bastare la parola bellezza intesa solo come possesso palla, non serve a nulla. Oggi c\u2019\u00e8 stato altro, c\u2019\u00e8 stato pi\u00f9 possesso, pi\u00f9 tiri, pi\u00f9 contrasti, pi\u00f9 dribbling, pi\u00f9 intercetti, pi\u00f9 tackle, pi\u00f9 passaggi, posso andare avanti fino a domattina. Perch\u00e9 dominare non vuol dire solo essere belli per poi dire a chi descrive chi domina come o filosofi o gente che bada solo all\u2019estetica e quindi non pensare all\u2019efficacia. Tenere il pallone, recuperarlo, l\u2019attenzione, la compattezza, il passaggio corto, il passaggio lungo, l\u2019efficacia nei tiri, la concentrazione nella tua area e in quella avversaria \u00e8 ci\u00f2 che serve per vincere\u201d. Incalzato da Adriano Panatta, sulle qualit\u00e0 del Como, sempre in diretta Rai, Adani spiega: \u201cNe ha davvero tante. Ha una grande comunione di intenti tra le aree della societ\u00e0, parlano la stessa lingua. Ha un allenatore con delle idee uniche. Uniche in Italia, ma che richiamano ci\u00f2 che si chiede spesso nel calcio internazionale. In pi\u00f9, credo che mantengano, nonostante la crescita, fame ed ambizione\u201d.<\/p>\n<p>    adani ci ricasca\u00a0\u2014 \u00a0<\/p>\n<p class=\"paragraph is-inline\" spellcheck=\"true\">L\u2019invettiva in diretta tv contro Massimiliano Allegri \u00e8 stata immediatamente divulgata anche sui social, suscitando la reazione dei napoletani e non solo. Tra gli utenti che si sono riversati sotto il post, pubblicato da Adani in collaborazione con la Rai, c\u2019\u00e8 chi, questa volta, per colpire l\u2019ex difensore ha fatto riferimento alla finale del Mondiale: \u201cSiamo perfettamente d\u2019accordo con questa riflessione su Spagna-Argentina cit.\u201d. Mentre alla maggior parte dei followers non \u00e8 sfuggito un aspetto: \u201cSpiegazione di filosofia per dire che il Como ha fatto una buona partita\u201d. E poi ci sono i tifosi del Napoli: \u201cLo sappiamo che odi Allegri, ma almeno prova ad essere imparziale\u201d.<\/p>\n<p>    le reazioni\u00a0\u2014 \u00a0<\/p>\n<p class=\"paragraph is-inline\" spellcheck=\"true\">La saga calcistica che, da anni, sta tenendo gli appassionati di calcio attaccati alla tv e ai social. Se alla prima di campionato, sembrava essersi aperto uno spiraglio distensivo nel duello mediatico tra il talent Rai e l\u2019allenatore del Napoli, la d\u00e9faillance contro il Como ha riportato tutto alla normalit\u00e0, si fa per dire. La filippica di Adani dopo la gara col Como ha sciolto ogni dubbio anche sul post della precedente giornata di campionato. Lele, infatti, dopo la gara a Marassi ha prontamente pubblicato su Instagram un video di Allegri in panchina, intento a dare indicazioni ai suoi, con la didascalia: \u201cLa direzione \u00e8 nitida, la richiesta sicura, il gesticolare descrive, senza esitare, il verbo come unica via da perseguire. Ci voglio credere ancora. A Napoli si deve fare calcio\u201d. Quel verbo che, stando alle ultime dichiarazioni di Adani, non \u00e8 stato perseguito da Allegri al Maradona. Pertanto, non c\u2019\u00e8 alcun dubbio sul video postato dopo la gara col Genoa, nessun tentativo di riappacificazione, solo ironia e sarcasmo. Nel botta e risposta (pochissime le repliche di Max), che va avanti dal 2019, dallo scontro in diretta tv a Sky Sport, non sono mancati momenti di pausa. Un paio di anni fa, mentre impazzava il dissing mediatico tra Tony Effe e Fedez, Lele ha rispolverato proprio il primo litigio con il tecnico azzurro, ripubblicando la scena su Instagram: \u201cMa che ne sanno i giovani Max\u2026 #dissingdelsecolo\u201d.<\/p>\n<p><a class=\"is-partner-link\" href=\"https:\/\/ad.doubleclick.net\/ddm\/trackclk\/N1792338.340088CAIRORCSMEDIAS.P.\/B28038690.452531709;dc_trk_aid=646241311;dc_trk_cid=173665161;dc_lat=;dc_rdid=;tag_for_child_directed_treatment=;tfua=;gdpr=%24%7BGDPR%7D;gdpr_consent=%24%7BGDPR_CONSENT_755%7D;ltd=;dc_tdv=1\" rel=\"nofollow noopener\" target=\"_blank\">Guarda tutte le partite di Serie A Enilive in esclusiva nei locali Sky! Trova il locale pi\u00f9 vicino a te.<\/a><\/p>\n<p class=\"paragraph\" spellcheck=\"true\">A meno di clamorosi colpi di scena, la querelle tra Allegri e Adani \u00e8 destinata a tenere banco per l\u2019intera stagione. Unico spoiler: previste scene avvincenti negli incroci con squadre propositive.<\/p>\n<p class=\"is-copyright\">\u00a9 RIPRODUZIONE RISERVATA<\/p>\n","protected":false},"excerpt":{"rendered":"Tra citazioni pungenti e frecciatine social, va in scena un&#8217;altra puntata dell&#8217;eterna lite tra i due: la sconfitta&hellip;\n","protected":false},"author":3,"featured_media":658268,"comment_status":"","ping_status":"","sticky":false,"template":"","format":"standard","meta":{"footnotes":"","_share_on_mastodon":"0"},"categories":[1452],"tags":[579,53691,3076,1960,2537,32,10691,36,8788,7920,10721,3439,363214,5804,721,1856,483,16444,3705,363215,81737,5631,42073,44295,1341,2600,1740,629,230,1537,90,89,51451,11997,10367,3444,15080,57285,248,85448,363216,1290,2511,16737,978,6148,2848,3717,2986,12044,2181,1739,1686,245,244,3375,253],"class_list":["post-658267","post","type-post","status-publish","format-standard","has-post-thumbnail","category-calcio","tag-accordo","tag-adani","tag-allegri","tag-allenatore","tag-altra","tag-andare","tag-approfondire","tag-arrivare","tag-aspetto","tag-azzurro","tag-bellezza","tag-bisogna","tag-bisogna-approfondire","tag-botta","tag-calcio","tag-campionato","tag-cio","tag-circo","tag-como","tag-como-dominato","tag-descrive","tag-diretta","tag-diretta-tv","tag-dominato","tag-dubbio","tag-efficacia","tag-football","tag-gara","tag-instagram","tag-it","tag-italia","tag-italy","tag-lele","tag-maradona","tag-massimiliano","tag-max","tag-mediatico","tag-metafora","tag-napoli","tag-opinionista","tag-opinionista-rai","tag-partita","tag-passaggio","tag-possesso","tag-post","tag-pubblicato","tag-rai","tag-ridurre","tag-scena","tag-sconfitta","tag-serve","tag-soccer","tag-social","tag-sport","tag-sports","tag-tecnico","tag-tv"],"share_on_mastodon":{"url":"","error":"Validation failed: Text character limit of 500 exceeded"},"_links":{"self":[{"href":"https:\/\/www.europesays.com\/it\/wp-json\/wp\/v2\/posts\/658267","targetHints":{"allow":["GET"]}}],"collection":[{"href":"https:\/\/www.europesays.com\/it\/wp-json\/wp\/v2\/posts"}],"about":[{"href":"https:\/\/www.europesays.com\/it\/wp-json\/wp\/v2\/types\/post"}],"author":[{"embeddable":true,"href":"https:\/\/www.europesays.com\/it\/wp-json\/wp\/v2\/users\/3"}],"replies":[{"embeddable":true,"href":"https:\/\/www.europesays.com\/it\/wp-json\/wp\/v2\/comments?post=658267"}],"version-history":[{"count":0,"href":"https:\/\/www.europesays.com\/it\/wp-json\/wp\/v2\/posts\/658267\/revisions"}],"wp:featuredmedia":[{"embeddable":true,"href":"https:\/\/www.europesays.com\/it\/wp-json\/wp\/v2\/media\/658268"}],"wp:attachment":[{"href":"https:\/\/www.europesays.com\/it\/wp-json\/wp\/v2\/media?parent=658267"}],"wp:term":[{"taxonomy":"category","embeddable":true,"href":"https:\/\/www.europesays.com\/it\/wp-json\/wp\/v2\/categories?post=658267"},{"taxonomy":"post_tag","embeddable":true,"href":"https:\/\/www.europesays.com\/it\/wp-json\/wp\/v2\/tags?post=658267"}],"curies":[{"name":"wp","href":"https:\/\/api.w.org\/{rel}","templated":true}]}}