{"id":658269,"date":"2026-08-31T15:55:14","date_gmt":"2026-08-31T15:55:14","guid":{"rendered":"https:\/\/www.europesays.com\/it\/658269\/"},"modified":"2026-08-31T15:55:14","modified_gmt":"2026-08-31T15:55:14","slug":"frank-matano-e-diventato-papa-la-dedica-dolcissima-alla-compagna-dopo-la-nascita-del-figlio","status":"publish","type":"post","link":"https:\/\/www.europesays.com\/it\/658269\/","title":{"rendered":"Frank Matano \u00e8 diventato pap\u00e0, la dedica dolcissima alla compagna dopo la nascita del figlio"},"content":{"rendered":"<p><strong>Frank Matano<\/strong> \u00e8 diventato pap\u00e0 per la prima volta e, coerentemente con la riservatezza che negli ultimi anni ha accompagnato la sua vita privata, ha aspettato qualche giorno prima di condividere la felicit\u00e0 con il pubblico.<\/p>\n<p>A dare l\u2019annuncio \u00e8 stato lo stesso comico e conduttore, 36 anni, attraverso una fotografia pubblicata su Instagram: uno scatto intimo, lontano da qualsiasi costruzione, nel quale tiene il neonato tra le braccia davanti a una finestra.<\/p>\n<p>Una nascita tenuta lontana dai riflettori fino all\u2019ultimo, proprio come la<strong> storia d\u2019amore con Ylenia Azzurretti<\/strong>, regista e sceneggiatrice con la quale Matano fa coppia da diversi anni. Anche nel momento pi\u00f9 emozionante, per\u00f2, il comico casertano non ha rinunciato a quella leggerezza che ha caratterizzato tutta la sua carriera.<\/p>\n<p>Frank Matano pap\u00e0, l\u2019annuncio dolcissimo del comico<\/p>\n<p><strong>\u201cTanto grato di averti nella mia vita e di poter essere al fianco della mia amata Ylenia Azzurretti\u201d<\/strong>. Sono le parole scelte da Matano per raccontare per la prima volta pubblicamente l\u2019arrivo di Marcello.<\/p>\n<p>Poi, inevitabilmente, la battuta: <strong>\u201cMarcello ha solo quattro giorni ma si comporta gi\u00e0 come se ne avesse otto\u201d<\/strong>. Un modo tutto suo per presentare il primogenito, mescolando emozione e ironia anche in un momento cos\u00ec personale.<\/p>\n<blockquote class=\"instagram-media\" data-instgrm-captioned=\"\" data-instgrm-permalink=\"https:\/\/www.instagram.com\/p\/DctGb0hBLsS\/?utm_source=ig_embed&amp;utm_campaign=loading\" data-instgrm-version=\"14\" style=\" background:#FFF; border:0; border-radius:3px; box-shadow:0 0 1px 0 rgba(0,0,0,0.5),0 1px 10px 0 rgba(0,0,0,0.15); margin: 1px; max-width:100%; min-width:326px; padding:0; width:99.375%; width:-webkit-calc(100% - 2px); width:calc(100% - 2px);\"\/>\n<p>La fotografia mostra <a href=\"https:\/\/dilei.it\/lifestyle\/frank-matano-esordi\/412006\/\" data-doctype=\"\" rel=\"nofollow noopener\" target=\"_blank\">Matano<\/a> di profilo, <strong>con il bambino stretto tra le braccia<\/strong>. Nessun annuncio precedente e nessun racconto in tempo reale della nascita: il conduttore ha preferito vivere privatamente i primi giorni da padre prima di rendere partecipe il pubblico.<\/p>\n<p>Sotto il post sono arrivati rapidamente gli auguri di amici e colleghi. <strong>Elettra Lamborghini<\/strong> ha dato il benvenuto al piccolo Marcellino, mentre <strong>Maria Sole Pollio<\/strong> ha scritto: \u201cAugurissimi ragazzi belli\u201d. Tra i tanti messaggi anche quelli di Edoardo Ferrario, Gabriele Dello Buono, Micol Sarfatti e Celeste Pistillo.<\/p>\n<p>Chi \u00e8 Ylenia Azzurretti, la compagna rimasta lontana dai riflettori<\/p>\n<p>Dietro l\u2019annuncio c\u2019\u00e8 una storia sentimentale che Matano ha sempre protetto dall\u2019esposizione mediatica. <a href=\"https:\/\/dilei.it\/vip\/ylenia-azzurretti-chi\/2446701\/\" data-doctype=\"\" rel=\"nofollow noopener\" target=\"_blank\">Ylenia Azzurretti<\/a>, 36 anni, \u00e8 <strong>regista e sceneggiatrice<\/strong> e condivide con il compagno anche le origini casertane.<\/p>\n<p>I due<strong> si sono conosciuti durante il periodo della pandemia<\/strong> grazie ad alcuni amici in comune. Era stato lo stesso Matano a raccontare le circostanze del loro primo incontro: \u201cLei \u00e8 di un paese vicino al mio, vicino a Carinola, e ci siamo conosciuti tramite comitiva. Ci siamo incontrati al tempo del Covid tramite amici di amici\u201d.<\/p>\n<p>Da allora la relazione \u00e8 cresciuta lontano dalle copertine e dalla necessit\u00e0 di raccontare ogni passaggio sui social. Poche apparizioni, dichiarazioni centellinate e <strong>una quotidianit\u00e0 mantenuta il pi\u00f9 possibile privata<\/strong>. Una scelta che la coppia ha rispettato anche durante <a href=\"https:\/\/dilei.it\/vip\/frank-matano-papa-fidanzata-ylenia-azzurretti-incinta\/2446452\/\" data-doctype=\"\" rel=\"nofollow noopener\" target=\"_blank\">l\u2019attesa del loro primo figlio<\/a>.<\/p>\n<blockquote class=\"instagram-media\" data-instgrm-captioned=\"\" data-instgrm-permalink=\"https:\/\/www.instagram.com\/p\/Cw7MenKoEVV\/?utm_source=ig_embed&amp;utm_campaign=loading\" data-instgrm-version=\"14\" style=\" background:#FFF; border:0; border-radius:3px; box-shadow:0 0 1px 0 rgba(0,0,0,0.5),0 1px 10px 0 rgba(0,0,0,0.15); margin: 1px; max-width:100%; min-width:326px; padding:0; width:99.375%; width:-webkit-calc(100% - 2px); width:calc(100% - 2px);\"\/>\n<p>Marcello e il nuovo capitolo nella vita di Frank Matano<\/p>\n<p>La <strong>nascita di Marcello<\/strong> apre cos\u00ec un capitolo completamente nuovo per Frank Matano. Una svolta personale per un artista che il pubblico ha conosciuto inizialmente attraverso il web, prima del successo in televisione e al cinema.<\/p>\n<p>Dagli scherzi telefonici diventati virali agli anni da <strong>giudice di Italia\u2019s Got Talent<\/strong>, passando per film, programmi televisivi e progetti comici, Matano ha costruito gran parte della propria popolarit\u00e0 proprio sulla capacit\u00e0 di raccontarsi attraverso l\u2019ironia.<\/p>\n<p>La vita sentimentale, invece, \u00e8 rimasta quasi sempre fuori dalla scena. Anche <strong>l\u2019annuncio della paternit\u00e0<\/strong> rispetta questo equilibrio: una sola fotografia, poche righe e nessuna sovraesposizione.<\/p>\n<p>\t\t\t\tScopri i personaggi in trend, le storie del momento e molto altro.<br \/>Dove? Sul <a href=\"https:\/\/whatsapp.com\/channel\/0029Vb68mVyHVvTWezDm7d0R\" target=\"_blank\" rel=\"noopener nofollow\">canale WhatsApp di DiLei!<\/a><\/p>\n<p>\t\t\t<a class=\"buttonCall\" href=\"https:\/\/whatsapp.com\/channel\/0029Vb68mVyHVvTWezDm7d0R\" target=\"_blank\" rel=\"noopener nofollow\" title=\"Seguici su WhatsApp\"><br \/>\n\t\t\t\tSeguici su WhatsApp<br \/>\n\t\t\t<\/a><\/p>\n<p>\t<script async src=\"\/\/www.instagram.com\/embed.js\"><\/script><\/p>\n","protected":false},"excerpt":{"rendered":"Frank Matano \u00e8 diventato pap\u00e0 per la prima volta e, coerentemente con la riservatezza che negli ultimi anni&hellip;\n","protected":false},"author":3,"featured_media":658270,"comment_status":"","ping_status":"","sticky":false,"template":"","format":"standard","meta":{"footnotes":"","_share_on_mastodon":"0"},"categories":[1451],"tags":[788,1621,1620,203,5208,204,1537,90,89,86],"class_list":["post-658269","post","type-post","status-publish","format-standard","has-post-thumbnail","category-celebrita","tag-bambini","tag-celebrita","tag-celebrities","tag-entertainment","tag-felicita","tag-intrattenimento","tag-it","tag-italia","tag-italy","tag-vip"],"share_on_mastodon":{"url":"https:\/\/pubeurope.com\/@it\/117190939738557314","error":""},"_links":{"self":[{"href":"https:\/\/www.europesays.com\/it\/wp-json\/wp\/v2\/posts\/658269","targetHints":{"allow":["GET"]}}],"collection":[{"href":"https:\/\/www.europesays.com\/it\/wp-json\/wp\/v2\/posts"}],"about":[{"href":"https:\/\/www.europesays.com\/it\/wp-json\/wp\/v2\/types\/post"}],"author":[{"embeddable":true,"href":"https:\/\/www.europesays.com\/it\/wp-json\/wp\/v2\/users\/3"}],"replies":[{"embeddable":true,"href":"https:\/\/www.europesays.com\/it\/wp-json\/wp\/v2\/comments?post=658269"}],"version-history":[{"count":0,"href":"https:\/\/www.europesays.com\/it\/wp-json\/wp\/v2\/posts\/658269\/revisions"}],"wp:featuredmedia":[{"embeddable":true,"href":"https:\/\/www.europesays.com\/it\/wp-json\/wp\/v2\/media\/658270"}],"wp:attachment":[{"href":"https:\/\/www.europesays.com\/it\/wp-json\/wp\/v2\/media?parent=658269"}],"wp:term":[{"taxonomy":"category","embeddable":true,"href":"https:\/\/www.europesays.com\/it\/wp-json\/wp\/v2\/categories?post=658269"},{"taxonomy":"post_tag","embeddable":true,"href":"https:\/\/www.europesays.com\/it\/wp-json\/wp\/v2\/tags?post=658269"}],"curies":[{"name":"wp","href":"https:\/\/api.w.org\/{rel}","templated":true}]}}