{"id":658288,"date":"2026-08-31T16:06:15","date_gmt":"2026-08-31T16:06:15","guid":{"rendered":"https:\/\/www.europesays.com\/it\/658288\/"},"modified":"2026-08-31T16:06:15","modified_gmt":"2026-08-31T16:06:15","slug":"sanchez-reti-russe-e-israeliane-hanno-diffuso-false-informazioni-su-ceuta","status":"publish","type":"post","link":"https:\/\/www.europesays.com\/it\/658288\/","title":{"rendered":"Sanchez: &#8220;Reti russe e israeliane hanno diffuso false informazioni su Ceuta&#8221;"},"content":{"rendered":"\n<p>\u201cCi sono state reti russe e israeliane che hanno diffuso una menzogna\u201d, dando a intendere che \u201cse si entrava a nuoto nella citt\u00e0 autonoma di Ceuta, era impossibile il respingimento alla frontiera, cosa che non \u00e8 vera\u201d: ci va gi\u00f9 duro, Pedro Sanchez, in un&#8217;intervista alla radio Cadena Ser. Il premier spagnolo avvisa che \u201c\u00e8 stata travisata una sentenza del Tribunale Supremo, che \u00e8 stata diffusa nelle reti social attraverso false notizie di disinformazione, anche mediante organizzazioni criminali\u201d. Il capo del governo di Madrid ha associato la disinformazione a \u201cun&#8217;<strong>internazionale dell&#8217;ultradestra\u00a0<\/strong>che utilizza sempre la migrazione non solo per attaccare la Spagna ma anche l&#8217;Europa, e dividerla\u201d.<\/p>\n<p>Alle forti parole del premier hanno replicato qualche ora dopo sia Israele che la Russia: \u201c<strong>Il premier Sanchez mente spudoratamente<\/strong>. Nella sua intervista odierna a Cadena Ser, ha mentito di nuovo, accusando sorprendentemente Israele di diffondere false informazioni sugli eventi di Ceuta. Questa \u00e8 una palese menzogna. Continuare a diffondere bugie diffamatorie non distoglier\u00e0 l&#8217;attenzione dal vergognoso fallimento di Sanchez nella gestione degli affari del suo Paese\u201d ha scritto su X il ministro degli Esteri israeliano <strong>Gideon Sa&#8217;ar. <\/strong>Anche il portavoce presidenziale russo, Dmitry Peskov ha affermato che<strong> la Russia \u201cnon ha avuto alcun ruolo\u201d <\/strong>nella crisi migratoria di Ceuta. Peskov, parlando con la testata Rbc, ha cos\u00ec risposto alle accuse mosse contro Mosca.<\/p>\n<p>La crisi migratoria che a fine luglio ha tenuto banco in tutta Europa, con l\u2019<a target=\"_blank\" rel=\"noopener noreferrer nofollow\" href=\"https:\/\/www.rainews.it\/articoli\/2026\/08\/ceuta-madrid-no-prove-che-marocco-sia-dietro-a-crisi-4-militari-feriti-in-imboscata-disordini-di-migranti-2bcdd768-77df-44e6-9880-776d8640b03c.html\">arrivo di decine di migliaia di migranti dal Marocco all\u2019interno dell\u2019exclave spagnola in Nordafrica<\/a>, a un mese dall\u2019apice dell\u2019emergenza, tiene ancora banco. Tanto che il presidente del governo spagnolo avverte l\u2019urgenza di fare il punto, attraverso una lunga intervista, molto rilanciata: \u201cIl 30 e il 31 luglio sono entrati nella citt\u00e0 autonoma di Ceuta intorno a <strong>70.000 persone<\/strong> delle quali <strong>9 su 10 tornate in Marocco<\/strong>. <strong>Resterebbero 5.000 persone, delle quali 1500 minorenni<\/strong>. Ora la sfida \u00e8 che per poter identificarle, fare i triage e procedere ai ritorni o anche alle risoluzioni delle richieste di asilo dobbiamo ri-ubicarli\u201d in centri di accoglienza temporanea, spiega il leader socialista.<\/p>\n<p>Sanchez ha indicato che i 500 posti di accoglienza per migranti presenti a Ceuta prima della crisi migratoria sono stati ampliati a <strong>3.300<\/strong> e \u201cgrazie all&#8217;accordo chiuso venerd\u00ec con la citt\u00e0 autonoma <strong>saranno portati a 6.000<\/strong>\u201d. Il premier del Psoe ha poi indicato che dal 30 e 31 luglio i ritorni volontari dei migranti in Marocco \u201ccontinuano\u201d e <strong>fino al 10 agosto erano rientrate 3.222 persone.<\/strong><\/p>\n<p>    <strong>\u201cEscludo un coinvolgimento del Marocco\u201d<\/strong><\/p>\n<p>\u201cContinuiamo a indagare\u201d sulle cause degli ingressi in massa, ha detto rispondendo a una domanda sui fattori scatenanti l&#8217;ondata migratoria. Sanchez <strong>ha escluso ogni responsabilit\u00e0 \u201cin un modo o nell&#8217;altro\u201d di un intervento delle autorit\u00e0 marocchine<\/strong> nel rilassamento dei controlli alle frontiere. \u201cNessun servizio di intelligence con cui il governo spagnolo collabora abitualmente ha sollevato il minimo dubbio, o meglio, alcun dubbio in assoluto, riguardo alla partecipazione, in un modo o nell&#8217;altro, delle autorit\u00e0 marocchine\u201d ha segnalato il capo del governo di Madrid, ribadendo che il suo esecutivo \u201cdeve agire sui dati. Ci\u00f2 che sappiamo finora \u00e8 che \u00e8 stata travisata una sentenza della Corte Suprema\u201d, dello scorso 8 agosto, che impediva di respingere i migranti minori giunti via mare nell&#8217;exclave, in mancanza di barriere frontaliere.<\/p>\n<p>Il Marocco, del resto, ha offerto \u201c<strong>una cooperazione istantanea, immediata<\/strong>\u201d nella crisi, e Rabat e Madrid \u201channo parlato costantemente il 30 e il 31 luglio\u201d. Nel ricordare che \u201cil 31 luglio \u00e8 cominciato lo spiegamento operativo da parte delle autorit\u00e0 marocchine\u201d per i ritorni dei migranti in Marocco, Sanchez ha ricordato che \u201cdobbiamo essere consapevoli che questa crisi pu\u00f2 essere risolta solo attraverso la cooperazione, non attraverso la sfiducia nel Marocco, che equivarrebbe ad aggravare ulteriormente una situazione complessa come quella che gi\u00e0 abbiamo a Ceuta\u201d. Il premier ha confermato che domani il Consiglio dei ministri approver\u00e0 uno stanziamento di altri <strong>168 milioni di euro<\/strong> in aiuti all&#8217;exclave per far fronte alle conseguenze economiche della crisi.<\/p>\n<p>    <strong>\u201cLe entrate a nuoto erano aumentate nei giorni precedenti ma non in maniera significativa\u201d<\/strong><\/p>\n<p>\u201cSappiamo anche che c&#8217;\u00e8 una disuguaglianza strutturale che rende le citt\u00e0 autonome di Ceuta e di Melilla\u201d in Marocco, frontiera sud dell&#8217;Europa in Nordafrica, \u201ccome <strong>le frontiere probabilmente pi\u00f9 complesse del mondo\u201d<\/strong> ha aggiunto il presidente del governo spagnolo, assicurando che \u201cnei giorni precedenti l&#8217;ingresso in massa di immigranti a Ceuta\u201d ci sono state \u201cdiverse riunioni\u201d fra le autorit\u00e0 ceutine e l&#8217;Amministrazione generale dello Stato guidata dal delegato del governo a Ceuta, perch\u00e9 \u201cci\u00f2 che continuava ad essere abituale erano le entrate a nuoto\u201d di migranti, \u201cche erano aumentate, ma non in maniera significativa\u201d. Il premier ha aggiunto che il Centro nazionale di intelligence \u201cha condiviso le informazioni della situazione, come anche la polizia nazionale\u201d, ma \u201cnon c&#8217;\u00e8 stata nessuna informazione che segnalava la dimensione della crisi che avremmo subito il 30 e il 31\u201d luglio, ha spiegato ancora il premier.<\/p>\n<p>    <strong>\u201cLa visita del re si far\u00e0\u201d. E critica Aznar per la visita per rivendicare l&#8217;isolotto di Perejil<\/strong><\/p>\n<p>Sull\u2019annunciata <strong>visita del re di Spagna, Felipe VI, a Ceuta<\/strong>, poi, il presidente del governo socialista spiega che \u201cci sono ragioni perch\u00e9 il re visiti infine Ceuta e Melilla\u201d e la visita \u201csi far\u00e0\u201d, ma \u201clogicamente dovremo coordinarci e lavorare con la Casa Reale\u201d. Sanchez ha spiegato: \u201cCredo che ci siano gli argomenti e i motivi perch\u00e9 il capo dello Stato visiti Ceuta e Melilla: questo \u00e8 quanto ho condiviso con il capo dello Stato ed \u00e8 quello che si far\u00e0, ma vi dico anche che si far\u00e0 quando ci saranno le condizioni\u201d ha detto il premier, <strong>senza indicare una data<\/strong>. Sanchez ha ricordato che il re Felipe VI non ha mai visitatole due citt\u00e0 autonome da quando \u00e8 capo dello Stato, \u201cn\u00e9 con amministrazioni del Psoe n\u00e9 del Partito Popolare\u201d e ha ribadito che i viaggi nelle exclavi in Marocco saranno coordinati dal governo con la Zarzuela.<\/p>\n<p>D&#8217;altra parte, il premier ha sottolineato che lui \u00e8 stato pi\u00f9 volte a Ceuta e Melilla, dove \u201c<strong>alcuni vanno a rivendicare\u201d l&#8217;isolotto di Perejil<\/strong>, ha detto riferendosi all&#8217;ex presidente del governo, <strong>Jos\u00e9 Maria Aznar<\/strong>, che si \u00e8 recato la scorsa settimana a Ceuta e che, a suo tempo, apr\u00ec un conflitto politico e diplomatico con il Marocco sull&#8217;isolotto al largo delle coste marocchine, di sovranit\u00e0 spagnola, \u201ccome se fosse una sfida storica della quale sentirci orgogliosi\u201d. Nel criticare Aznar, Sanchez ha detto \u201c<strong>questi vanno a seminare zizzania<\/strong> e non hanno fatto altro che seminare discordia nella vita, non solo come ex presidenti del governo, ma anche come presidenti del governo\u201d.<\/p>\n<p>    <strong>Appello alla solidariet\u00e0 europea. E attacca di nuovo Russia e Israele<\/strong><\/p>\n<p>Ma il premier spagnolo non ha trascurato di rinnovare il suo <strong>appello alla solidariet\u00e0 europea<\/strong>, ricordando che durante la crisi \u201c<strong>a Lampedusa, la Spagna ha accolto i migranti che arrivarono\u201d in territorio italiano<\/strong>. \u201cL&#8217;Europa deve essere solidale a Lampedusa, in Groenlandia e a Ceuta o alle Canarie\u201d ha dichiarato Sanchez. \u201cAbbiamo bisogno della solidariet\u00e0 dei Paesi centroeuropei e del Nord d&#8217;Europa\u201d ha aggiunto, proprio poco prima che l&#8217;Italia decidesse il rinnovo della <a target=\"_blank\" rel=\"noopener noreferrer nofollow\" href=\"https:\/\/www.rainews.it\/articoli\/2026\/08\/litalia-proroga-la-sospensione-dellaccordo-di-schengen-con-la-spagna-per-altri-15-giorni-6140b456-65bc-4df3-9dea-d87dcb5962dd.html\">sospensione dell\u2019Accordo di Schengen con la Spagna per altri 15 giorni<\/a>. \u201cPerch\u00e9 nel caso della Spagna non c&#8217;\u00e8 stata la solidariet\u00e0 compatta dei Paesi Ue?\u201d ha chiesto retoricamente Sanchez. \u201cPerch\u00e9 abbiamo un governo di coalizione progressista? O perch\u00e9 abbiamo una posizione rispetto a Gaza e ad altre questioni?\u201d ha aggiunto.<\/p>\n<p>Il premier si \u00e8 riferito nuovamente alla \u201cdisinformazione\u201d sulle reti social che, a suo giudizio, \u00e8 stata determinante per gli afflussi in massa a fine luglio. \u201cSe Russia e Israele si mettono a disinformare su questa questione, sar\u00e0 perch\u00e9 li preoccupa la migrazione in Spagna o perch\u00e9 ci\u00f2 che li preoccupa \u00e8 la posizione internazionale in Europa?\u201d ha sottolineato Sanchez, nell&#8217;indicare che l&#8217;obiettivo della disinformazione \u00e8 indebolire l&#8217;Ue nel suo complesso.<\/p>\n<p>    <strong>\u201cPronto a ricandidarmi nel 2027, porter\u00f2 a termine la legislatura\u201d<\/strong><\/p>\n<p>Infine, con uno sguardo alla politica interna, <strong>Sanchez ha confermato<\/strong> di essere \u201cimpegnato\u201d a presentare la legge di bilancio del 2026 e si dice <strong>\u201cdisposto\u201d a ricandidarsi alle elezioni del 2027<\/strong>, \u201cpoich\u00e9 il progetto politico progressista \u00e8 pi\u00f9 necessario di sempre per il successo delle sue politiche e per <strong>frenare un&#8217;ondata reazionaria<\/strong> che porterebbe solo involuzione\u201d. Il leader del Psoe ha segnalato che, nonostante ritenga l&#8217;alternanza al governo \u201csempre buona\u201d, constata che \u201coggi non abbiamo una proposta di alternanza\u201d. \u00a0E questo \u201cnon solo per la presenza di Vox nell&#8217;equazione\u201d di un eventuale governo delle destra \u201cma per il fatto che il Partito Popolare ha fatto dell&#8217;opposizione distruttiva la sua ragione di essere\u201d.<\/p>\n<p>\u201cLa mia intenzione \u00e8 <strong>portare a termine la legislatura<\/strong>\u201d, in scadenza a luglio 2027, ha ribadito il premier socialista, lasciando tuttavia la porta aperta a un eventuale \u201canticipo tecnico\u201d delle legislative. Tuttavia ha evidenziato che \u201csono minoritarie\u201d le voci nel Partito socialista favorevoli a votare alle politiche prima delle elezioni regionali e comunali, previste per il prossimo maggio. Voci, che a suo dire, \u201cignorano che alle politiche del 2023 il Psoe ha ottenuto un risultato migliore rispetto alle amministrative e regionali\u201d.<\/p>\n<p>Quanto alle critiche del Ppe e di Vox all&#8217;opposizione, per essere rimasto in vacanza a Lanzarote durante il mese di agosto, mentre era in corso la crisi migratoria, Sanchez ha replicato: \u201cHo lavorato e ho riposato. \u00c8 anche un mio diritto\u201d ha sottolineato nel ricordare che oltre alla crisi nell&#8217;exclave, il governo ha affrontato anche la gestione degli <strong>incendi<\/strong> che hanno colpito il Paese. \u201cSono stato con la mia famiglia e ho potuto goderne un po&#8217; stando con loro, e credo che questo sia un diritto che evidentemente abbiamo anche noi politici\u201d ha spiegato Sanchez, nell&#8217;assicurare che un presidente del governo \u201cnon si disconnette mai ed \u00e8 sempre attivo 24 ore al giorno, sette giorni su sette\u201d.<\/p>\n","protected":false},"excerpt":{"rendered":"\u201cCi sono state reti russe e israeliane che hanno diffuso una menzogna\u201d, dando a intendere che \u201cse si&hellip;\n","protected":false},"author":3,"featured_media":658289,"comment_status":"","ping_status":"","sticky":false,"template":"","format":"standard","meta":{"footnotes":"","_share_on_mastodon":"0"},"categories":[160],"tags":[14,164,165,166,7,15,11,167,12,168,161,162,163],"class_list":["post-658288","post","type-post","status-publish","format-standard","has-post-thumbnail","category-mondo","tag-cronaca","tag-dal-mondo","tag-dalmondo","tag-mondo","tag-news","tag-notizie","tag-ultime-notizie","tag-ultime-notizie-di-mondo","tag-ultimenotizie","tag-ultimenotiziedimondo","tag-world","tag-world-news","tag-worldnews"],"share_on_mastodon":{"url":"https:\/\/pubeurope.com\/@it\/117190982641449607","error":""},"_links":{"self":[{"href":"https:\/\/www.europesays.com\/it\/wp-json\/wp\/v2\/posts\/658288","targetHints":{"allow":["GET"]}}],"collection":[{"href":"https:\/\/www.europesays.com\/it\/wp-json\/wp\/v2\/posts"}],"about":[{"href":"https:\/\/www.europesays.com\/it\/wp-json\/wp\/v2\/types\/post"}],"author":[{"embeddable":true,"href":"https:\/\/www.europesays.com\/it\/wp-json\/wp\/v2\/users\/3"}],"replies":[{"embeddable":true,"href":"https:\/\/www.europesays.com\/it\/wp-json\/wp\/v2\/comments?post=658288"}],"version-history":[{"count":0,"href":"https:\/\/www.europesays.com\/it\/wp-json\/wp\/v2\/posts\/658288\/revisions"}],"wp:featuredmedia":[{"embeddable":true,"href":"https:\/\/www.europesays.com\/it\/wp-json\/wp\/v2\/media\/658289"}],"wp:attachment":[{"href":"https:\/\/www.europesays.com\/it\/wp-json\/wp\/v2\/media?parent=658288"}],"wp:term":[{"taxonomy":"category","embeddable":true,"href":"https:\/\/www.europesays.com\/it\/wp-json\/wp\/v2\/categories?post=658288"},{"taxonomy":"post_tag","embeddable":true,"href":"https:\/\/www.europesays.com\/it\/wp-json\/wp\/v2\/tags?post=658288"}],"curies":[{"name":"wp","href":"https:\/\/api.w.org\/{rel}","templated":true}]}}