{"id":658294,"date":"2026-08-31T16:14:10","date_gmt":"2026-08-31T16:14:10","guid":{"rendered":"https:\/\/www.europesays.com\/it\/658294\/"},"modified":"2026-08-31T16:14:10","modified_gmt":"2026-08-31T16:14:10","slug":"eleonora-fersino-chi-e-il-nuovo-libero-dellitalvolley-le-curiosita","status":"publish","type":"post","link":"https:\/\/www.europesays.com\/it\/658294\/","title":{"rendered":"Eleonora Fersino: chi \u00e8 il nuovo libero dell&#8217;Italvolley. Le curiosit\u00e0"},"content":{"rendered":"<p class=\"paragraph\" spellcheck=\"true\">Sul sito del Volley Pool Piave c&#8217;\u00e8 ancora la sua scheda da giovanissima, ai primi passi del percorso tutto d&#8217;oro che poi l&#8217;avrebbe accompagnata. Quei questionari tipici dei format di presentazione che accompagnano ogni giocatrice: il mio nome, la mia citt\u00e0, il mio cane. Alla voce la mia giocatrice preferita, <b>Eleonora Fersino scrisse Monica De Gennaro<\/b>. Alla voce la mia atleta preferita di sempre, riscrisse <a href=\"https:\/\/www.gazzetta.it\/active\/storie\/15-09-2025\/monica-de-gennaro-tra-successi-mondiali-e-il-derby-con-suo-marito\/\" title=\"Monica De Gennaro tra campo, palestra e i derby col marito\" target=\"_blank\" rel=\"nofollow noopener\">Monica De Gennaro<\/a>. Alla voce da grande voglio fare la, invece, sbagli\u00f2 completamente previsione: &#8220;fisioterapista per squadre importanti&#8221;.  Aveva 17 anni. Ne sono passati nove.  Oggi Eleonora Fersino ha in mano la seconda linea della squadra pi\u00f9 forte del mondo, ed \u00e8 l\u00ec perch\u00e9 quella l\u00ec, Moki, ha smesso consapevole di lasciare in ottime mani la Nazionale. Nello sport succede raramente di dover diventare il proprio poster in cameretta. A lei \u00e8 capitato.\u00a0<\/p>\n","protected":false},"excerpt":{"rendered":"Sul sito del Volley Pool Piave c&#8217;\u00e8 ancora la sua scheda da giovanissima, ai primi passi del percorso&hellip;\n","protected":false},"author":3,"featured_media":658295,"comment_status":"","ping_status":"","sticky":false,"template":"","format":"standard","meta":{"footnotes":"","_share_on_mastodon":"0"},"categories":[1474],"tags":[24230,363229,363230,53089,363231,363232,16531,363233,363234,2983,363235,363236,2478,13074,7920,842,37,1953,921,100,37444,22974,277,41705,363223,10407,23514,13306,1533,3889,165004,11335,363224,32408,1537,90,89,1914,1491,1609,363225,363226,4044,2163,67517,1353,605,363227,13311,1693,1890,3206,6843,1290,4283,68,491,74011,47263,240,2089,15268,14493,363228,245,244,10976,1567,3726,8864,1928,5583,15822,10728,2938,1869],"class_list":["post-658294","post","type-post","status-publish","format-standard","has-post-thumbnail","category-volley","tag-accompagna","tag-accompagna-casacca","tag-accompagna-casacca-bianca","tag-accompagnano","tag-accompagnano-giocatrice","tag-accompagnano-giocatrice-nome","tag-accompagnata","tag-accompagnata-quei","tag-accompagnata-quei-questionari","tag-addio","tag-addio-letto","tag-addio-letto-pensando","tag-arriva","tag-arrivano","tag-azzurro","tag-bianca","tag-bisogno","tag-campione","tag-campo","tag-cane","tag-chandler","tag-chioggia","tag-de","tag-de-gennaro","tag-de-gennaro-voce","tag-disse","tag-eleonora","tag-eleonora-fersino","tag-estate","tag-europeo","tag-fersino","tag-gennaro","tag-gennaro-voce","tag-giocatrice","tag-it","tag-italia","tag-italy","tag-li","tag-libero","tag-libri","tag-libri-eleonora","tag-libri-eleonora-fersino","tag-macchina","tag-mentale","tag-moki","tag-mondiale","tag-monica","tag-monica-de","tag-monica-de-gennaro","tag-nome","tag-occhi","tag-oro","tag-palestra","tag-partita","tag-partite","tag-passo","tag-percorso","tag-pesa","tag-preferita","tag-salute","tag-salute-mentale","tag-scrisse","tag-semplice","tag-soriano","tag-sport","tag-sports","tag-squadre","tag-storia","tag-strada","tag-svezia","tag-testa","tag-torna","tag-velasco","tag-vive","tag-voce","tag-volley"],"share_on_mastodon":{"url":"","error":"Validation failed: Text character limit of 500 exceeded"},"_links":{"self":[{"href":"https:\/\/www.europesays.com\/it\/wp-json\/wp\/v2\/posts\/658294","targetHints":{"allow":["GET"]}}],"collection":[{"href":"https:\/\/www.europesays.com\/it\/wp-json\/wp\/v2\/posts"}],"about":[{"href":"https:\/\/www.europesays.com\/it\/wp-json\/wp\/v2\/types\/post"}],"author":[{"embeddable":true,"href":"https:\/\/www.europesays.com\/it\/wp-json\/wp\/v2\/users\/3"}],"replies":[{"embeddable":true,"href":"https:\/\/www.europesays.com\/it\/wp-json\/wp\/v2\/comments?post=658294"}],"version-history":[{"count":0,"href":"https:\/\/www.europesays.com\/it\/wp-json\/wp\/v2\/posts\/658294\/revisions"}],"wp:featuredmedia":[{"embeddable":true,"href":"https:\/\/www.europesays.com\/it\/wp-json\/wp\/v2\/media\/658295"}],"wp:attachment":[{"href":"https:\/\/www.europesays.com\/it\/wp-json\/wp\/v2\/media?parent=658294"}],"wp:term":[{"taxonomy":"category","embeddable":true,"href":"https:\/\/www.europesays.com\/it\/wp-json\/wp\/v2\/categories?post=658294"},{"taxonomy":"post_tag","embeddable":true,"href":"https:\/\/www.europesays.com\/it\/wp-json\/wp\/v2\/tags?post=658294"}],"curies":[{"name":"wp","href":"https:\/\/api.w.org\/{rel}","templated":true}]}}