{"id":658314,"date":"2026-08-31T16:28:18","date_gmt":"2026-08-31T16:28:18","guid":{"rendered":"https:\/\/www.europesays.com\/it\/658314\/"},"modified":"2026-08-31T16:28:18","modified_gmt":"2026-08-31T16:28:18","slug":"formazioni-lecce-roma-le-ultime-sulla-partita-e-dove-vederla-in-tv-e-streaming","status":"publish","type":"post","link":"https:\/\/www.europesays.com\/it\/658314\/","title":{"rendered":"Formazioni Lecce-Roma: le ultime sulla partita e dove vederla in tv e streaming"},"content":{"rendered":"<p><img loading=\"lazy\" decoding=\"async\" src=\"https:\/\/www.europesays.com\/it\/wp-content\/uploads\/2026\/08\/FortpjcOBbyc2NwqWde0n.png\" alt=\"crest\" width=\"20\" height=\"20\"\/>LEC<img loading=\"lazy\" decoding=\"async\" src=\"https:\/\/www.europesays.com\/it\/wp-content\/uploads\/2026\/08\/fqxU8GBeoLw0gLDZvhELq.png\" alt=\"crest\" width=\"20\" height=\"20\"\/>ROM<\/p>\n<p><b><strong>Lecce <\/strong><\/b>e <b><strong>Roma<\/strong><\/b> aprono il luned\u00ec di Serie A. E, al contempo, si preparano a chiudere la seconda giornata del massimo campionato, che si concluder\u00e0 poco pi\u00f9 tardi con Atalanta-Bologna.<\/p>\n<p>Lecce vincente sul campo del Venezia alla prima giornata: le reti messe a segno da Gorter e Tiago Gabriel hanno permesso ai salentini di espugnare il campo del Venezia in uno degli scontri diretti per la salvezza.<\/p>\n<p>Roma scatenata all&#8217;esordio, invece: la tripletta di Malen e il sigillo finale di Pisilli hanno permesso ai capitolini di demolire la Fiorentina con un nettissimo 4-0.<\/p>\n<p>Lecce in campo col 3-5-2, in difesa gioca dal 1&#8242; Tiago Gabriel. A sinistra c&#8217;\u00e8 Ndaba al posto di Gallo con Danilo Veiga dall&#8217;altra parte. In attacco Pierotti affianca Geubbels.<\/p>\n<p>Nella Roma, Gasperini ha rilanciato le quotazioni di Soul\u00e9 in conferenza che far\u00e0 coppia con Dybala alle spalle di Malen. Mora parte dalla panchina cos\u00ec come Molina, sulla destra confermato il giovane Lulli. Problema nel riscaldamento per Ndicka: gioca Ghilardi.<\/p>\n<p><b><strong>FORMAZIONI UFFICIALI LECCE-ROMA<\/strong><\/b><\/p>\n<p>LECCE (3-5-2): Falcone; Tiago Gabriel, Gaspar, Siebert; Veiga, Ngom, Coulibaly, Gorter, Ndaba; Geubbels, Pierotti. All. Di Francesco<\/p>\n<p>ROMA (3-4-2-1): Svilar; Ghilardi, Mancini, Hermoso; Lulli, Cristante, Kon\u00e9, Wesley; Dybala, Soul\u00e8; Malen. All. Gasperini<\/p>\n<p><b><strong>DOVE VEDERE LA PARTITA IN TV E STREAMING<\/strong><\/b><\/p>\n<p>Lecce-Roma sar\u00e0 trasmessa in co-esclusiva da DAZN e Sky, sempre tramite abbonamento: nel primo caso in streaming scaricando l&#8217;app o accedendo al sito della piattaforma, nel secondo caso attraverso i canali Sky Sport Calcio, Sky Sport 4K e Sky Sport 252. Sempre in streaming ci sono anche le opzioni NOW (di nuovo tramite abbonamento) e SkyGo (per i clienti Sky).<\/p>\n","protected":false},"excerpt":{"rendered":"LECROM Lecce e Roma aprono il luned\u00ec di Serie A. E, al contempo, si preparano a chiudere la&hellip;\n","protected":false},"author":3,"featured_media":658315,"comment_status":"","ping_status":"","sticky":false,"template":"","format":"standard","meta":{"footnotes":"","_share_on_mastodon":"0"},"categories":[176],"tags":[1537,90,89,6296,363239,987,251,245,244],"class_list":["post-658314","post","type-post","status-publish","format-standard","has-post-thumbnail","category-sport","tag-it","tag-italia","tag-italy","tag-lecce","tag-lecce-vs-roma","tag-roma","tag-serie-a","tag-sport","tag-sports"],"share_on_mastodon":{"url":"https:\/\/pubeurope.com\/@it\/117191070245852849","error":""},"_links":{"self":[{"href":"https:\/\/www.europesays.com\/it\/wp-json\/wp\/v2\/posts\/658314","targetHints":{"allow":["GET"]}}],"collection":[{"href":"https:\/\/www.europesays.com\/it\/wp-json\/wp\/v2\/posts"}],"about":[{"href":"https:\/\/www.europesays.com\/it\/wp-json\/wp\/v2\/types\/post"}],"author":[{"embeddable":true,"href":"https:\/\/www.europesays.com\/it\/wp-json\/wp\/v2\/users\/3"}],"replies":[{"embeddable":true,"href":"https:\/\/www.europesays.com\/it\/wp-json\/wp\/v2\/comments?post=658314"}],"version-history":[{"count":0,"href":"https:\/\/www.europesays.com\/it\/wp-json\/wp\/v2\/posts\/658314\/revisions"}],"wp:featuredmedia":[{"embeddable":true,"href":"https:\/\/www.europesays.com\/it\/wp-json\/wp\/v2\/media\/658315"}],"wp:attachment":[{"href":"https:\/\/www.europesays.com\/it\/wp-json\/wp\/v2\/media?parent=658314"}],"wp:term":[{"taxonomy":"category","embeddable":true,"href":"https:\/\/www.europesays.com\/it\/wp-json\/wp\/v2\/categories?post=658314"},{"taxonomy":"post_tag","embeddable":true,"href":"https:\/\/www.europesays.com\/it\/wp-json\/wp\/v2\/tags?post=658314"}],"curies":[{"name":"wp","href":"https:\/\/api.w.org\/{rel}","templated":true}]}}