{"id":658336,"date":"2026-08-31T16:48:14","date_gmt":"2026-08-31T16:48:14","guid":{"rendered":"https:\/\/www.europesays.com\/it\/658336\/"},"modified":"2026-08-31T16:48:14","modified_gmt":"2026-08-31T16:48:14","slug":"messi-da-laddio-alla-nazionale-decisione-dolorosa-ma-necessaria-dopo-aver-dato-tutto","status":"publish","type":"post","link":"https:\/\/www.europesays.com\/it\/658336\/","title":{"rendered":"Messi d\u00e0 l&#8217;addio alla nazionale: &#8220;Decisione dolorosa ma necessaria, dopo aver dato tutto&#8221;"},"content":{"rendered":"<p>                                Il fuoriclasse saluta l&#8217;Albiceleste: &#8220;Non mi \u00e8 rimasto pi\u00f9 nulla da dare e stanno emergendo grandi giovani che meritano di essere qui. Grazie per tutto l&#8217;affetto ricevuto in questi 20 anni&#8221;<\/p>\n<p class=\"paragraph\" spellcheck=\"true\">Lacrime quel lontano 7 agosto 2005 (quando nel debutto contro l&#8217;Ungheria fu espulso a 40 secondi dal suo ingresso per una gomitata a un avversario), lacrime il pi\u00f9 recente 20 luglio 2026: in mezzo 207 partite e 125 gol. Date e numeri che sintetizzano il cammino di Leo Messi in Nazionale, dal debutto all&#8217;addio. Perch\u00e9 la <a href=\"https:\/\/www.gazzetta.it\/Calcio\/Mondiali\/19-07-2026\/spagna-argentina-live-finale-mondiali-2026-risultato-gol-diretta.shtml\" rel=\"nofollow noopener\" target=\"_blank\">finale Mondiale persa contro la Spagna<\/a> \u00e8 stata davvero l&#8217;ultima partita della &#8220;Pulce&#8221; con l&#8217;amata maglia albiceleste. Come lui stesso ha ufficializzato, in una lunga lettera a cuore aperto postata sul suo profilo Instagram.<\/p>\n<p>    la lettera\u2014 \u00a0<\/p>\n<p class=\"paragraph is-inline\" spellcheck=\"true\">&#8220;Dopo il tempo trascorso dalla finale e dopo averci riflettuto a lungo, voglio far sapere a tutti che lascio la Nazionale&#8230;  \u00c8 stata una decisione dolorosa \u2014 e che fa ancora male nel profondo \u2014 ma capisco che \u00e8 arrivato il momento. Vi giuro che ho sempre dato tutto me stesso: non solo in questi ultimi anni in cui abbiamo vinto tutto, ma anche prima. Ho sempre lottato e dato l&#8217;anima in campo per questa maglia, per regalarvi gioia e farvi sentire orgogliosi di essere argentini attraverso il calcio.  Il tempo scorre, i capitoli si chiudono, e questo \u00e8 un capitolo che mi addolora profondamente. Amo, ho amato e amer\u00f2 sempre far parte della Nazionale. Ho dato tutto ci\u00f2 che avevo; non mi \u00e8 rimasto pi\u00f9 nulla da dare e, d&#8217;altronde, stanno emergendo grandi giovani che meritano di essere qui&#8221;.\u00a0<\/p>\n<p><a class=\"is-partner-link\" href=\"https:\/\/fantacampionato.gazzetta.it\/?intcmp=FC2627_CTArticolo2627\" rel=\"nofollow noopener\" target=\"_blank\">60 milioni di fantallenatori, un&#8217;unica classifica nazionale: sfida l&#8217;Italia intera su Fantacampionato! Oltre 340.000\u20ac di montepremi. Gioca ora!<\/a><\/p>\n<p>    ringraziamento\u2014 \u00a0<\/p>\n<p class=\"paragraph is-inline\" spellcheck=\"true\">Nelle storie Messi pubblica anche un video che lo vede in campo da quando era un bambino alla finale Mondiale. Ma oltre che alla sua epopea, il suo sguardo \u00e8 anche rivolto a chi da sempre lo sostiene: &#8220;Grazie per tutto l&#8217;affetto ricevuto in questi 20 anni &#8211; continua nella sua lettera -. Mi mancher\u00e0 tantissimo sentirvi dagli spalti mentre sono in campo. Ora sar\u00f2 uno di voi, a tifare e sostenere la squadra dall&#8217;esterno (nei momenti belli e in quelli brutti, soprattutto in quelli brutti).  Grazie alla mia famiglia per esserci sempre stata, per avermi accompagnato in questo viaggio cos\u00ec bello e, al contempo, cos\u00ec difficile. Grazie a ogni allenatore, compagno di squadra e dirigente con cui ho condiviso questo percorso. Porto con me ricordi e momenti indimenticabili.  Vado via con la serenit\u00e0 e l&#8217;orgoglio di avervi regalato \u2014 insieme ai miei compagni \u2014 momenti che un tempo potevamo solo sognare. \u00c8 stata un&#8217;esperienza incredibile viverla con tutti voi. Vi voglio bene!  Grazie, Dio, per avermi reso argentino.  Forza Argentina!&#8221;.\u00a0\u00a0E chiude con una precisazione: &#8220;Ho scritto queste parole il 21 luglio, due giorni dopo la finale. Oggi, dopo <a href=\"https:\/\/www.gazzetta.it\/Calcio\/Estero\/12-08-2026\/messi-la-lettera-d-addio-al-padre-jorge-morto-non-so-come-andare-avanti-senza-di-te.shtml\" rel=\"nofollow noopener\" target=\"_blank\">quanto accaduto a mio padre<\/a>, ne sono ancora pi\u00f9 convinto di prima&#8221;.<\/p>\n<p class=\"is-copyright\">\u00a9 RIPRODUZIONE RISERVATA<\/p>\n","protected":false},"excerpt":{"rendered":"Il fuoriclasse saluta l&#8217;Albiceleste: &#8220;Non mi \u00e8 rimasto pi\u00f9 nulla da dare e stanno emergendo grandi giovani che&hellip;\n","protected":false},"author":3,"featured_media":658337,"comment_status":"","ping_status":"","sticky":false,"template":"","format":"standard","meta":{"footnotes":"","_share_on_mastodon":"0"},"categories":[1452],"tags":[2983,12288,248391,101978,2648,88523,71538,721,921,483,2276,1277,363240,10607,91268,363241,363242,2097,1426,23606,1740,1598,363243,1251,363244,1537,90,89,2698,59,4003,1739,245,244],"class_list":["post-658336","post","type-post","status-publish","format-standard","has-post-thumbnail","category-calcio","tag-addio","tag-affetto","tag-affetto-ricevuto","tag-albiceleste","tag-argentina","tag-avermi","tag-brutti","tag-calcio","tag-campo","tag-cio","tag-dare","tag-dato","tag-dato-cio","tag-debutto","tag-emergendo","tag-emergendo-grandi","tag-emergendo-grandi-giovani","tag-far","tag-finale","tag-finale-mondiale","tag-football","tag-giovani","tag-giovani-meritano","tag-grandi","tag-grandi-giovani","tag-it","tag-italia","tag-italy","tag-lettera","tag-messi","tag-momenti","tag-soccer","tag-sport","tag-sports"],"share_on_mastodon":{"url":"https:\/\/pubeurope.com\/@it\/117191148062912035","error":""},"_links":{"self":[{"href":"https:\/\/www.europesays.com\/it\/wp-json\/wp\/v2\/posts\/658336","targetHints":{"allow":["GET"]}}],"collection":[{"href":"https:\/\/www.europesays.com\/it\/wp-json\/wp\/v2\/posts"}],"about":[{"href":"https:\/\/www.europesays.com\/it\/wp-json\/wp\/v2\/types\/post"}],"author":[{"embeddable":true,"href":"https:\/\/www.europesays.com\/it\/wp-json\/wp\/v2\/users\/3"}],"replies":[{"embeddable":true,"href":"https:\/\/www.europesays.com\/it\/wp-json\/wp\/v2\/comments?post=658336"}],"version-history":[{"count":0,"href":"https:\/\/www.europesays.com\/it\/wp-json\/wp\/v2\/posts\/658336\/revisions"}],"wp:featuredmedia":[{"embeddable":true,"href":"https:\/\/www.europesays.com\/it\/wp-json\/wp\/v2\/media\/658337"}],"wp:attachment":[{"href":"https:\/\/www.europesays.com\/it\/wp-json\/wp\/v2\/media?parent=658336"}],"wp:term":[{"taxonomy":"category","embeddable":true,"href":"https:\/\/www.europesays.com\/it\/wp-json\/wp\/v2\/categories?post=658336"},{"taxonomy":"post_tag","embeddable":true,"href":"https:\/\/www.europesays.com\/it\/wp-json\/wp\/v2\/tags?post=658336"}],"curies":[{"name":"wp","href":"https:\/\/api.w.org\/{rel}","templated":true}]}}