{"id":658378,"date":"2026-08-31T17:19:59","date_gmt":"2026-08-31T17:19:59","guid":{"rendered":"https:\/\/www.europesays.com\/it\/658378\/"},"modified":"2026-08-31T17:19:59","modified_gmt":"2026-08-31T17:19:59","slug":"migliori-serie-tv-le-new-entry-e-le-piu-belle-di-sempre","status":"publish","type":"post","link":"https:\/\/www.europesays.com\/it\/658378\/","title":{"rendered":"Migliori serie tv: le new entry e le pi\u00f9 belle di sempre"},"content":{"rendered":"<p>    SKY<\/p>\n<p><a href=\"https:\/\/www.europesays.com\/it\/wp-content\/uploads\/2026\/08\/Nightsleeper_B2_D20_-AB_152.jpg\" data-wpel-link=\"external\" target=\"_blank\" rel=\"nofollow external noopener\"><img loading=\"lazy\" decoding=\"async\" class=\"size-full wp-image-602439 aligncenter\" src=\"https:\/\/www.europesays.com\/it\/wp-content\/uploads\/2026\/08\/Nightsleeper_B2_D20_-AB_152.jpg\" alt=\"\" width=\"2000\" height=\"1334\"\/><\/a><\/p>\n<p>Nightsleeper &#8211; Fuori controllo &#8211; 4 settembre<\/p>\n<p>La serie \u00e8 un thriller in sei episodi ambientato a bordo di un treno notturno in viaggio da Glasgow a Londra, sul quale viene collocato un ordigno esplosivo controllato da remoto attraverso un attacco informatico. Girata in gran parte in Scozia e concepita come un real time drama, la storia segue due sconosciuti: uno \u00e8 un passeggero a bordo del treno, l\u2019altro \u00e8 un esperto di cybersicurezza. Quando il convoglio viene hackerato, i due si ritrovano costretti a collaborare in una disperata corsa contro il tempo per salvare i passeggeri e impedire una catastrofe.<\/p>\n<p><a href=\"https:\/\/www.europesays.com\/it\/wp-content\/uploads\/2026\/08\/TOBS_S1-20250730-JP_06058_RT.jpg\" data-wpel-link=\"external\" target=\"_blank\" rel=\"nofollow external noopener\"><img loading=\"lazy\" decoding=\"async\" class=\"size-full wp-image-602440 aligncenter\" src=\"https:\/\/www.europesays.com\/it\/wp-content\/uploads\/2026\/08\/TOBS_S1-20250730-JP_06058_RT.jpg\" alt=\"\" width=\"2000\" height=\"1333\"\/><\/a><\/p>\n<p>The Other Bennet Sister &#8211; 26 settembre<\/p>\n<p class=\"isSelectedEnd\">L\u2019universo senza tempo di Orgoglio e Pregiudizio viene raccontato da una prospettiva completamente inedita: quella di Mary Bennet, la sorella di mezzo della famiglia, spesso relegata ai margini della storia di Jane Austen. Interpretata da Ella Bruccoleri, Mary esce finalmente dall\u2019ombra delle sorelle per intraprendere un percorso tutto suo, alla ricerca di una nuova identit\u00e0 e della propria indipendenza. The Other Bennet Sister prende il via a Longbourn, dove le cinque figlie nubili dei Bennet devono muoversi tra le rigide convenzioni della societ\u00e0 inglese dell\u2019epoca della Reggenza. Il viaggio di Mary la porter\u00e0 lontano dalla casa di famiglia, tra i ricevimenti dell\u2019alta societ\u00e0 nella Londra della Reggenza e gli spettacolari paesaggi del Lake District. Un percorso di crescita e scoperta che la condurr\u00e0 verso l\u2019autonomia, l\u2019amore per s\u00e9 stessa e, finalmente, la possibilit\u00e0 di riscrivere la propria storia.<\/p>\n<p><a href=\"https:\/\/www.europesays.com\/it\/wp-content\/uploads\/2026\/08\/SHC-epi0106-1547b.jpg\" data-wpel-link=\"external\" target=\"_blank\" rel=\"nofollow external noopener\"><img loading=\"lazy\" decoding=\"async\" class=\"size-full wp-image-602438 aligncenter\" src=\"https:\/\/www.europesays.com\/it\/wp-content\/uploads\/2026\/08\/SHC-epi0106-1547b.jpg\" alt=\"\" width=\"3000\" height=\"2001\"\/><\/a><\/p>\n<p>Sheriff Country &#8211; 29 settembre<\/p>\n<p class=\"isSelectedEnd\">Torna con la seconda parte della prima stagione il crime drama con Morena Baccarin, che esplora temi come identit\u00e0, colpa, giustizia e legami familiari. Spin-off che amplia l\u2019universo narrativo di Fire Country, la serie segue Mickey Fox, sceriffo della contea di Edgewater, impegnata a indagare su una serie di attivit\u00e0 criminali mentre cerca di tenere insieme una famiglia tutt\u2019altro che semplice. A complicare la situazione ci sono il padre Wes, ex detenuto e coltivatore di marijuana che vive ai margini della societ\u00e0, e Skye, la figlia ribelle, coinvolta in un misterioso incidente che potrebbe avere conseguenze imprevedibili. Tra indagini, segreti e conflitti familiari, Mickey dovr\u00e0 affrontare non solo i criminali che minacciano la sua comunit\u00e0, ma anche le ferite irrisolte del proprio passato.<\/p>\n<p>Apple TV<\/p>\n<p><a href=\"https:\/\/www.europesays.com\/it\/wp-content\/uploads\/2026\/08\/Slow_Horses_Photo_060101.jpg\" data-wpel-link=\"external\" target=\"_blank\" rel=\"nofollow external noopener\"><img loading=\"lazy\" decoding=\"async\" class=\"size-full wp-image-602376 aligncenter\" src=\"https:\/\/www.europesays.com\/it\/wp-content\/uploads\/2026\/08\/Slow_Horses_Photo_060101.jpg\" alt=\"\" width=\"2000\" height=\"1333\"\/><\/a><\/p>\n<p>Slow Horses &#8211; stagione 6 &#8211; 6 settembre<\/p>\n<p class=\"isSelectedEnd\">Questo dramma di spionaggio dai toni cupi e ironici segue una squadra di agenti dell\u2019intelligence britannica relegati in un dipartimento \u201cdi scarto\u201d dell\u2019MI5, dove sono stati confinati dopo aver commesso errori che hanno compromesso le loro carriere. A guidarli \u00e8 il brillante e irascibile Jackson Lamb, interpretato dal premio Oscar Sir Gary Oldman, un capo tanto geniale quanto imprevedibile. Tra intrighi, inganni e pericolosi giochi di potere, gli agenti dovranno destreggiarsi nelle zone d\u2019ombra del mondo dello spionaggio per proteggere l\u2019Inghilterra da minacce oscure e forze ostili, dimostrando che anche chi \u00e8 stato messo da parte pu\u00f2 fare la differenza.<\/p>\n<p><a href=\"https:\/\/www.europesays.com\/it\/wp-content\/uploads\/2026\/08\/Last_Seen_Photo_010201.jpg\" data-wpel-link=\"external\" target=\"_blank\" rel=\"nofollow external noopener\"><img loading=\"lazy\" decoding=\"async\" class=\"size-full wp-image-602379 aligncenter\" src=\"https:\/\/www.europesays.com\/it\/wp-content\/uploads\/2026\/08\/Last_Seen_Photo_010201.jpg\" alt=\"\" width=\"2000\" height=\"1333\"\/><\/a><\/p>\n<p>Last Seen &#8211; 9 settembre<\/p>\n<p class=\"isSelectedEnd\">Undici anni fa, la vita del detective Ian Ridley \u00e8 stata sconvolta dalla scomparsa della figlia Maggie, svanita nel nulla senza lasciare traccia. Oggi Ian lavora come operatore della centrale operativa della polizia, ma non ha mai smesso di cercarla. A tenerlo in piedi \u00e8 la convinzione incrollabile che Maggie sia ancora viva. Quando una richiesta di aiuto proveniente da un\u2019adolescente riaccende in lui la certezza che possa trattarsi proprio di sua figlia, Ian si lancia in una disperata corsa contro il tempo. Determinato a ritrovarla e a ricomporre la sua famiglia spezzata, \u00e8 disposto a tutto pur di scoprire la verit\u00e0, anche a costo di mettere in gioco ogni cosa.<\/p>\n<p>Disney+<\/p>\n<p><a href=\"https:\/\/www.europesays.com\/it\/wp-content\/uploads\/2026\/08\/174748_0796R-1.jpg\" data-wpel-link=\"external\" target=\"_blank\" rel=\"nofollow external noopener\"><img loading=\"lazy\" decoding=\"async\" class=\"size-full wp-image-602395 aligncenter\" src=\"https:\/\/www.europesays.com\/it\/wp-content\/uploads\/2026\/08\/174748_0796R-1.jpg\" alt=\"\" width=\"2000\" height=\"1333\"\/><\/a><\/p>\n<p>Chad Powers &#8211; stagione 2 &#8211; 3 settembre<\/p>\n<p>Chad Powers \u00e8 una superstar del football, ma il suo comportamento eccentrico lontano dal campo comincia a insospettire tutti, soprattutto Coach Hudson e Gerry. Intanto, la vera identit\u00e0 di Russ rischia di essere smascherata. Se lui e Danny vogliono permettere a Chad di arrivare al termine della stagione senza essere scoperto e guidare i Catfish fino al College Football Playoff, dovranno chiedere aiuto proprio alla persona meno disposta a concederglielo: Ricky.<\/p>\n<p>NETFLIX<\/p>\n<p><a href=\"https:\/\/www.europesays.com\/it\/wp-content\/uploads\/2026\/08\/Netflix-the-gentleman.jpg\" data-wpel-link=\"external\" target=\"_blank\" rel=\"nofollow external noopener\"><img loading=\"lazy\" decoding=\"async\" class=\"size-full wp-image-602319 aligncenter\" src=\"https:\/\/www.europesays.com\/it\/wp-content\/uploads\/2026\/08\/Netflix-the-gentleman.jpg\" alt=\"\" width=\"2000\" height=\"1333\"\/><\/a><\/p>\n<p>The Gentlemen &#8211; stagione 2 &#8211; 3 settembre<\/p>\n<p>\u00c8 passato un anno da quando Eddie e Susie hanno iniziato a lavorare insieme per l&#8217;impero criminale di Bobby all&#8217;estero. Mentre puntano a sviluppare la loro attivit\u00e0, Bobby sembra prendere decisioni sempre pi\u00f9 sbagliate. Ora i due devono decidere se agire oppure rischiare di perdere tutto, ma l&#8217;ambizione sfrenata non porta mai a nulla di buono.<\/p>\n<p><a href=\"https:\/\/www.europesays.com\/it\/wp-content\/uploads\/2026\/08\/netflix-Earle-Meets-World.jpg\" data-wpel-link=\"external\" target=\"_blank\" rel=\"nofollow external noopener\"><img loading=\"lazy\" decoding=\"async\" class=\"size-full wp-image-602329 aligncenter\" src=\"https:\/\/www.europesays.com\/it\/wp-content\/uploads\/2026\/08\/netflix-Earle-Meets-World.jpg\" alt=\"\" width=\"3840\" height=\"2160\"\/><\/a><\/p>\n<p>Earle Meets World &#8211; 4 settembre<\/p>\n<p>Alix Earle, &#8220;It girl&#8221; per eccellenza della generazione Z, si prepara al prossimo grande passo della sua carriera. Riuscir\u00e0 a bilanciare il suo impero imprenditoriale con la sua spontaneit\u00e0 senza filtri da ventenne imperfetta ma irresistibile che ha fatto innamorare l&#8217;America? La sua vita passa dallo smartphone alla TV, e niente \u00e8 off limits.<\/p>\n<p><a href=\"https:\/\/www.europesays.com\/it\/wp-content\/uploads\/2026\/08\/Netflix-Fauda.jpg\" data-wpel-link=\"external\" target=\"_blank\" rel=\"nofollow external noopener\"><img loading=\"lazy\" decoding=\"async\" class=\"size-full wp-image-602333 aligncenter\" src=\"https:\/\/www.europesays.com\/it\/wp-content\/uploads\/2026\/08\/Netflix-Fauda.jpg\" alt=\"\" width=\"2000\" height=\"1050\"\/><\/a><\/p>\n<p>Fauda &#8211; stagione 5 &#8211; 8 settembre<\/p>\n<p>Doron affronta demoni interiori e nuovi nemici quando la missione di vendetta non autorizzata di un vecchio amico a Marsiglia lo coinvolge in una rischiosa operazione clandestina.<\/p>\n<p><a href=\"https:\/\/www.europesays.com\/it\/wp-content\/uploads\/2026\/08\/Netflix-DANG.jpg\" data-wpel-link=\"external\" target=\"_blank\" rel=\"nofollow external noopener\"><img loading=\"lazy\" decoding=\"async\" class=\"size-full wp-image-602338 aligncenter\" src=\"https:\/\/www.europesays.com\/it\/wp-content\/uploads\/2026\/08\/Netflix-DANG.jpg\" alt=\"\" width=\"3840\" height=\"2160\"\/><\/a><\/p>\n<p>DANG! &#8211; 8 settembre<\/p>\n<p>La serie segue un fratello e una sorella le cui vite divertenti e caotiche a New York sono interrotte quando il loro incubo peggiore diventa reale: l&#8217;ambiziosa sorella maggiore arriva in visita e vuole passare del tempo con loro.<\/p>\n<p><a href=\"https:\/\/www.europesays.com\/it\/wp-content\/uploads\/2026\/08\/Netflix-CREWGIRL.jpg\" data-wpel-link=\"external\" target=\"_blank\" rel=\"nofollow external noopener\"><img loading=\"lazy\" decoding=\"async\" class=\"alignnone size-full wp-image-602340\" src=\"https:\/\/www.europesays.com\/it\/wp-content\/uploads\/2026\/08\/Netflix-CREWGIRL.jpg\" alt=\"\" width=\"2000\" height=\"1333\"\/><\/a><\/p>\n<p>Crew Girl &#8211; 10 settembre<\/p>\n<p>A sedici anni, Teagan Tao \u00e8 una stella nascente del canottaggio singolo, con un futuro promettente davanti a s\u00e9. Ma uno scandalo familiare manda improvvisamente in frantumi ogni sua certezza e la costringe a trasferirsi sulla costa orientale. Alla prestigiosa Easton Prep, Teagan si ritrova a dover ricominciare da zero: \u00e8 un&#8217;estranea in una scuola dove tutti sembrano conoscersi e, soprattutto, non esiste una squadra femminile di canottaggio. Per tornare in acqua, l&#8217;unica possibilit\u00e0 \u00e8 diventare la timoniera dell&#8217;irrequieta e disfunzionale squadra maschile dell&#8217;istituto.<br \/>Catapultata in un ambiente dominato da famiglie facoltose, rivalit\u00e0 accese e una competizione spietata, Teagan dovr\u00e0 conquistarsi la fiducia di un equipaggio che non ha alcuna intenzione di accettarla e trovare il modo di trasformare un gruppo diviso in una vera squadra. Tra il desiderio di affermarsi nel canottaggio, le pressioni dell&#8217;equipaggio e i problemi familiari che continuano a perseguitarla, Teagan si ritrova inoltre coinvolta, suo malgrado, nelle dinamiche tra i due rivali pi\u00f9 agguerriti della squadra: Josh Regis, l&#8217;arrogante capitano, e Cam Dillinger, un ragazzo del posto tranquillo ma sorprendentemente determinato.<\/p>\n<p><a href=\"https:\/\/www.europesays.com\/it\/wp-content\/uploads\/2026\/08\/Netflix-Il-gusto-amaro-del-tradimento.jpg\" data-wpel-link=\"external\" target=\"_blank\" rel=\"nofollow external noopener\"><img loading=\"lazy\" decoding=\"async\" class=\"alignnone size-full wp-image-602343\" src=\"https:\/\/www.europesays.com\/it\/wp-content\/uploads\/2026\/08\/Netflix-Il-gusto-amaro-del-tradimento.jpg\" alt=\"\" width=\"1998\" height=\"1021\"\/><\/a><\/p>\n<p>Il gusto amaro del tradimento &#8211; 10 settembre<\/p>\n<p>Quando Karen si trasferisce a Bergen con la sua famiglia, viene accolta nel prestigioso \u201cdinner club\u201d, un ristretto gruppo di amici affascinanti che conduce una vita fatta di lusso, feste e piaceri senza limiti. Ma l\u2019idillio si spezza quando una delle loro sontuose ville viene distrutta da un incendio e il loro amico Evert perde la vita. La moglie e i figli riescono a salvarsi per miracolo. Karen non tarda a scoprire che, dietro quell\u2019apparente amicizia indissolubile, si nasconde una rete di segreti e bugie. Ognuno di loro ha qualcosa da nascondere e nessuno \u00e8 davvero chi dice di essere. Determinata a scoprire la verit\u00e0, Karen comincia a scavare nel passato del gruppo. Ma pi\u00f9 si avvicina alla risposta, pi\u00f9 diventa chiaro che alcune verit\u00e0 sarebbe meglio non conoscere. Perch\u00e9 nulla \u00e8 come sembra. E Karen potrebbe pagare un prezzo altissimo per scoprirlo.<\/p>\n<p><a href=\"https:\/\/www.europesays.com\/it\/wp-content\/uploads\/2026\/08\/Netflix-Physical_100.jpg\" data-wpel-link=\"external\" target=\"_blank\" rel=\"nofollow external noopener\"><img loading=\"lazy\" decoding=\"async\" class=\"size-full wp-image-602359 aligncenter\" src=\"https:\/\/www.europesays.com\/it\/wp-content\/uploads\/2026\/08\/Netflix-Physical_100.jpg\" alt=\"\" width=\"1920\" height=\"1080\"\/><\/a><\/p>\n<p>Physical Italia: da 100 a 1 &#8211; 11 settembre<\/p>\n<p>In questo adrenalinico reality competitivo, cento concorrenti si sfidano in una serie di prove fisiche estreme, progettate per mettere alla prova forza, resistenza e sangue freddo. Campioni olimpici e content creator, rugbisti e celebrit\u00e0: nell\u2019arena del Lingotto, le gerarchie non contano. Qui, il passato non garantisce alcun vantaggio e le medaglie conquistate fuori dal campo non valgono nulla. Per andare avanti servono soltanto forza, agilit\u00e0, strategia e nervi d\u2019acciaio. Nella \u201cSala dei busti\u201d, ogni concorrente dovr\u00e0 superare i propri limiti, affrontare la fatica e resistere alla pressione. Perch\u00e9 prova dopo prova, la competizione si far\u00e0 sempre pi\u00f9 dura e solo chi avr\u00e0 la determinazione necessaria riuscir\u00e0 ad arrivare fino alla fine. Cento sfidanti. Una sola vittoria e un unico concorrente destinato a conquistare il titolo.<\/p>\n<p><a href=\"https:\/\/www.europesays.com\/it\/wp-content\/uploads\/2026\/08\/netflix-la-bambola.jpg\" data-wpel-link=\"external\" target=\"_blank\" rel=\"nofollow external noopener\"><img loading=\"lazy\" decoding=\"async\" class=\"alignnone size-full wp-image-602344\" src=\"https:\/\/www.europesays.com\/it\/wp-content\/uploads\/2026\/08\/netflix-la-bambola.jpg\" alt=\"\" width=\"2000\" height=\"1125\"\/><\/a><\/p>\n<p>La bambola &#8211; 16 settembre<\/p>\n<p>Stanis\u0142aw \u00e8 disposto a tutto pur di conquistare il posto che desidera in societ\u00e0, guidato da un\u2019ambizione feroce e da un\u2019irrefrenabile sete di riscatto. Quando si innamora di Izabela, la sua passione per lei diventa anche la chiave d\u2019accesso al mondo esclusivo che sogna di conquistare. Izabela, per\u00f2, vive a sua volta una battaglia personale: intrappolata nelle rigide convenzioni dell\u2019aristocrazia, cerca di affrancarsi da un sistema che non le appartiene pi\u00f9 e di trovare il proprio posto in una societ\u00e0 attraversata da profondi cambiamenti. Tra loro nasce un legame intenso e pericoloso, alimentato da desiderio e ossessione e reso ancora pi\u00f9 complesso dall\u2019abisso sociale che li separa. Sullo sfondo, il fascino irresistibile della ricchezza e la promessa di una libert\u00e0 difficile da conquistare. Una rilettura contemporanea di un grande classico della letteratura polacca, dove amore, ambizione e differenze di classe si intrecciano in un gioco di potere senza regole.<\/p>\n<p>Plastic Beauty &#8211; 17 settembre<\/p>\n<p>Al centro di Plastic Beauty c\u2019\u00e8 Fumi Numata, una chirurga brillante e appassionata, convinta che la medicina abbia prima di tutto il compito di salvare vite. Ma quando le circostanze la costringono a lasciare la chirurgia generale per dedicarsi alla chirurgia estetica, si ritrova a scontrarsi con Rin Tohyama, una celebre chirurga estetica che, al contrario, considera la bellezza una forma di salvezza. Mentre le due si confrontano su visioni profondamente diverse della medicina e del corpo, le storie dei pazienti che si affidano a loro per raggiungere la perfezione fisica portano alla luce un universo fatto di insicurezze, desideri e fragilit\u00e0. Attraverso il loro conflitto e le esperienze di chi sceglie di cambiare il proprio aspetto, la serie indaga le pressioni emotive, psicologiche e sociali che alimentano l\u2019ossessione contemporanea per la bellezza.<\/p>\n<p><a href=\"https:\/\/www.europesays.com\/it\/wp-content\/uploads\/2026\/08\/netflix-Stranger_Things__-1.jpg\" data-wpel-link=\"external\" target=\"_blank\" rel=\"nofollow external noopener\"><img loading=\"lazy\" decoding=\"async\" class=\"alignnone size-full wp-image-602354\" src=\"https:\/\/www.europesays.com\/it\/wp-content\/uploads\/2026\/08\/netflix-Stranger_Things__-1.jpg\" alt=\"\" width=\"3840\" height=\"1920\"\/><\/a><\/p>\n<p>Stranger Things: Storie dal 1985 &#8211; stagione 2 &#8211; 17 settembre<\/p>\n<p>\u00c8 l\u2019inverno del 1985. La neve ha ricoperto Hawkins e, dopo tutto quello che \u00e8 successo, gli orrori del Sottosopra sembrano finalmente un ricordo lontano. Undici, Mike, Will, Dustin, Lucas e Max sono tornati alla loro vita di sempre, tra partite a D&amp;D, battaglie a palle di neve e tranquille giornate da adolescenti. Ma sotto il ghiaccio qualcosa di terrificante si \u00e8 risvegliato. Arriva dal Sottosopra? Dalle profondit\u00e0 del laboratorio di Hawkins? O da un luogo ancora pi\u00f9 misterioso? Ancora una volta, i nostri eroi dovranno mettere da parte la loro ritrovata normalit\u00e0, affrontare l\u2019ignoto e svelare il mistero prima che sia troppo tardi. Una nuova avventura ambientata nell\u2019universo di Stranger Things, tra amicizia, misteri e orrori pronti a riemergere dalle profondit\u00e0.<\/p>\n<p><a href=\"https:\/\/www.europesays.com\/it\/wp-content\/uploads\/2026\/08\/Netflix-Monster__The_Lizzie_Borden-1.jpg\" data-wpel-link=\"external\" target=\"_blank\" rel=\"nofollow external noopener\"><img loading=\"lazy\" decoding=\"async\" class=\"alignnone size-full wp-image-602355\" src=\"https:\/\/www.europesays.com\/it\/wp-content\/uploads\/2026\/08\/Netflix-Monster__The_Lizzie_Borden-1.jpg\" alt=\"\" width=\"3600\" height=\"1946\"\/><\/a><\/p>\n<p>Monster: La storia di Lizzie Borden &#8211; 17 settembre<\/p>\n<p>La quarta stagione ripercorre la celebre e inquietante vicenda di Lizzie Andrew Borden, la donna americana accusata dell\u2019efferato omicidio del padre e della matrigna, uccisi a colpi d\u2019ascia il 4 agosto 1892 nella loro casa di Fall River, in Massachusetts. Assolta al termine del processo, Lizzie \u00e8 diventata nel tempo una delle figure pi\u00f9 enigmatiche della cronaca nera americana. La serie ne esplora la complessa psiche, raccontandola come una figlia oppressa e repressa che decide di ribellarsi alle rigide convenzioni della societ\u00e0 vittoriana, fino a costruire intorno a s\u00e9 una leggenda tanto oscura quanto inquietante.<\/p>\n<p><a href=\"https:\/\/www.europesays.com\/it\/wp-content\/uploads\/2026\/08\/netflix-So-chi-sei.jpg\" data-wpel-link=\"external\" target=\"_blank\" rel=\"nofollow external noopener\"><img loading=\"lazy\" decoding=\"async\" class=\"size-full wp-image-602360 aligncenter\" src=\"https:\/\/www.europesays.com\/it\/wp-content\/uploads\/2026\/08\/netflix-So-chi-sei.jpg\" alt=\"\" width=\"2000\" height=\"1125\"\/><\/a><\/p>\n<p>So chi sei &#8211; 17 settembre<\/p>\n<p>Dopo la nascita del figlio, Funda desidera tornare a dipingere, un\u2019attivit\u00e0 che aveva momentaneamente messo da parte, e finalmente trova la tata che cercava. Ma l\u2019aura misteriosa e l\u2019inquietante personalit\u00e0 di Nazl\u0131 finiranno per sconvolgere per sempre la vita di Funda e di suo marito \u0130lker.<\/p>\n<p><a href=\"https:\/\/www.europesays.com\/it\/wp-content\/uploads\/2026\/08\/Netflix-scandalo-e-passione.jpg\" data-wpel-link=\"external\" target=\"_blank\" rel=\"nofollow external noopener\"><img loading=\"lazy\" decoding=\"async\" class=\"size-full wp-image-602347 aligncenter\" src=\"https:\/\/www.europesays.com\/it\/wp-content\/uploads\/2026\/08\/Netflix-scandalo-e-passione.jpg\" alt=\"\" width=\"3000\" height=\"2000\"\/><\/a><\/p>\n<p>Scandalo e passione &#8211; 18 settembre<\/p>\n<p>La serie racconta un audace e pericoloso gioco d\u2019amore nella Joseon dell\u2019epoca. Al centro della storia ci sono la signora Cho, una donna troppo anticonformista per lasciarsi confinare negli appartamenti femminili, e Jo-won, il pi\u00f9 celebre dongiovanni di Joseon. Le loro vite si intrecciano con quella di Hui-yeon, una giovane nobildonna che finisce suo malgrado coinvolta nella loro rischiosa scommessa sentimentale.<\/p>\n<p><a href=\"https:\/\/www.europesays.com\/it\/wp-content\/uploads\/2026\/08\/netflix-Kian\u2019s-Bizarre-BB.jpg\" data-wpel-link=\"external\" target=\"_blank\" rel=\"nofollow external noopener\"><img loading=\"lazy\" decoding=\"async\" class=\"size-full wp-image-602348 aligncenter\" src=\"https:\/\/www.europesays.com\/it\/wp-content\/uploads\/2026\/08\/netflix-Kian\u2019s-Bizarre-BB.jpg\" alt=\"\" width=\"1946\" height=\"2432\"\/><\/a><\/p>\n<p>Kian\u2019s Bizarre B&amp;B &#8211; stagione 2 &#8211; 22 settembre<\/p>\n<p>Sull&#8217;idilliaca isola di Ulleungdo KIAN84 apre una pensione unica nel suo genere, chiamata KIAN&#8217;s Bizarre B&amp;B e pensata per i giovani.<\/p>\n<p>Wonka&#8217;s The Golden Ticket &#8211; 23 settembre<\/p>\n<p>Dodici fortunati vincitori del biglietto d\u2019oro varcheranno i cancelli della fabbrica di cioccolato di Wonka, accompagnati da una persona a loro scelta, per immergersi in un mondo di pura fantasia, scherzi irresistibili e sfide imprevedibili. Una volta entrati, i concorrenti dovranno affrontare una serie di giochi, prove e tentazioni ideati da Wonka per mettere alla prova la loro forza fisica e mentale, ma anche il loro carattere e la loro moralit\u00e0. In questo esperimento sociale ad alto rischio, i partecipanti si muoveranno tra le meraviglie e le insidie di una fabbrica tanto spettacolare quanto imprevedibile, dovendo adattarsi, elaborare strategie e affrontare l\u2019ignoto. Solo chi dimostrer\u00e0 di avere l\u2019istinto, la resilienza e la determinazione necessari per sopravvivere al caos potr\u00e0 arrivare fino in fondo. Alla fine, soltanto uno conquister\u00e0 l\u2019incredibile premio messo in palio da Wonka.<\/p>\n<p><a href=\"https:\/\/www.europesays.com\/it\/wp-content\/uploads\/2026\/08\/netflix-Habeas-Corpus.jpg\" data-wpel-link=\"external\" target=\"_blank\" rel=\"nofollow external noopener\"><img loading=\"lazy\" decoding=\"async\" class=\"size-full wp-image-602349 aligncenter\" src=\"https:\/\/www.europesays.com\/it\/wp-content\/uploads\/2026\/08\/netflix-Habeas-Corpus.jpg\" alt=\"\" width=\"2000\" height=\"1333\"\/><\/a><\/p>\n<p>Habeas Corpus &#8211; 23 settembre<\/p>\n<p>Per rimediare agli errori del passato, la formidabile avvocata penalista Inez, ora docente universitaria, \u00e8 determinata a scagionare un giovane ingiustamente incarcerato. Ignora per\u00f2 che tra gli studenti incaricati di assisterla c&#8217;\u00e8 Marina, la principale vittima di uno dei suoi errori passati che aveva causato l&#8217;ingiusta incarcerazione della madre della ragazza.<\/p>\n<p><a href=\"https:\/\/www.europesays.com\/it\/wp-content\/uploads\/2026\/08\/Netflix-Tutti-al-college.jpg\" data-wpel-link=\"external\" target=\"_blank\" rel=\"nofollow external noopener\"><img loading=\"lazy\" decoding=\"async\" class=\"size-full wp-image-602350 aligncenter\" src=\"https:\/\/www.europesays.com\/it\/wp-content\/uploads\/2026\/08\/Netflix-Tutti-al-college.jpg\" alt=\"\" width=\"2000\" height=\"1333\"\/><\/a><\/p>\n<p>Tutti al college &#8211; 24 settembre<\/p>\n<p>Siamo all&#8217;Hillman College. Al centro della storia c&#8217;\u00e8 Deborah Wayne, la figlia pi\u00f9 giovane e iperprotetta di Whitley e Dwayne: una ragazza con un cuore grande e dallo spirito libero che ama l&#8217;attenzione ed \u00e8 ancora alla ricerca della propria strada all&#8217;Hillman.<\/p>\n<p><a href=\"https:\/\/www.europesays.com\/it\/wp-content\/uploads\/2026\/08\/netflix-Il-problema-finale.jpg\" data-wpel-link=\"external\" target=\"_blank\" rel=\"nofollow external noopener\"><img loading=\"lazy\" decoding=\"async\" class=\"size-full wp-image-602351 aligncenter\" src=\"https:\/\/www.europesays.com\/it\/wp-content\/uploads\/2026\/08\/netflix-Il-problema-finale.jpg\" alt=\"\" width=\"2000\" height=\"1125\"\/><\/a><\/p>\n<p>Il problema finale &#8211; 25 settembre<\/p>\n<p>Nella primavera del 1959, una violenta tempesta costringe tredici persone a rimanere isolate su una piccola isola al largo di Maiorca. Nessuno pu\u00f2 immaginare ci\u00f2 che sta per accadere nel modesto albergo che li ospita: Elisa Mander, una riservata turista di origine inglese, viene trovata morta. Quello che inizialmente appare come un suicidio comincia presto a rivelare dettagli inquietanti, facendo emergere l\u2019ipotesi di un omicidio. A cercare di fare luce sul mistero sar\u00e0 Basil, un attore ormai in pensione che, molti anni prima, aveva vestito i panni di Sherlock Holmes sul grande schermo. Quasi suo malgrado, si ritrover\u00e0 a indagare su una morte che sembra nascondere ben pi\u00f9 di quanto appaia. Intrappolati in un luogo da cui nessuno pu\u00f2 andarsene e in cui nessuno pu\u00f2 arrivare, ospiti e dipendenti dell\u2019albergo diventano cos\u00ec i principali sospettati. Mentre la tempesta infuria e la verit\u00e0 si fa sempre pi\u00f9 sfuggente, il caso si rivela un intricato gioco di segreti, sospetti e menzogne, molto pi\u00f9 complesso di quanto si potesse immaginare.<\/p>\n<p><a href=\"https:\/\/www.europesays.com\/it\/wp-content\/uploads\/2026\/08\/netflix-STEEL-BALL-RUN.jpg\" data-wpel-link=\"external\" target=\"_blank\" rel=\"nofollow external noopener\"><img loading=\"lazy\" decoding=\"async\" class=\"size-full wp-image-602352 aligncenter\" src=\"https:\/\/www.europesays.com\/it\/wp-content\/uploads\/2026\/08\/netflix-STEEL-BALL-RUN.jpg\" alt=\"\" width=\"1500\" height=\"2222\"\/><\/a><\/p>\n<p>STEEL BALL RUN &#8211; Le bizzarre avventure di JoJo &#8211; stagione 2 &#8211; 25 settembre<\/p>\n<p>Johnny Joestar e Gyro Zeppeli si preparano ad affrontare una tappa estenuante attraverso il deserto. In un percorso di circa 1.200 chilometri, i due dovranno attraversare una terra ostile che nasconde la temuta zona conosciuta come il \u201cPalmo del Diavolo\u201d. Tra un cowboy deciso a scoprire il responsabile di un misterioso omicidio e una figura dotata di un potere immenso, nuovi e sorprendenti personaggi faranno il loro debutto nella 2\u00aa TAPPA. Ma, mentre una serie di inquietanti eventi inizia a susseguirsi, Johnny e Gyro comprendono che la gara \u00e8 molto pi\u00f9 di una semplice competizione. In questa seconda delle nove TAPPE, i due protagonisti dovranno confrontarsi con avversari sempre pi\u00f9 pericolosi e con le motivazioni nascoste di chi, come loro, \u00e8 disposto a tutto pur di raggiungere il traguardo.<\/p>\n<p><a href=\"https:\/\/www.europesays.com\/it\/wp-content\/uploads\/2026\/08\/netflix-LEGO-ONE-PIECE-1.jpg\" data-wpel-link=\"external\" target=\"_blank\" rel=\"nofollow external noopener\"><img loading=\"lazy\" decoding=\"async\" class=\"size-full wp-image-602357 aligncenter\" src=\"https:\/\/www.europesays.com\/it\/wp-content\/uploads\/2026\/08\/netflix-LEGO-ONE-PIECE-1.jpg\" alt=\"\" width=\"3840\" height=\"2160\"\/><\/a><\/p>\n<p>LEGO ONE PIECE &#8211; 29 settembre<\/p>\n<p>Arriva uno speciale animato LEGO\u00ae in due parti dedicato a One Piece. I protagonisti solcano le acque pericolose della Rotta Maggiore alla ricerca del leggendario tesoro e inseguono i propri sogni. Lungo il viaggio, la ciurma dovr\u00e0 vedersela con un folle clown pirata, i Marines, gli uomini pesce e una misteriosa organizzazione criminale, esplorando isole tanto affascinanti quanto pericolose, tra avventure, battaglie e momenti esilaranti. A raccontare questa incredibile storia sar\u00e0 l\u2019inaffidabile narratore della ciurma: Usop, che accompagner\u00e0 il pubblico con il suo inconfondibile stile.<\/p>\n<p><a href=\"https:\/\/www.europesays.com\/it\/wp-content\/uploads\/2026\/08\/netflix-The-Arena.jpg\" data-wpel-link=\"external\" target=\"_blank\" rel=\"nofollow external noopener\"><img loading=\"lazy\" decoding=\"async\" class=\"size-full wp-image-602342 aligncenter\" src=\"https:\/\/www.europesays.com\/it\/wp-content\/uploads\/2026\/08\/netflix-The-Arena.jpg\" alt=\"\" width=\"2000\" height=\"1334\"\/><\/a><\/p>\n<p>The Arena &#8211; 30 settembre<\/p>\n<p>Trentotto lottatori amatoriali di arti marziali miste, di cui met\u00e0 donne e met\u00e0 uomini, si uniscono al pi\u00f9 grande training camp mai concepito. Nello spettacolare scenario dell&#8217;Arena affronteranno sfide fisiche e mentali sotto l&#8217;occhio vigile di tre star delle MMA francesi: Ciryl Gane, C\u00e9dric Doumb\u00e9 e Beno\u00eet Saint Denis. Si scontreranno faccia a faccia in incontri di un&#8217;intensit\u00e0 inaudita con un unico obiettivo: la vittoria, 100.000 euro e un contratto con una prestigiosa lega professionistica.<\/p>\n<p>Paramount+<\/p>\n<p><a href=\"https:\/\/www.europesays.com\/it\/wp-content\/uploads\/2026\/08\/All-The-Queens-Men_S5_KA_Vertical_2700x4000_LOC_IT.jpg\" data-wpel-link=\"external\" target=\"_blank\" rel=\"nofollow external noopener\"><img loading=\"lazy\" decoding=\"async\" class=\"size-full wp-image-602363 aligncenter\" src=\"https:\/\/www.europesays.com\/it\/wp-content\/uploads\/2026\/08\/All-The-Queens-Men_S5_KA_Vertical_2700x4000_LOC_IT.jpg\" alt=\"\" width=\"2700\" height=\"4000\"\/><\/a><\/p>\n<p>ALL THE QUEEN\u2019S MEN \u2013 Stagioni 1-5 &#8211; 9 settembre<\/p>\n<p>Eva Marcille veste i panni di Marilyn \u201cMadam\u201d DeVille, imprenditrice brillante e seducente che guida il Club Eden, uno dei locali di male exotic dancing pi\u00f9 esclusivi e redditizi della citt\u00e0. Madam ha costruito il proprio impero circondandosi di uomini affascinanti e collaboratori fedeli, ma dietro il glamour, il desiderio e gli spettacoli del club si nasconde un mondo dominato da denaro, ricatti, rivalit\u00e0 e pericolosi affari criminali. Mentre nuovi nemici cercano di sottrarle il potere e le persone pi\u00f9 vicine a lei inseguono ambizioni e segreti personali, Madam deve difendere tutto ci\u00f2 che ha costruito senza mostrare alcuna debolezza.<\/p>\n<p>GOLDEN AXE &#8211; 16 settembre<\/p>\n<p>In GOLDEN AXE, nuova serie animata ispirata all\u2019iconico videogioco SEGA del 1989, i leggendari guerrieri Ax Battler, Tyris Flare e Gilius Thunderhead sono costretti a riunirsi per salvare ancora una volta il regno di Yuria dal malvagio gigante Death Adder, un nemico che sembra incapace di restare morto. La loro nuova missione viene per\u00f2 complicata dall\u2019arrivo di Hampton Squib, aspirante eroe entusiasta ma totalmente impreparato, il cui desiderio di vivere una grande avventura supera di gran lunga le sue effettive capacit\u00e0. Costretti a collaborare nonostante caratteri, difetti e obiettivi diversi, i quattro dovranno affrontare creature, pericoli e alcune delle minacce pi\u00f9 iconiche del videogioco originale. Una comedy animata action-fantasy che rilegge il mondo sword-and-sorcery del franchise tra nostalgia videoludica, violenza animata e humour irriverente.<\/p>\n<p><a href=\"https:\/\/www.europesays.com\/it\/wp-content\/uploads\/2026\/08\/3-1.jpg\" data-wpel-link=\"external\" target=\"_blank\" rel=\"nofollow external noopener\"><img loading=\"lazy\" decoding=\"async\" class=\"size-full wp-image-602393 aligncenter\" src=\"https:\/\/www.europesays.com\/it\/wp-content\/uploads\/2026\/08\/3-1.jpg\" alt=\"\" width=\"1920\" height=\"1080\"\/><\/a><\/p>\n<p>MOBLAND &#8211; stagione 2 &#8211; 18 settembre<\/p>\n<p>Nella seconda stagione, gli Harrigan cercano di mostrare un fronte unito mentre nuovi rivali minacciano ci\u00f2 che resta del loro impero criminale. Harry \u00e8 costretto a muoversi su un equilibrio sempre pi\u00f9 pericoloso quando le tensioni all\u2019interno della famiglia aumentano: la violenza invade ogni aspetto delle loro vite, le lealt\u00e0 vengono messe alla prova e la lotta per il potere non lascia spazio alla piet\u00e0.<\/p>\n<p>TYLER PERRY\u2019S RUTHLESS \u2013 Stagioni 1-6 &#8211; 29 settembre<\/p>\n<p>Al centro della storia c\u2019\u00e8 Ruth Truesdale, una giovane madre intrappolata nei Rakudushi, una setta fanatica guidata da un leader carismatico e spietato che esercita un controllo assoluto sui suoi seguaci. Per sopravvivere e trovare un modo per salvare la figlia, Ruth \u00e8 costretta a fingere obbedienza, muovendosi con estrema cautela in un mondo dominato da manipolazione psicologica, violenza, segreti e giochi di potere. Ma all\u2019interno del culto nessuno \u00e8 davvero al sicuro: alleanze e rivalit\u00e0 cambiano continuamente, ogni tentativo di fuga pu\u00f2 trasformarsi in una condanna e anche le persone pi\u00f9 vicine a Ruth potrebbero tradirla.<\/p>\n<p><a href=\"https:\/\/www.europesays.com\/it\/wp-content\/uploads\/2026\/08\/SACRIFICE_MASTER_S1_SOCIAL_SHOWONLY_1080x1080_081726_IT_REG_V1.jpg\" data-wpel-link=\"external\" target=\"_blank\" rel=\"nofollow external noopener\"><img loading=\"lazy\" decoding=\"async\" class=\"size-full wp-image-602366 aligncenter\" src=\"https:\/\/www.europesays.com\/it\/wp-content\/uploads\/2026\/08\/SACRIFICE_MASTER_S1_SOCIAL_SHOWONLY_1080x1080_081726_IT_REG_V1.jpg\" alt=\"\" width=\"1080\" height=\"1080\"\/><\/a><br \/>\nSACRIFICE &#8211; Stagione 1 e primi episodi Stagione 2 &#8211; 30 settembre<\/p>\n<p>Daniella Hernandez \u00e8 una delle pi\u00f9 potenti e temute avvocate dell\u2019entertainment di Los Angeles. Celebrit\u00e0, imprenditori e figure di primo piano si rivolgono a lei quando scandali, crimini e segreti privati rischiano di distruggere le loro carriere. Daniella non si limita per\u00f2 a difendere i propri clienti in tribunale: interviene come una vera fixer, muovendosi tra accordi riservati, ricatti, relazioni pericolose e verit\u00e0 che qualcuno \u00e8 disposto a tutto pur di nascondere. Il suo potere la mette in rotta di collisione con Beverly Rucker, procuratrice distrettuale ed ex sorella di confraternita.<\/p>\n<p>Prime Video<br \/>\nA Love Other Than Yours &#8211; 12 settembre<\/p>\n<p>La serie racconta la storia di Namgung Ho e Lee Mi-do, una coppia che sta insieme da dieci anni, la cui passione, un tempo ardente, si \u00e8 trasformata in tranquilla fiducia reciproca. Ho \u00e8 un uomo socievole, capace di conquistare le persone in pochi minuti, e ritiene che il matrimonio sia il naturale passo successivo nella loro relazione. Mi-do, una regista cinematografica dedita al proprio lavoro, si ritrova con il cuore turbato da un altro uomo durante un periodo difficile della sua carriera. Mentre la loro relazione comincia a vacillare, i due sono costretti ad affrontare una domanda difficile: sposarsi o scegliere finalmente un amore diverso da quello che provano l\u2019uno per l\u2019altra?<\/p>\n<p><a href=\"https:\/\/www.europesays.com\/it\/wp-content\/uploads\/2026\/08\/Prime-Video_Neagley_S1_16x9-1.jpg\" data-wpel-link=\"external\" target=\"_blank\" rel=\"nofollow external noopener\"><img loading=\"lazy\" decoding=\"async\" class=\"size-full wp-image-602368 aligncenter\" src=\"https:\/\/www.europesays.com\/it\/wp-content\/uploads\/2026\/08\/Prime-Video_Neagley_S1_16x9-1.jpg\" alt=\"\" width=\"2000\" height=\"1125\"\/><\/a><\/p>\n<p>Neagley &#8211; 16 settembre<\/p>\n<p>Frances Neagley fa l\u2019investigatrice privata a Chicago, ed \u00e8 un\u2019ex compagna d&#8217;armi di Jack Reacher nella 110\u00aa Unit\u00e0 Investigativa Speciale dell\u2019Esercito. Quando viene a sapere che un caro amico del suo passato \u00e8 rimasto ucciso in un incidente sospetto, decide di fare di tutto per ottenere giustizia. Sfruttando tutto ci\u00f2 che ha imparato da Jack Reacher e dalla sua esperienza nella 110\u00aa Unit\u00e0 Investigativa Speciale, Neagley si incammina su un sentiero pericoloso per smascherare un&#8217;oscura minaccia.<\/p>\n<p>HBO Max<\/p>\n<p><a href=\"https:\/\/www.europesays.com\/it\/wp-content\/uploads\/2026\/08\/HBO-MAX-YOUTH-rupert-friend-sharon-horgan-1.jpg\" data-wpel-link=\"external\" target=\"_blank\" rel=\"nofollow external noopener\"><img loading=\"lazy\" decoding=\"async\" class=\"size-full wp-image-602373 aligncenter\" src=\"https:\/\/www.europesays.com\/it\/wp-content\/uploads\/2026\/08\/HBO-MAX-YOUTH-rupert-friend-sharon-horgan-1.jpg\" alt=\"\" width=\"1920\" height=\"1280\"\/><\/a>\n<\/p>\n<p>YOUTH &#8211; 21 settembre<\/p>\n<p>La serie segue una donna divorziata di 50 anni alla ricerca di sesso e amore, mentre cerca di conciliare la cura dei genitori malati con il ruolo di madre di un figlio che dovrebbe ormai essere adulto.<\/p>\n<p><a href=\"https:\/\/www.europesays.com\/it\/wp-content\/uploads\/2026\/08\/4-Blocks-Zero_S1-Main-Key-Art_TT_16x9_de_DE-1.jpg\" data-wpel-link=\"external\" target=\"_blank\" rel=\"nofollow external noopener\"><img loading=\"lazy\" decoding=\"async\" class=\"size-full wp-image-602384 aligncenter\" src=\"https:\/\/www.europesays.com\/it\/wp-content\/uploads\/2026\/08\/4-Blocks-Zero_S1-Main-Key-Art_TT_16x9_de_DE-1.jpg\" alt=\"\" width=\"2000\" height=\"1125\"\/><\/a><\/p>\n<p>4 BLOCKS ZERO &#8211; 25 settembre<\/p>\n<p>Ambientata nella Berlino degli anni &#8217;90, la serie \u00e8 il prequel della pluripremiata serie cult tedesca 4\u00a0Blocks\u00a0e racconta le origini della famiglia Hamady, prima della loro ascesa ai vertici della criminalit\u00e0 berlinese. Dopo essere fuggito dal Libano insieme ai quattro figli e alla suocera, Malik Hamady cerca di costruire una nuova vita per la sua famiglia in Germania, ma si trova ad affrontare pregiudizi, difficolt\u00e0 economiche e le sfide dell&#8217;integrazione. Il ritorno del cognato Ibrahim, appena uscito di prigione dopo otto anni, riporta nella vita della famiglia un pericoloso segreto e trascina gli Hamady sempre pi\u00f9 vicino al mondo della criminalit\u00e0.<\/p>\n<p>\u00a0<\/p>\n<p><a href=\"https:\/\/www.europesays.com\/it\/wp-content\/uploads\/2026\/08\/HBO-MAX_paolo.jpg\" data-wpel-link=\"external\" target=\"_blank\" rel=\"nofollow external noopener\"><img loading=\"lazy\" decoding=\"async\" class=\"size-full wp-image-602385 aligncenter\" src=\"https:\/\/www.europesays.com\/it\/wp-content\/uploads\/2026\/08\/HBO-MAX_paolo.jpg\" alt=\"\" width=\"1024\" height=\"576\"\/><\/a><br \/>\n<strong>PAOLO &#8211; 25 settembre<\/strong><\/p>\n<p>La serie francese racconta la storia di Paolo, un uomo della classe operaia la cui vita cambia quando incontra T\u00e9ophane, un ambizioso politico locale ed ex compagno di scuola. Quello che inizia come ammirazione per T\u00e9ophane e come impegno nella sua campagna elettorale si trasforma gradualmente in un desiderio totalizzante. Sullo sfondo di una cittadina di provincia attraversata da tensioni sociali, la serie esplora desiderio, differenze di classe e giochi di potere, in un crescendo di trasgressioni e conflitti.<\/p>\n<p>Testi di Melania Guarda Ceccoli\u00a0<\/p>\n<p><strong>CONTINUA A SFOGLIARE LA GALLERY PER GUARDARE LE USCITE DEI MESI PASSATI&#8230;..<\/strong><\/p>\n<p style=\"font-size: 12px !important; font-weight: 700 !important; margin-top: .3125rem !important; color: #9b9b9b;\">Dove Viaggi \u00a9RIPRODUZIONE RISERVATA<\/p>\n","protected":false},"excerpt":{"rendered":"SKY Nightsleeper &#8211; Fuori controllo &#8211; 4 settembre La serie \u00e8 un thriller in sei episodi ambientato a&hellip;\n","protected":false},"author":3,"featured_media":658379,"comment_status":"","ping_status":"","sticky":false,"template":"","format":"standard","meta":{"footnotes":"","_share_on_mastodon":"0"},"categories":[1444],"tags":[1303,203,204,1537,90,89,2052,3166,363255,4425,1821,9100,270,253,2959],"class_list":["post-658378","post","type-post","status-publish","format-standard","has-post-thumbnail","category-tv","tag-aggiornamento","tag-entertainment","tag-intrattenimento","tag-it","tag-italia","tag-italy","tag-migliori","tag-netflix","tag-netflix-sky","tag-prime","tag-serie","tag-serie-tv","tag-sky","tag-tv","tag-vedere"],"share_on_mastodon":{"url":"https:\/\/pubeurope.com\/@it\/117191276483695634","error":""},"_links":{"self":[{"href":"https:\/\/www.europesays.com\/it\/wp-json\/wp\/v2\/posts\/658378","targetHints":{"allow":["GET"]}}],"collection":[{"href":"https:\/\/www.europesays.com\/it\/wp-json\/wp\/v2\/posts"}],"about":[{"href":"https:\/\/www.europesays.com\/it\/wp-json\/wp\/v2\/types\/post"}],"author":[{"embeddable":true,"href":"https:\/\/www.europesays.com\/it\/wp-json\/wp\/v2\/users\/3"}],"replies":[{"embeddable":true,"href":"https:\/\/www.europesays.com\/it\/wp-json\/wp\/v2\/comments?post=658378"}],"version-history":[{"count":0,"href":"https:\/\/www.europesays.com\/it\/wp-json\/wp\/v2\/posts\/658378\/revisions"}],"wp:featuredmedia":[{"embeddable":true,"href":"https:\/\/www.europesays.com\/it\/wp-json\/wp\/v2\/media\/658379"}],"wp:attachment":[{"href":"https:\/\/www.europesays.com\/it\/wp-json\/wp\/v2\/media?parent=658378"}],"wp:term":[{"taxonomy":"category","embeddable":true,"href":"https:\/\/www.europesays.com\/it\/wp-json\/wp\/v2\/categories?post=658378"},{"taxonomy":"post_tag","embeddable":true,"href":"https:\/\/www.europesays.com\/it\/wp-json\/wp\/v2\/tags?post=658378"}],"curies":[{"name":"wp","href":"https:\/\/api.w.org\/{rel}","templated":true}]}}