{"id":658384,"date":"2026-08-31T17:23:15","date_gmt":"2026-08-31T17:23:15","guid":{"rendered":"https:\/\/www.europesays.com\/it\/658384\/"},"modified":"2026-08-31T17:23:15","modified_gmt":"2026-08-31T17:23:15","slug":"lionel-messi-annuncia-laddio-allargentina-mi-ritiro-dalla-nazionale-fa-male-ma-e-il-momento-giusto","status":"publish","type":"post","link":"https:\/\/www.europesays.com\/it\/658384\/","title":{"rendered":"Lionel Messi annuncia l&#8217;addio all&#8217;Argentina: \u00abMi ritiro dalla Nazionale, fa male ma \u00e8 il momento giusto\u00bb"},"content":{"rendered":"<p>    di<br \/>\n    Carlos Passerini<\/p>\n<p class=\"summary-art is-line-h-12\">Il fuoriclasse argentino ha pubblicato una lunga dichiarazione sui social: \u00ab\u00c8 stata una decisione che ha fatto male e fa male all&#8217;anima, ma capisco che \u00e8 arrivato il momento\u00bb<\/p>\n<p class=\"chapter-paragraph\">Don\u2019t cry for me, Argentina. Stavolta s\u00ec, stavolta \u00e8 per sempre: <b>Messi dice adi\u00f2s alla Selecci\u00f2n<\/b>. E lo fa con una lettera social, intima e sentita, scritta a mano, di suo pugno, tre fogli che somigliano a un testamento: \u00ab<b>\u00c8 stata una decisione dolorosa e mi fa ancora male all\u2019anima, ma ho capito che \u00e8 il momento\u00bb<\/b>. Il passaggio pi\u00f9 intenso, che racchiude il senso profondo della scelta, il vero retroscena, arriva per\u00f2 alla fine: \u00abHo scritto queste parole il 21 luglio, due giorni dopo la finale. Dopo la cosa di pap\u00e0, ne sono ancora pi\u00f9 convinto\u00bb. <a href=\"https:\/\/www.corriere.it\/sport\/26_agosto_08\/morto-papa-messi-jorge-0e5916ea-47ae-4a00-bb60-a9a8516e3xlk.shtml\" target=\"_blank\" rel=\"nofollow noopener\">La morte di Don Jorge<\/a> a 68 anni, avvenuta l\u20198 agosto scorso, dopo una malattia durata alcuni mesi, ha avuto un peso decisivo.<\/p>\n<p class=\"chapter-paragraph\"><b>Qualcosa in lui \u00e8 cambiato dopo il lutto, racconta chi gli sta vicino. <\/b>Leo al Mondiale non giocava per se stesso, ma per il padre. L\u2019abbiamo scoperto solo dopo, quando tutto era finito. A spiegarlo era stato lo stesso Lionel, sempre sui social, dopo il funerale: \u00abVolevo portati la coppa, ma non ci sono riuscito. <b>Non so come far\u00f2 ad andare avanti senza di te\u00bb. <\/b>E infatti ha scelto di smettere con la Nazionale. A 39 anni, continuer\u00e0 a giocare solo con l\u2019Inter Miami, nella Mls americana.\u00a0    &#13;<br \/>\n&#13;<br \/>\n&#13;<br \/>\n&#13;<br \/>\n&#13;<br \/>\n&#13;<br \/>\n&#13;<br \/>\n&#13;<br \/>\n&#13;<br \/>\n&#13;<br \/>\n&#13;<br \/>\n&#13;<br \/>\n&#13;<br \/>\n&#13;<br \/>\n&#13;<br \/>\n&#13;<br \/>\n&#13;<br \/>\n&#13;<br \/>\n&#13;<br \/>\n&#13;<br \/>\n&#13;<br \/>\n&#13;<br \/>\n&#13;<br \/>\n&#13;<br \/>\n&#13;<br \/>\n&#13;<br \/>\n&#13;<br \/>\n&#13;<br \/>\n&#13;<br \/>\n&#13;<br \/>\n&#13;<br \/>\n&#13;<br \/>\n&#13;<br \/>\n&#13;<br \/>\n&#13;<br \/>\n&#13;<br \/>\n&#13;<br \/>\n&#13;<br \/>\n&#13;<br \/>\n&#13;<br \/>\n&#13;<br \/>\n&#13;<br \/>\n&#13;<br \/>\n&#13;<br \/>\n&#13;<br \/>\n&#13;<br \/>\n&#13;<br \/>\n&#13;<br \/>\n&#13;<br \/>\n&#13;<br \/>\n&#13;<br \/>\n&#13;<br \/>\n&#13;\n<\/p>\n<p class=\"chapter-paragraph\"><b>L\u2019altro giorno ha segnato quattro gol in una partita sola<\/b>. Ma con l\u2019Argentina no, basta, nunca m\u00e1s, mai pi\u00f9. Viene cos\u00ec smentito chi era convinto che dopo la sconfitta in finale contro la Spagna volesse addirittura arrivare alla prossima Coppa America, fra due anni. Non sar\u00e0 cos\u00ec. Anche per un senso di responsabilit\u00e0, che gli fa onore: \u00abHo dato tutto ci\u00f2 che avevo, non mi \u00e8 rimasto pi\u00f9 nulla da dare e, d&#8217;altronde, stanno emergendo grandi giovani che meritano di essere qui\u00bb.\u00a0<\/p>\n<p class=\"chapter-paragraph\">Come<b> Nico Paz,<\/b> un \u201cdieci\u201d che forse non raggiunger\u00e0 mai il livello di Messi, ma che merita pi\u00f9 spazio di quanto non ne abbia avuto fin qui con l\u2019Albiceleste. Il grande campione ora fa un passo indietro. Vuole dedicarsi alla famiglia, continuando a vivere in Florida, dove ha trovato casa e dimensione per s\u00e9, la moglie, i figli: \u00abDa qui in poi sar\u00f2 un tifoso come voi\u00bb, si legge ancora nella lettera che nessun argentino avrebbe voluto leggere, n\u00e9 oggi n\u00e9 mai. Non piangere, Argentina. Anche se \u00e8 la fine di un\u2019era. Ma tutto ha una fine. Fu cos\u00ec per Maradona, \u00e8 cos\u00ec per Messi. Gracias por todo, Leo. E buona vita.<\/p>\n<p class=\"is-last-update\" datetime=\"2026-08-31T18:54:37+02:00\">31 agosto 2026 ( modifica il 31 agosto 2026 | 18:54)<\/p>\n<p class=\"is-copyright\">\n            \u00a9 RIPRODUZIONE RISERVATA\n        <\/p>\n","protected":false},"excerpt":{"rendered":"di Carlos Passerini Il fuoriclasse argentino ha pubblicato una lunga dichiarazione sui social: \u00ab\u00c8 stata una decisione che&hellip;\n","protected":false},"author":3,"featured_media":658385,"comment_status":"","ping_status":"","sticky":false,"template":"","format":"standard","meta":{"footnotes":"","_share_on_mastodon":"0"},"categories":[176],"tags":[2983,363256,363257,3811,363258,363259,23221,363260,363261,2699,7678,2648,11611,26944,4297,1368,8784,1426,1537,90,89,12606,2698,238246,59,1354,2677,1686,245,244,12354],"class_list":["post-658384","post","type-post","status-publish","format-standard","has-post-thumbnail","category-sport","tag-addio","tag-addio-argentina","tag-addio-argentina-instagram","tag-addirittura","tag-addirittura-arrivare","tag-addirittura-arrivare-prossima","tag-adios","tag-adios-seleccion","tag-adios-seleccion-lettera","tag-agosto","tag-anima","tag-argentina","tag-argentino","tag-convinto","tag-coppa","tag-decisione","tag-don","tag-finale","tag-it","tag-italia","tag-italy","tag-leo","tag-lettera","tag-lionel","tag-messi","tag-ne","tag-senso","tag-social","tag-sport","tag-sports","tag-stavolta"],"share_on_mastodon":{"url":"https:\/\/pubeurope.com\/@it\/117191285662449180","error":""},"_links":{"self":[{"href":"https:\/\/www.europesays.com\/it\/wp-json\/wp\/v2\/posts\/658384","targetHints":{"allow":["GET"]}}],"collection":[{"href":"https:\/\/www.europesays.com\/it\/wp-json\/wp\/v2\/posts"}],"about":[{"href":"https:\/\/www.europesays.com\/it\/wp-json\/wp\/v2\/types\/post"}],"author":[{"embeddable":true,"href":"https:\/\/www.europesays.com\/it\/wp-json\/wp\/v2\/users\/3"}],"replies":[{"embeddable":true,"href":"https:\/\/www.europesays.com\/it\/wp-json\/wp\/v2\/comments?post=658384"}],"version-history":[{"count":0,"href":"https:\/\/www.europesays.com\/it\/wp-json\/wp\/v2\/posts\/658384\/revisions"}],"wp:featuredmedia":[{"embeddable":true,"href":"https:\/\/www.europesays.com\/it\/wp-json\/wp\/v2\/media\/658385"}],"wp:attachment":[{"href":"https:\/\/www.europesays.com\/it\/wp-json\/wp\/v2\/media?parent=658384"}],"wp:term":[{"taxonomy":"category","embeddable":true,"href":"https:\/\/www.europesays.com\/it\/wp-json\/wp\/v2\/categories?post=658384"},{"taxonomy":"post_tag","embeddable":true,"href":"https:\/\/www.europesays.com\/it\/wp-json\/wp\/v2\/tags?post=658384"}],"curies":[{"name":"wp","href":"https:\/\/api.w.org\/{rel}","templated":true}]}}