{"id":658392,"date":"2026-08-31T17:27:16","date_gmt":"2026-08-31T17:27:16","guid":{"rendered":"https:\/\/www.europesays.com\/it\/658392\/"},"modified":"2026-08-31T17:27:16","modified_gmt":"2026-08-31T17:27:16","slug":"corridoi-vuoti-alla-woolrich-78-licenziati-a-bologna-il-grido-dei-lavoratori-anni-di-storia-e-lavoro-gettati-nellimmondizia","status":"publish","type":"post","link":"https:\/\/www.europesays.com\/it\/658392\/","title":{"rendered":"Corridoi vuoti alla Woolrich, 78 licenziati a Bologna. Il grido dei lavoratori: \u201cAnni di storia e lavoro\u00a0gettati nell\u2019immondizia\u201d"},"content":{"rendered":"<p>Bologna, 31 agosto 2026 \u2013<strong> <a rel=\"follow nofollow noopener\" href=\"https:\/\/www.ilrestodelcarlino.it\/bologna\/economia\/woolrich-lettera-dipendenti-ivkaxm6b\" target=\"_blank\">\u201cNon s-bolognateci\u201d<\/a><\/strong>.\u00a0In<strong> via della Cooperazione<\/strong> il grido dei lavoratori di <strong><a rel=\"follow nofollow noopener\" href=\"https:\/\/www.ilrestodelcarlino.it\/bologna\/cronaca\/chiude-woolrich-bologna-h1l8t2ae\" target=\"_blank\">Woolrich <\/a><\/strong>riecheggia tra i corridoi vuoti dell\u2019azienda chiusa da questo pomeriggio. Rappresenta la voce ignorata di un centinaio di dipendenti tra Milano e Bologna rimasti senza lavoro. Una vicenda iniziata a dicembre dell\u2019anno scorso, quando la nuova propriet\u00e0 del brand d\u2019abbigliamento, la <strong>torinese BasicNet<\/strong>, ha annunciato il trasferimento di 109 persone da Bologna, oltre alle 30 di Milano, al nuovo quartier generale di Torino.<\/p>\n<p> <img alt=\"La sede della Woolrich: \u00e8 l'alba dell'ultimo giorno in azienda a Bologna\" loading=\"lazy\" width=\"1600\" height=\"900\" decoding=\"async\" data-nimg=\"1\" style=\"color:transparent;max-width:100%;height:auto\"   src=\"https:\/\/www.europesays.com\/it\/wp-content\/uploads\/2026\/08\/la-sede-della-woolrich-e-l-alba-dell-ultimo-giorno-in-azienda-a-bologna.webp\"\/><\/p>\n<p>La sede della Woolrich: \u00e8 l&#8217;alba dell&#8217;ultimo giorno in azienda a Bologna<\/p>\n<p>Il mantra della vertenza che ha riguardato il brand d\u2019abbigliamento \u00e8 rimasto inascoltato. Il risultato \u00e8 che da oggi nessuno verr\u00e0 pi\u00f9 in ufficio a<strong> Bologna<\/strong>. I corridoi sono vuoti e, dalle 18 di oggi, i dipendenti sono effettivamente senza contratto.\u00a0<\/p>\n<p>Lo scorso inverno ai lavoratori era stato offerto un trasferimento incentivato a Torino, sia economicamente che a livello organizzativo per chi avrebbe scelto di trasferirsi nella nuova base piemontese. O restare nelle sedi di Bologna o Milano fino al massimo al 31 marzo 2027. Una data che \u00e8 stata anticipata a oggi. Alla fine la vertenza \u00e8 finita nello scenario peggiore.<\/p>\n<p>Approfondisci:<\/p>\n<p><a href=\"https:\/\/www.ilrestodelcarlino.it\/emilia-romagna\/cronaca\/corriere-muore-precario-consegna-au84zxvm\" class=\"ArticleEmbed_article__embed__content__Jzqnz\" rel=\"nofollow noopener\" target=\"_blank\">Corriere e pap\u00e0 di 3 figli muore durante una consegna nell\u2019ultimo giorno di contratto: \u201cTemeva di non venire rinnovato\u201d<img alt=\"Corriere e pap\u00e0 di 3 figli muore durante una consegna nell\u2019ultimo giorno di contratto: \u201cTemeva di non venire rinnovato\u201d\" loading=\"lazy\" width=\"140\" height=\"78\" decoding=\"async\" data-nimg=\"1\" style=\"color:transparent\"  src=\"https:\/\/www.europesays.com\/it\/wp-content\/uploads\/2026\/08\/un-momento-dello-sciopero-foto-dalla-pagina-facebool-della-cgil-piacenza-e-pasquale-andriotta-il-cor.webp\"\/><\/a> <\/p>\n<p>Il racconto dell\u2019ultimo giorno <\/p>\n<p>Fuori dai cancelli, intanto, le scritte e i cartoni degli uffici sono gi\u00e0 finiti nel bidone: \u201cQuesta \u00e8 la nostra storia&#8230; finita nella spazzatura. \u00c8 l\u2019immagine che riassume l\u2019amarezza di questi giorni: i tessuti, i campioni e il <strong>lavoro di anni <\/strong>buttati via senza troppi complimenti\u201d.<\/p>\n<p>Si apre cos\u00ec il testo, straziante, dei<strong>\u00a0dipendenti Woolrich<\/strong>.<\/p>\n<p> <img alt=\"Il corridoio vuoto dell'edificio della Woolrich a Bologna\" loading=\"lazy\" width=\"1512\" height=\"2016\" decoding=\"async\" data-nimg=\"1\" style=\"color:transparent;max-width:100%;height:auto\"   src=\"https:\/\/www.europesays.com\/it\/wp-content\/uploads\/2026\/08\/il-corridoio-vuoto-dell-edificio-della-woolrich-a-bologna.webp\"\/><\/p>\n<p>Il corridoio vuoto dell&#8217;edificio della Woolrich a Bologna<\/p>\n<p>Sono 78 i licenziamenti a Bologna <\/p>\n<p>Per quanto riguarda la sede di Bologna, questa mattina nella sede di Confindustria per la firma dei verbali di conciliazione erano presenti <strong>64 lavoratrici e lavoratori<\/strong>, con un\u2019et\u00e0 media compresa tra i <strong>40 e i 50 anni<\/strong>, chiamati a sottoscrivere il verbale di conciliazione sindacale finalizzato alla conclusione del rapporto di lavoro.<\/p>\n<p>L\u2019accordo prevede il riconoscimento di un incentivo all\u2019esodo commisurato all\u2019anzianit\u00e0 di servizio, con importi indicativamente compresi<strong> tra i 30 mila e i 100 mila euro lordi<\/strong>.<\/p>\n<p>A questi si aggiungono <strong>14 lavoratrici e lavoratori bolognesi<\/strong> che avevano anticipato l\u2019uscita sottoscrivendo il verbale di conciliazione gi\u00e0 nel mese di luglio, <strong>portando complessivamente a 78 il numero dei dipendenti della sede di Bologna<\/strong> che hanno perso il posto di lavoro nell\u2019ambito della procedura. A <strong>Milano<\/strong>, invece, i lavoratori in uscita che hanno conciliato il rapporto di lavoro attraverso la Commissione di certificazione sono stati <strong>13<\/strong>.<\/p>\n<p> <img alt=\"Il dolore dei dipendenti della Woolrich lo scorso inverno\" loading=\"lazy\" width=\"1280\" height=\"719\" decoding=\"async\" data-nimg=\"1\" style=\"color:transparent;max-width:100%;height:auto\"   src=\"https:\/\/www.europesays.com\/it\/wp-content\/uploads\/2026\/08\/il-dolore-dei-dipendenti-della-woolrich-lo-scorso-inverno.webp\"\/><\/p>\n<p>Il dolore dei dipendenti della Woolrich lo scorso inverno<\/p>\n<p>I sindacati soddisfatti <\/p>\n<p>\u201cCon la conclusione della procedura \u2013 dichiarano unitariamente <strong>Fisascat Cisl, Filcams Cgil e Uiltucs <\/strong>\u2013\u00a0si chiude una vertenza particolarmente complessa, che ha coinvolto lavoratrici e lavoratori con professionalit\u00e0, competenze e anni di esperienza importanti. <strong>Esprimiamo soddisfazione<\/strong> per il fatto che <strong>il confronto sindacale abbia consentito di garantire<\/strong>, nell\u2019ambito del piano sociale sottoscritto tra le parti, condizioni di uscita e tutele economiche per le persone coinvolte\u201d.<\/p>\n<p> <img alt=\"Chiude la Woolrich a Bologna: oltre 100 lavoratori rischiano il licenziamento\" loading=\"lazy\" width=\"1600\" height=\"900\" decoding=\"async\" data-nimg=\"1\" style=\"color:transparent;max-width:100%;height:auto\"   src=\"https:\/\/www.europesays.com\/it\/wp-content\/uploads\/2026\/08\/chiude-la-woolrich-a-bologna-oltre-100-lavoratori-rischiano-il-licenziamento.webp\"\/><\/p>\n<p>Chiude la Woolrich a Bologna: oltre 100 lavoratori rischiano il licenziamento<\/p>\n<p>Un risultato importante riguarda la continuit\u00e0 occupazionale garantita dall\u2019acquirente BasicNet, con il mantenimento del posto di lavoro per <strong>25 lavoratrici e lavoratori <\/strong>complessivamente tra Bologna e Milano, oltre a<strong> 4 dirigenti<\/strong> che hanno scelto di proseguire il proprio percorso professionale attraverso il trasferimento a Torino, usufruendo delle tutele previste dal piano sociale sottoscritto tra le parti.<\/p>\n<p>\u201c\u00c8 un risultato che consente di salvaguardare una parte dell\u2019occupazione \u2013 proseguono le organizzazioni sindacali \u2013 ma non possiamo dimenticare le tante persone che oggi escono dall&#8217;azienda. <strong>La nostra speranza \u00e8 che le lavoratrici e i lavoratori <\/strong>coinvolti possano trovare una nuova occupazione in tempi brevi, valorizzando le competenze e l\u2019esperienza maturate\u201d.<\/p>\n","protected":false},"excerpt":{"rendered":"Bologna, 31 agosto 2026 \u2013 \u201cNon s-bolognateci\u201d.\u00a0In via della Cooperazione il grido dei lavoratori di Woolrich riecheggia tra&hellip;\n","protected":false},"author":3,"featured_media":658393,"comment_status":"","ping_status":"","sticky":false,"template":"","format":"standard","meta":{"footnotes":"","_share_on_mastodon":"0"},"categories":[172],"tags":[178,586,177,13994,363262,80421,155925,1537,90,89,9324,57226,1567,33149,127923],"class_list":["post-658392","post","type-post","status-publish","format-standard","has-post-thumbnail","category-affari","tag-affari","tag-bologna","tag-business","tag-corridoi","tag-gettati","tag-grido","tag-immondizia","tag-it","tag-italia","tag-italy","tag-lavoratori","tag-licenziati","tag-storia","tag-vuoti","tag-woolrich"],"share_on_mastodon":{"url":"https:\/\/pubeurope.com\/@it\/117191301738608168","error":""},"_links":{"self":[{"href":"https:\/\/www.europesays.com\/it\/wp-json\/wp\/v2\/posts\/658392","targetHints":{"allow":["GET"]}}],"collection":[{"href":"https:\/\/www.europesays.com\/it\/wp-json\/wp\/v2\/posts"}],"about":[{"href":"https:\/\/www.europesays.com\/it\/wp-json\/wp\/v2\/types\/post"}],"author":[{"embeddable":true,"href":"https:\/\/www.europesays.com\/it\/wp-json\/wp\/v2\/users\/3"}],"replies":[{"embeddable":true,"href":"https:\/\/www.europesays.com\/it\/wp-json\/wp\/v2\/comments?post=658392"}],"version-history":[{"count":0,"href":"https:\/\/www.europesays.com\/it\/wp-json\/wp\/v2\/posts\/658392\/revisions"}],"wp:featuredmedia":[{"embeddable":true,"href":"https:\/\/www.europesays.com\/it\/wp-json\/wp\/v2\/media\/658393"}],"wp:attachment":[{"href":"https:\/\/www.europesays.com\/it\/wp-json\/wp\/v2\/media?parent=658392"}],"wp:term":[{"taxonomy":"category","embeddable":true,"href":"https:\/\/www.europesays.com\/it\/wp-json\/wp\/v2\/categories?post=658392"},{"taxonomy":"post_tag","embeddable":true,"href":"https:\/\/www.europesays.com\/it\/wp-json\/wp\/v2\/tags?post=658392"}],"curies":[{"name":"wp","href":"https:\/\/api.w.org\/{rel}","templated":true}]}}