{"id":658421,"date":"2026-08-31T17:51:14","date_gmt":"2026-08-31T17:51:14","guid":{"rendered":"https:\/\/www.europesays.com\/it\/658421\/"},"modified":"2026-08-31T17:51:14","modified_gmt":"2026-08-31T17:51:14","slug":"malattia-della-pioggia-aumentano-i-casi-in-europa-cose-e-quali-sono-i-sintomi","status":"publish","type":"post","link":"https:\/\/www.europesays.com\/it\/658421\/","title":{"rendered":"Malattia della pioggia, aumentano i casi in Europa: cos&#8217;\u00e8 e quali sono i sintomi"},"content":{"rendered":"<p>L&#8217;agenzia europea ipotizza un cambiamento nelle modalit\u00e0 di contagio: la trasmissione da persona a persona tramite contatto fisico stretto appare oggi la via pi\u00f9 probabile, pur non escludendo quella indiretta tramite superfici contaminate. L&#8217;ultimo aggiornamento del 21 agosto indica che i casi si osservano &#8220;prevalentemente, ma non esclusivamente, tra uomini gay, bisessuali e altri uomini che hanno rapporti sessuali con uomini&#8221;, spesso frequentatori di locali con attivit\u00e0 sessuali, incluse le saune. Bilancio al 20 agosto 2026: 123 casi in 10 Paesi europei (Austria, Danimarca, Francia, Germania, Paesi Bassi, Norvegia, Spagna, Svezia, Svizzera, Regno Unito).<\/p>\n<p>\u00a0<\/p>\n<p><a data-intcmp=\"skytg24_schede_interlink_text\" href=\"https:\/\/tg24.sky.it\/salute-e-benessere\/approfondimenti\/parkinson-sintomi\" rel=\"nofollow noopener\" target=\"_blank\">Leggi anche: &#8220;Morbo di Parkinson, cos&#8217;\u00e8 e quali sono i sintomi iniziali&#8221;<\/a><\/p>\n","protected":false},"excerpt":{"rendered":"L&#8217;agenzia europea ipotizza un cambiamento nelle modalit\u00e0 di contagio: la trasmissione da persona a persona tramite contatto fisico&hellip;\n","protected":false},"author":3,"featured_media":658422,"comment_status":"","ping_status":"","sticky":false,"template":"","format":"standard","meta":{"footnotes":"","_share_on_mastodon":"0"},"categories":[175],"tags":[364,239,1537,90,89,370,634,240],"class_list":["post-658421","post","type-post","status-publish","format-standard","has-post-thumbnail","category-salute","tag-collaboratori","tag-health","tag-it","tag-italia","tag-italy","tag-malattia","tag-pioggia","tag-salute"],"share_on_mastodon":{"url":"https:\/\/pubeurope.com\/@it\/117191395722361937","error":""},"_links":{"self":[{"href":"https:\/\/www.europesays.com\/it\/wp-json\/wp\/v2\/posts\/658421","targetHints":{"allow":["GET"]}}],"collection":[{"href":"https:\/\/www.europesays.com\/it\/wp-json\/wp\/v2\/posts"}],"about":[{"href":"https:\/\/www.europesays.com\/it\/wp-json\/wp\/v2\/types\/post"}],"author":[{"embeddable":true,"href":"https:\/\/www.europesays.com\/it\/wp-json\/wp\/v2\/users\/3"}],"replies":[{"embeddable":true,"href":"https:\/\/www.europesays.com\/it\/wp-json\/wp\/v2\/comments?post=658421"}],"version-history":[{"count":0,"href":"https:\/\/www.europesays.com\/it\/wp-json\/wp\/v2\/posts\/658421\/revisions"}],"wp:featuredmedia":[{"embeddable":true,"href":"https:\/\/www.europesays.com\/it\/wp-json\/wp\/v2\/media\/658422"}],"wp:attachment":[{"href":"https:\/\/www.europesays.com\/it\/wp-json\/wp\/v2\/media?parent=658421"}],"wp:term":[{"taxonomy":"category","embeddable":true,"href":"https:\/\/www.europesays.com\/it\/wp-json\/wp\/v2\/categories?post=658421"},{"taxonomy":"post_tag","embeddable":true,"href":"https:\/\/www.europesays.com\/it\/wp-json\/wp\/v2\/tags?post=658421"}],"curies":[{"name":"wp","href":"https:\/\/api.w.org\/{rel}","templated":true}]}}