{"id":658460,"date":"2026-08-31T18:21:24","date_gmt":"2026-08-31T18:21:24","guid":{"rendered":"https:\/\/www.europesays.com\/it\/658460\/"},"modified":"2026-08-31T18:21:24","modified_gmt":"2026-08-31T18:21:24","slug":"stellantis-arnaud-belloni-nuovo-ceo-di-fiat-abarth-e-lancia-e-cmo-per-leuropa-torna-da-renault","status":"publish","type":"post","link":"https:\/\/www.europesays.com\/it\/658460\/","title":{"rendered":"Stellantis, Arnaud Belloni nuovo ceo di Fiat, Abarth e Lancia e Cmo per l\u2019Europa: torna da Renault"},"content":{"rendered":"<p>    di<br \/>\n    Redazione Economia<\/p>\n<p class=\"summary-art is-line-h-12 is-mr-t-20\">Belloni rientra in Stellantis da Renault, dove dal novembre 2020 ha ricoperto il ruolo di Global chief marketing officer e, dal maggio 2023, quello di Chief branding officer. Nuovo incarico anche per Xavier Peugeot<\/p>\n<p class=\"chapter-paragraph\"><b\/>Stellantis accelera il riassetto del management europeo e affida ad Arnaud Belloni una delle aree pi\u00f9 delicate della sua strategia industriale: il rilancio dei marchi italiani. <b>Il gruppo ha annunciato il ritorno del manager francese, nominato amministratore delegato di Fiat, Abarth e Lancia e, contestualmente, Chief Marketing Officer per l&#8217;Europa<\/b>. Belloni riporter\u00e0 a Emanuele Cappellano, Chief Operating Officer per l&#8217;Enlarged Europe, mentre Olivier Fran\u00e7ois accompagner\u00e0 la transizione fino a met\u00e0 ottobre per poi mantenere un ruolo di advisor strategico.<\/p>\n<p>    La scelta<\/p>\n<p class=\"chapter-paragraph\">La scelta non rappresenta soltanto un avvicendamento manageriale.<b> Segna piuttosto un ulteriore tassello nella riorganizzazione avviata dal nuovo amministratore delegato Antonio Filosa, chiamato a rilanciare la competitivit\u00e0 del gruppo nei mercati europei<\/b>, dove la pressione dei costruttori cinesi e la frenata della domanda di veicoli elettrici stanno imponendo una revisione delle strategie commerciali e di prodotto.    &#13;<br \/>\n&#13;<br \/>\n&#13;<br \/>\n&#13;<br \/>\n&#13;<br \/>\n&#13;<br \/>\n&#13;<br \/>\n&#13;<br \/>\n&#13;<br \/>\n&#13;<br \/>\n&#13;<br \/>\n&#13;<br \/>\n&#13;<br \/>\n&#13;<br \/>\n&#13;<br \/>\n&#13;<br \/>\n&#13;<br \/>\n&#13;<br \/>\n&#13;<br \/>\n&#13;<br \/>\n&#13;<br \/>\n&#13;<br \/>\n&#13;<br \/>\n&#13;<br \/>\n&#13;<br \/>\n&#13;<br \/>\n&#13;<br \/>\n&#13;<br \/>\n&#13;<br \/>\n&#13;<br \/>\n&#13;<br \/>\n&#13;<br \/>\n&#13;<br \/>\n&#13;<br \/>\n&#13;<br \/>\n&#13;<br \/>\n&#13;<br \/>\n&#13;<br \/>\n&#13;<br \/>\n&#13;<br \/>\n&#13;<br \/>\n&#13;<br \/>\n&#13;<br \/>\n&#13;<br \/>\n&#13;<br \/>\n&#13;<br \/>\n&#13;<br \/>\n&#13;<br \/>\n&#13;<br \/>\n&#13;<br \/>\n&#13;<br \/>\n&#13;<br \/>\n&#13;\n<\/p>\n<p>    Arriva da Renault<\/p>\n<p class=\"chapter-paragraph\">Belloni arriva da Renault Group, <b>dove negli ultimi anni ha ricoperto gli incarichi di Global Chief Marketing Officer e Chief Branding Officer,<\/b> supervisionando la comunicazione e il posizionamento di tutti i marchi della casa francese. Per Stellantis si tratta per\u00f2 di un ritorno: il manager aveva gi\u00e0 trascorso 16 anni nel gruppo, maturando una profonda conoscenza dei marchi italiani e francesi e ricoprendo incarichi di responsabilit\u00e0 in Europa e nell&#8217;area Asia-Pacifico.<\/p>\n<p>    La strategia<\/p>\n<p class=\"chapter-paragraph\">La sua nomina assume un significato particolare soprattutto per Fiat e Lancia. Il marchio torinese \u00e8 impegnato nella transizione verso una gamma sempre pi\u00f9 elettrificata e internazionale, mentre <b>Lancia \u00e8 nel pieno di un ambizioso piano di rilancio europeo che punta a riportare il brand fuori dai confini italiani dopo anni di presenza limitata al mercato domestico<\/b>. Anche Abarth \u00e8 chiamata a ridefinire la propria identit\u00e0 sportiva nell&#8217;era dell&#8217;elettrico, una sfida che richiede un posizionamento chiaro e una forte capacit\u00e0 di costruzione del marchio.<\/p>\n<p>    L\u2019integrazione<\/p>\n<p class=\"chapter-paragraph\">La decisione di concentrare nelle mani di Belloni sia la responsabilit\u00e0 operativa dei brand sia il coordinamento del marketing europeo evidenzia<b> la volont\u00e0 del gruppo di rafforzare l&#8217;integrazione tra prodotto, comunicazione e strategia commerciale. <\/b>In una fase in cui il valore percepito del marchio \u00e8 sempre pi\u00f9 determinante per sostenere prezzi e marginalit\u00e0, il marketing torna a occupare un ruolo centrale nella competizione tra costruttori.<\/p>\n<p>    Nuova stagione<\/p>\n<p class=\"chapter-paragraph\">Parallelamente si chiude, almeno sul piano operativo, una lunga stagione guidata da Olivier Fran\u00e7ois. <b>Manager simbolo della comunicazione del gruppo, Fran\u00e7ois ha contribuito alla costruzione dell&#8217;identit\u00e0 di marchi come Fiat, Chrysler, DS Automobiles e Lancia<\/b>, firmando alcune delle campagne pubblicitarie pi\u00f9 riconosciute del settore automobilistico degli ultimi anni. Il suo passaggio a un ruolo di consulenza strategica garantisce continuit\u00e0 nella gestione dei brand, ma lascia spazio a una nuova generazione manageriale chiamata a interpretare le sfide della trasformazione tecnologica e commerciale dell&#8217;industria automobilistica.<\/p>\n<p>    Il commento<\/p>\n<p class=\"chapter-paragraph\">\u00abSiamo lieti di dare nuovamente il benvenuto ad Arnaud in Stellantis\u00bb, ha dichiarato Cappellano, <b>sottolineandone \u00abla visione internazionale, la leadership creativa e la profonda conoscenza dei nostri marchi\u00bb.<\/b> Un profilo che il gruppo considera decisivo per accompagnare Fiat, Abarth e Lancia nella prossima fase di sviluppo e rafforzare le attivit\u00e0 di marketing in Europa.<\/p>\n<p>    Il ruolo di Xavier Peugeot<\/p>\n<p class=\"chapter-paragraph\">Nel giro di nomine rientra anche il trasferimento di Xavier Peugeot, uno dei due eredi della dinastia francese azionista di Stellantis. Xavier, che qualche mese fa ha contesto al cugino Robert il posto nel consiglio del gruppo, lascia il ruolo di responsabile Ds, brand destinato a diventare un sottomarchio di Citroen. Gli verr\u00e0 ora assegnato il ruolo di nuova istituzione di responsabile del marchio Jeep per l\u2019Europa per favorire la crescita del brand sul mercato europeo.\u00a0<\/p>\n<p><a href=\"https:\/\/www.corriere.it\/app-economia\/?intcmp=DL-app_nd_011024_corriere_ss_conomia\" target=\"_blank\" class=\"bck-app-banner\" rel=\"nofollow noopener\"><img decoding=\"async\" class=\"bck-app-img\" src=\"https:\/\/www.europesays.com\/it\/wp-content\/uploads\/2025\/08\/1756449670_863_app.png\"\/><\/p>\n<p>Nuova app <strong>L&#8217;Economia<\/strong>. News, approfondimenti e l&#8217;assistente virtuale al tuo servizio.<\/p>\n<p>SCARICA L&#8217; APP<\/p>\n<p><img decoding=\"async\" src=\"https:\/\/www.europesays.com\/it\/wp-content\/uploads\/2025\/07\/eco.png\"\/><\/a><\/p>\n<p>Iscriviti alle <a href=\"https:\/\/www.corriere.it\/newsletter\/?theme=4\" rel=\"nofollow noopener\" target=\"_blank\">newsletter de L&#8217;Economia<\/a>. Analisi e commenti sui principali avvenimenti\u00a0economici a cura delle firme del Corriere.<\/p>\n<p class=\"is-last-update\" datetime=\"2026-08-31T15:48:04+02:00\">31 agosto 2026 ( modifica il 31 agosto 2026 | 15:48)<\/p>\n<p class=\"is-copyright\">\n            \u00a9 RIPRODUZIONE RISERVATA\n        <\/p>\n","protected":false},"excerpt":{"rendered":"di Redazione Economia Belloni rientra in Stellantis da Renault, dove dal novembre 2020 ha ricoperto il ruolo di&hellip;\n","protected":false},"author":3,"featured_media":658461,"comment_status":"","ping_status":"","sticky":false,"template":"","format":"standard","meta":{"footnotes":"","_share_on_mastodon":"0"},"categories":[172],"tags":[41371,363294,178,6964,6965,279770,363300,2478,363301,244219,12522,363302,363303,177,153213,8950,15162,363304,363295,363296,11693,3085,3889,8903,363297,363298,12452,1537,90,627,89,9341,2947,13046,6726,14225,363299,74393,6561,138,718,8756],"class_list":["post-658460","post","type-post","status-publish","format-standard","has-post-thumbnail","category-affari","tag-abarth","tag-abarth-lancia","tag-affari","tag-amministratore","tag-amministratore-delegato","tag-arnaud","tag-arnaud-belloni","tag-arriva","tag-arriva-renault","tag-belloni","tag-brand","tag-branding","tag-branding-officer","tag-business","tag-cappellano","tag-chiamata","tag-chief","tag-chief-branding","tag-chief-marketing","tag-chief-marketing-officer","tag-comunicazione","tag-europa","tag-europeo","tag-fiat","tag-fiat-abarth","tag-fiat-abarth-lancia","tag-francois","tag-it","tag-italia","tag-italiani","tag-italy","tag-lancia","tag-manager","tag-marchi","tag-marchio","tag-marketing","tag-marketing-officer","tag-officer","tag-renault","tag-ruolo","tag-stellantis","tag-strategia"],"share_on_mastodon":{"url":"","error":"Validation failed: Text character limit of 500 exceeded"},"_links":{"self":[{"href":"https:\/\/www.europesays.com\/it\/wp-json\/wp\/v2\/posts\/658460","targetHints":{"allow":["GET"]}}],"collection":[{"href":"https:\/\/www.europesays.com\/it\/wp-json\/wp\/v2\/posts"}],"about":[{"href":"https:\/\/www.europesays.com\/it\/wp-json\/wp\/v2\/types\/post"}],"author":[{"embeddable":true,"href":"https:\/\/www.europesays.com\/it\/wp-json\/wp\/v2\/users\/3"}],"replies":[{"embeddable":true,"href":"https:\/\/www.europesays.com\/it\/wp-json\/wp\/v2\/comments?post=658460"}],"version-history":[{"count":0,"href":"https:\/\/www.europesays.com\/it\/wp-json\/wp\/v2\/posts\/658460\/revisions"}],"wp:featuredmedia":[{"embeddable":true,"href":"https:\/\/www.europesays.com\/it\/wp-json\/wp\/v2\/media\/658461"}],"wp:attachment":[{"href":"https:\/\/www.europesays.com\/it\/wp-json\/wp\/v2\/media?parent=658460"}],"wp:term":[{"taxonomy":"category","embeddable":true,"href":"https:\/\/www.europesays.com\/it\/wp-json\/wp\/v2\/categories?post=658460"},{"taxonomy":"post_tag","embeddable":true,"href":"https:\/\/www.europesays.com\/it\/wp-json\/wp\/v2\/tags?post=658460"}],"curies":[{"name":"wp","href":"https:\/\/api.w.org\/{rel}","templated":true}]}}