{"id":658468,"date":"2026-08-31T18:30:19","date_gmt":"2026-08-31T18:30:19","guid":{"rendered":"https:\/\/www.europesays.com\/it\/658468\/"},"modified":"2026-08-31T18:30:19","modified_gmt":"2026-08-31T18:30:19","slug":"pallavolo-eurovolleyw2026-apostolos-oikonomou-e-iman-ndiaye-commentano-grecia-francia-3-0-ivolley-magazine","status":"publish","type":"post","link":"https:\/\/www.europesays.com\/it\/658468\/","title":{"rendered":"Pallavolo EuroVolleyW2026 \u2013 Apostolos Oikonomou e Iman Ndiaye commentano Grecia-Francia 3-0 \u2013 iVolley Magazine"},"content":{"rendered":"<p>Le ragazze di Apostolos Oikonomou si sono prese la rivincita per la sconfitta subita ai Mondiali dello scorso anno, e hanno sconfitto 3-0 (25-16, 25-18, 25-20)la Francia guidata da C\u00e9sar Hernandez. L\u2019avventura delle Bleues all\u2019Europeo si conclude qui, per la Grecia uno storico accesso ai quarti di finale della competizione continentale.<\/p>\n<p>Dopo aver vissuto uno dei momenti pi\u00f9 belli della sua (finora) carriera da allenatore, Apostolos Oikonomou, CT della Grecia, ha parlato di una grande serata per la pallavolo greca\u2026 \u201cCredo che nessuno se ne sia ancora reso conto. \u00c8 quello che ho detto anche alle ragazze, appena finita la partita, perch\u00e9 quelle erano le mie prime emozioni.<br \/>Ho detto alle ragazze, soprattutto a quelle che erano in Thailandia l\u2019anno scorso, che questa \u00e8 la vita. Le lacrime di tristezza che abbiamo versato l\u2019anno scorso, un anno dopo le abbiamo trasformate tutte insieme in lacrime di gioia e orgoglio.<br \/>Questa \u00e8 la pi\u00f9 bella lezione di vita e voglio davvero congratularmi con lei e ringraziarla per le emozioni che stiamo vivendo tutti insieme come squadra. Sicuramente voglio dedicare questa vittoria a Faye Bakodimou. Spero che torni presto tra noi, perch\u00e9 no, magari gi\u00e0 mercoled\u00ec, perch\u00e9 anche lei merita di essere al palazzetto\u201d, ha commentato inizialmente l\u2019allenatore greco, per poi parlare della mentalit\u00e0 dimostrata dalla sua squadra nella partita contro la Francia.\u00a0\u201cPenso che siamo stati bravi dal punto di vista tattico e mentale. Vincere 3-0 contro la Francia non \u00e8 facile. Credo che dall\u2019inizio alla fine siamo stati molto concentrati. L\u2019ho detto anche alle ragazze: in partite del genere la tattica non conta. Penso che avessimo un buon piano tattico, le ragazze lo hanno messo in pratica, ma anche nei momenti di pressione non hanno perso l\u2019orientamento. Se ricordate, nell\u2019ultimo set hanno iniziato a metterci sotto pressione; avete visto un\u2019azione in cui abbiamo corso fino al tavolo della giuria per salvare la palla. Questo dimostra la mentalit\u00e0 di questa squadra.<\/p>\n<p>Congratulazioni a tutte le ragazze, perch\u00e9 sono loro le vere protagoniste e noi le stiamo solo aiutando. Stiamo solo dando loro delle indicazioni. Lo ripeter\u00f2, anche se \u00e8 un po\u2019 crudo: questa vittoria appartiene a tutta la pallavolo greca. Congratuliamoci con la squadra maschile del Mediterraneo che \u00e8 arrivata in finale e spero che faccia lo stesso agli Europei. Congratuliamoci con la squadra femminile che \u00e8 stata a un passo da una medaglia ai Giochi del Mediterraneo.<\/p>\n<p>In generale, credo che la pallavolo greca debba essere orgogliosa. Perch\u00e9 sta vivendo un momento che dimostra che si sta facendo un ottimo lavoro. Quindi, lo ribadisco: questa vittoria appartiene a tutta la pallavolo greca. La Federazione, le societ\u00e0, gli allenatori che lavorano con queste atlete. Noi ci limitiamo a gestirle. Siamo i fortunati \u2013 tra virgolette \u2013 che le gestiamo e che alla fine ne raccogliamo la gloria. Ma la gloria la meritiamo tutti.<\/p>\n<p>Infine, per quanto riguarda il quarto di finale, che la Grecia disputer\u00e0 contro la Serbia, Oikonomou ha sottolineato: \u201cSapete, la partita contro la Serbia, sar\u00e0 una partita diversa. Ve l\u2019avevo detto venerd\u00ec. Stiamo bene e giocheremo la nostra partita. Sicuramente la Serbia \u00e8 la favorita, ma noi giocheremo la nostra partita. \u00c8 per questo che siamo venuti e questo \u00e8 ci\u00f2 che faremo.\u201d<\/p>\n<p>Dall\u2019altre parte del campo, il commento \u00e8 affidato a Iman Ndiaye, schiacciatrice della Nazionale francese: \u201cUsciamo deluse da questa partita. \u00c8 un peccato perdere una partita che, in un\u2019altra giornata, avremmo forse potuto vincere. \u00c8 difficile concludere questo Europeo in questo modo, perch\u00e9 oggi non siamo riuscite a mostrare il nostro miglior livello. Forse abbiamo sentito un po\u2019 di pressione, non siamo state brave in ricezione, cosa che ci avrebbe permesso di attaccare con maggiore efficacia. Abbiamo cercato di lottare fino alla fine; anche quando eravamo sotto per due set a zero, pensavamo di poter rimontare, ma non \u00e8 andata come avremmo voluto. Volevamo lottare per tentare il colpo. Il bilancio di questo Europeo? Penso che siamo cresciute molto. Alcune giocatrici hanno potuto fare un\u2019esperienza importante. \u00c8 qualcosa che potremo portare con noi per la prossima estate.\u201d<\/p>\n","protected":false},"excerpt":{"rendered":"Le ragazze di Apostolos Oikonomou si sono prese la rivincita per la sconfitta subita ai Mondiali dello scorso&hellip;\n","protected":false},"author":3,"featured_media":658469,"comment_status":"","ping_status":"","sticky":false,"template":"","format":"standard","meta":{"footnotes":"","_share_on_mastodon":"0"},"categories":[1474],"tags":[1537,90,89,245,244,1869],"class_list":["post-658468","post","type-post","status-publish","format-standard","has-post-thumbnail","category-volley","tag-it","tag-italia","tag-italy","tag-sport","tag-sports","tag-volley"],"share_on_mastodon":{"url":"https:\/\/pubeurope.com\/@it\/117191549010278981","error":""},"_links":{"self":[{"href":"https:\/\/www.europesays.com\/it\/wp-json\/wp\/v2\/posts\/658468","targetHints":{"allow":["GET"]}}],"collection":[{"href":"https:\/\/www.europesays.com\/it\/wp-json\/wp\/v2\/posts"}],"about":[{"href":"https:\/\/www.europesays.com\/it\/wp-json\/wp\/v2\/types\/post"}],"author":[{"embeddable":true,"href":"https:\/\/www.europesays.com\/it\/wp-json\/wp\/v2\/users\/3"}],"replies":[{"embeddable":true,"href":"https:\/\/www.europesays.com\/it\/wp-json\/wp\/v2\/comments?post=658468"}],"version-history":[{"count":0,"href":"https:\/\/www.europesays.com\/it\/wp-json\/wp\/v2\/posts\/658468\/revisions"}],"wp:featuredmedia":[{"embeddable":true,"href":"https:\/\/www.europesays.com\/it\/wp-json\/wp\/v2\/media\/658469"}],"wp:attachment":[{"href":"https:\/\/www.europesays.com\/it\/wp-json\/wp\/v2\/media?parent=658468"}],"wp:term":[{"taxonomy":"category","embeddable":true,"href":"https:\/\/www.europesays.com\/it\/wp-json\/wp\/v2\/categories?post=658468"},{"taxonomy":"post_tag","embeddable":true,"href":"https:\/\/www.europesays.com\/it\/wp-json\/wp\/v2\/tags?post=658468"}],"curies":[{"name":"wp","href":"https:\/\/api.w.org\/{rel}","templated":true}]}}