{"id":658499,"date":"2026-08-31T18:49:18","date_gmt":"2026-08-31T18:49:18","guid":{"rendered":"https:\/\/www.europesays.com\/it\/658499\/"},"modified":"2026-08-31T18:49:18","modified_gmt":"2026-08-31T18:49:18","slug":"la-tragedia-del-traghetto-a-cipro-il-capitano-si-difende-notizie","status":"publish","type":"post","link":"https:\/\/www.europesays.com\/it\/658499\/","title":{"rendered":"La tragedia del traghetto a Cipro, il capitano si difende &#8211; Notizie"},"content":{"rendered":"<p>Al largo di Cipro Nord si continua a cercare. Sono infatti 20 le persone ancora mancanti all&#8217;appello, tra loro anche una ragazzina di 12 anni e il fratellino di 6, dopo il naufragio del traghetto &#8216;Filo Jet&#8217;. Che domenica, nel giro di pochi minuti, \u00e8 sprofondato negli abissi dopo essere salpato da Kyrenia\/Girne, in direzione di Ta\u015fucu in Turchia.<\/p>\n<p>Una tragedia con almeno 8 vittime accertate, tutte di nazionalit\u00e0 turca cos\u00ec come la maggior parte dei dispersi (due dei quali sono invece turchi ciprioti). Le cause dell&#8217;incidente, d&#8217;altro canto, non sono ancora chiarite, e le verifiche proseguono. A dare una propria versione dei fatti, all&#8217;indomani dell&#8217;accaduto, \u00e8 stato intanto il capitano dell&#8217;imbarcazione, arrestato insieme a tutto il suo equipaggio per il sospetto di possibili negligenze.<\/p>\n<p>&#8220;Le onde hanno strappato via la prua del traghetto&#8221;, ha spiegato durante un&#8217;udienza in tribunale, cercando di autoscagionarsi dalle accuse. In totale gli indagati per il naufragio sono 16, tra cui un dipendente della compagnia proprietaria del traghetto, la Filo Denizcilik, e alcuni funzionari pubblici. Per nove di loro, comandante compreso, il giudice ha disposto la custodia cautelare, stando alla stampa turca e cipriota.<\/p>\n<p>Le autorit\u00e0 locali si dicono determinate ad andare fino in fondo per scoprire la verit\u00e0. Anche perch\u00e9 a rafforzare i sospetti degli inquirenti su un&#8217;eventuale cattiva gestione dell&#8217;incidente, nonostante il pronto intervento dei soccorritori, ci sono le testimonianze di alcuni dei 239 superstiti. C&#8217;\u00e8 infatti chi ha sostenuto che il capitano abbia provato ad abbandonare il &#8216;Filo Jet&#8217; ormai destinato ad affondare ben prima del tempo e chi inveve che le condizioni meteo, al momento della partenza, non fossero idonee ad affrontare il viaggio.<\/p>\n<p>&#8220;Gli abbiamo detto di fermarsi, pi\u00f9 volte. Ma lui non si \u00e8 fermato&#8221;, ha raccontato una sopravvissuta, citata dal Cyprus Mail, rievocando le fasi appena precedenti il naufragio. Una descrizione che non dista molto dalle ricostruzioni della vicenda della Costa Concordia. &#8220;Tutti coloro che hanno concesso le autorizzazioni e hanno permesso alla nave di partire sono stati sospesi. Le indagini nei loro confronti sono in corso&#8221;, ha dichiarato a media locali il premier dell&#8217;autoproclamata Repubblica Turca di Cipro del Nord, Unal Ustel. Sentito in tribunale, un esponente della polizia ha affermato che il numero di passeggeri a bordo &#8220;non era in eccesso&#8221; rispetto alla capienza massima, che il traghetto poteva reggere l&#8217;impatto di onde alte anche tre metri, e che l&#8217;agenzia meteorologica locale aveva descritto come non proibitive le condizioni di navigazione.<\/p>\n<p>Per far luce sull&#8217;accaduto potrebbe risultare decisivo il recupero della scatola nera del traghetto, un&#8217;imbarcazione tipo catamarano, il cui relitto ora giace sul fondale del Mediterraneo a oltre 500 metri di profondit\u00e0. A tal fine sono impegnati da ore diversi mezzi specializzati e sommozzatori, alcuni inviati da Ankara. Sul naufragio continuano intanto a emergere filmati drammatici. Tra questi c&#8217;\u00e8 un video pubblicato da Cnn Turk, girato da una delle persone finite in acqua mentre il traghetto affondava: immagini che mostrano tutta l&#8217;angoscia del momento.<\/p>\n<p>\u00a0<\/p>\n<p>Per approfondire <a href=\"https:\/\/www.ansa.it\/sito\/notizie\/mondo\/2026\/08\/30\/un-traghetto-affonda-al-largo-di-cipro-8-morti-e-17-dispersi.-arrestati-comandante-ed-equipaggio_f0c2bdf9-1180-4b26-b5e8-09ed14dbe584.html\" target=\"_blank\" class=\"post\" rel=\"noopener nofollow\"> <img decoding=\"async\" class=\"img\" src=\"https:\/\/www.europesays.com\/it\/wp-content\/uploads\/2026\/08\/1788202158_403_9f1853266f5fe0eb11796cb5497a1b49.jpg\"\/> <img decoding=\"async\" class=\"favicon\" src=\"https:\/\/www.ansa.it\/sito\/img\/ico\/favicon.ico\"\/> Agenzia ANSA Un traghetto affonda al largo di Cipro: 8 morti e 17 dispersi. Arrestati comandante ed equipaggio &#8211; Notizie &#8211; Ansa.it Era appena salpato dal porto di Kyrenia\/Girne nella zona turca dell&#8217;isola. Aggiornato il bilancio: 242 in salvo (ANSA) <\/a><\/p>\n<p class=\"article-copyright\">\n<p>Riproduzione riservata \u00a9 Copyright ANSA<\/p>\n","protected":false},"excerpt":{"rendered":"Al largo di Cipro Nord si continua a cercare. Sono infatti 20 le persone ancora mancanti all&#8217;appello, tra&hellip;\n","protected":false},"author":3,"featured_media":658500,"comment_status":"","ping_status":"","sticky":false,"template":"","format":"standard","meta":{"footnotes":"","_share_on_mastodon":"0"},"categories":[160],"tags":[14,164,165,166,7,15,11,167,12,168,161,162,163],"class_list":["post-658499","post","type-post","status-publish","format-standard","has-post-thumbnail","category-mondo","tag-cronaca","tag-dal-mondo","tag-dalmondo","tag-mondo","tag-news","tag-notizie","tag-ultime-notizie","tag-ultime-notizie-di-mondo","tag-ultimenotizie","tag-ultimenotiziedimondo","tag-world","tag-world-news","tag-worldnews"],"share_on_mastodon":{"url":"","error":""},"_links":{"self":[{"href":"https:\/\/www.europesays.com\/it\/wp-json\/wp\/v2\/posts\/658499","targetHints":{"allow":["GET"]}}],"collection":[{"href":"https:\/\/www.europesays.com\/it\/wp-json\/wp\/v2\/posts"}],"about":[{"href":"https:\/\/www.europesays.com\/it\/wp-json\/wp\/v2\/types\/post"}],"author":[{"embeddable":true,"href":"https:\/\/www.europesays.com\/it\/wp-json\/wp\/v2\/users\/3"}],"replies":[{"embeddable":true,"href":"https:\/\/www.europesays.com\/it\/wp-json\/wp\/v2\/comments?post=658499"}],"version-history":[{"count":0,"href":"https:\/\/www.europesays.com\/it\/wp-json\/wp\/v2\/posts\/658499\/revisions"}],"wp:featuredmedia":[{"embeddable":true,"href":"https:\/\/www.europesays.com\/it\/wp-json\/wp\/v2\/media\/658500"}],"wp:attachment":[{"href":"https:\/\/www.europesays.com\/it\/wp-json\/wp\/v2\/media?parent=658499"}],"wp:term":[{"taxonomy":"category","embeddable":true,"href":"https:\/\/www.europesays.com\/it\/wp-json\/wp\/v2\/categories?post=658499"},{"taxonomy":"post_tag","embeddable":true,"href":"https:\/\/www.europesays.com\/it\/wp-json\/wp\/v2\/tags?post=658499"}],"curies":[{"name":"wp","href":"https:\/\/api.w.org\/{rel}","templated":true}]}}