{"id":658503,"date":"2026-08-31T18:51:17","date_gmt":"2026-08-31T18:51:17","guid":{"rendered":"https:\/\/www.europesays.com\/it\/658503\/"},"modified":"2026-08-31T18:51:17","modified_gmt":"2026-08-31T18:51:17","slug":"juve-yildiz-operato-al-piede-infortunio-ekhator-tempi-di-recupero","status":"publish","type":"post","link":"https:\/\/www.europesays.com\/it\/658503\/","title":{"rendered":"Juve, Yildiz operato al piede. Infortunio Ekhator: tempi di recupero"},"content":{"rendered":"<p>                                Il turco si \u00e8 sottoposto all&#8217;intervento per risolvere la frattura della base del quinto metatarso del piede sinistro ed \u00e8 atteso in campo a novembre inoltrato. L&#8217;attaccante ex Genoa ha subito una lesione al muscolo\u00a0semitendinoso. Per il Milan, probabile forfait pure per il laterale<\/p>\n<p class=\"paragraph\" spellcheck=\"true\">La stagione \u00e8 iniziata da appena due settimane e la Juve si trova gi\u00e0 a dover fare i conti con diverse lunghe assenze. In attesa di conoscere il destino di Khephren Thuram, che ha sostenuto oggi la visita di controllo al ginocchio dal professor\u00a0Bertrand Sonnery Cottet a Lione, Spalletti perde per lungo tempo Yildiz ed Ekhator. Il turco &#8220;nel pomeriggio \u00e8 stato sottoposto a intervento chirurgico di osteosintesi della frattura della base del V metatarso del piede sinistro &#8211; si legge nel comunicato diramato dalla Juventus -. L\u2019intervento, eseguito presso la Augsburg Hessingpark Klinik dal dott. Martin Jordan alla presenza del medico sociale dott. Marco Freschi, \u00e8 perfettamente riuscito e gi\u00e0 da domani il calciatore inizier\u00e0 il programma riabilitativo&#8221;. Probabile, per lui, un&#8217;assenza di quasi 3 mesi. L&#8217;attaccante ex Genoa, invece, &#8220;a seguito del problema muscolare alla coscia destra accusato durante l\u2019allenamento di ieri, questa mattina Ekhator \u00e8 stato sottoposto presso il J|Medical ad accertamenti radiologici che hanno evidenziato una lesione di medio grado del muscolo semitendinoso &#8211; ha aggiunto il club bianconero -. Tra 2 settimane sar\u00e0 sottoposto ad ulteriori esami per definire con esattezza i tempi di recupero&#8221;. Per lui lo stop sar\u00e0 di circa 2 mesi.<\/p>\n<p>    juve, come stanno cambiaso e mckennie\u2014 \u00a0<\/p>\n<p class=\"paragraph is-inline\" spellcheck=\"true\">Da valutare di giorno in giorno, invece, le condizioni di Cambiaso e McKennie. L&#8217;esterno, uscito dopo pochi minuti dal suo ingresso in campo contro il Parma, ha rimediato una lieve distorsione alla caviglia e, verosimilmente, salter\u00e0 il big match di domenica contro il Milan. L&#8217;americano, in tribuna con i giallobl\u00f9 a causa di un affaticamento muscolare, invece, potrebbe recuperare.<\/p>\n","protected":false},"excerpt":{"rendered":"Il turco si \u00e8 sottoposto all&#8217;intervento per risolvere la frattura della base del quinto metatarso del piede sinistro&hellip;\n","protected":false},"author":3,"featured_media":658504,"comment_status":"","ping_status":"","sticky":false,"template":"","format":"standard","meta":{"footnotes":"","_share_on_mastodon":"0"},"categories":[6],"tags":[562,363314,2333,36318,363315,921,14,28222,50853,5830,363316,6298,8,327,1537,90,89,565,33409,57022,224740,358325,358326,553,10277,7,15,82,9,83,10,112863,13,11,80,84,12,81,85],"class_list":["post-658503","post","type-post","status-publish","format-standard","has-post-thumbnail","category-ultime-notizie","tag-attaccante","tag-attaccante-genoa","tag-base","tag-cambiaso","tag-cambiaso-mckennie","tag-campo","tag-cronaca","tag-dott","tag-ekhator","tag-frattura","tag-frattura-base","tag-genoa","tag-headlines","tag-intervento","tag-it","tag-italia","tag-italy","tag-juve","tag-lesione","tag-mckennie","tag-metatarso","tag-metatarso-piede","tag-metatarso-piede-sinistro","tag-milan","tag-muscolare","tag-news","tag-notizie","tag-notizie-di-cronaca","tag-notizie-principali","tag-notiziedicronaca","tag-notizieprincipali","tag-sottoposto","tag-titoli","tag-ultime-notizie","tag-ultime-notizie-di-cronaca","tag-ultime-notizie-e-news-di-oggi","tag-ultimenotizie","tag-ultimenotiziedicronaca","tag-ultimenotizieenewsdioggi"],"share_on_mastodon":{"url":"","error":"Validation failed: Text character limit of 500 exceeded"},"_links":{"self":[{"href":"https:\/\/www.europesays.com\/it\/wp-json\/wp\/v2\/posts\/658503","targetHints":{"allow":["GET"]}}],"collection":[{"href":"https:\/\/www.europesays.com\/it\/wp-json\/wp\/v2\/posts"}],"about":[{"href":"https:\/\/www.europesays.com\/it\/wp-json\/wp\/v2\/types\/post"}],"author":[{"embeddable":true,"href":"https:\/\/www.europesays.com\/it\/wp-json\/wp\/v2\/users\/3"}],"replies":[{"embeddable":true,"href":"https:\/\/www.europesays.com\/it\/wp-json\/wp\/v2\/comments?post=658503"}],"version-history":[{"count":0,"href":"https:\/\/www.europesays.com\/it\/wp-json\/wp\/v2\/posts\/658503\/revisions"}],"wp:featuredmedia":[{"embeddable":true,"href":"https:\/\/www.europesays.com\/it\/wp-json\/wp\/v2\/media\/658504"}],"wp:attachment":[{"href":"https:\/\/www.europesays.com\/it\/wp-json\/wp\/v2\/media?parent=658503"}],"wp:term":[{"taxonomy":"category","embeddable":true,"href":"https:\/\/www.europesays.com\/it\/wp-json\/wp\/v2\/categories?post=658503"},{"taxonomy":"post_tag","embeddable":true,"href":"https:\/\/www.europesays.com\/it\/wp-json\/wp\/v2\/tags?post=658503"}],"curies":[{"name":"wp","href":"https:\/\/api.w.org\/{rel}","templated":true}]}}