{"id":658505,"date":"2026-08-31T18:57:15","date_gmt":"2026-08-31T18:57:15","guid":{"rendered":"https:\/\/www.europesays.com\/it\/658505\/"},"modified":"2026-08-31T18:57:15","modified_gmt":"2026-08-31T18:57:15","slug":"modena-ecco-giacomo-olzer-a-14-anni-ha-detto-no-al-barcellona-aspettando-il-milan","status":"publish","type":"post","link":"https:\/\/www.europesays.com\/it\/658505\/","title":{"rendered":"Modena, ecco Giacomo Olzer: a 14 anni ha detto no al Barcellona aspettando il Milan"},"content":{"rendered":"<p>                                Figlio di due pallavolisti, oggi Giacomo si \u00e8 preso i giallobl\u00f9 a suon di gol: doppietta all&#8217;esordio e vetta della Serie B<\/p>\n<p>\n                                                                    Oscar Maresca\n                            <\/p>\n<p>                    31 agosto &#8211; 18:37  &#8211; MILANO<\/p>\n<p class=\"paragraph\" spellcheck=\"true\">Il primo amore di Giacomo Olzer non \u00e8 stato il pallone. Il trequartista del Modena ha iniziato a giocare sul parquet, tra schiacciate e bagher. Era un talento del volley, lo sport di casa: i suoi genitori sono ex pallavolisti, pap\u00e0 Mario ancora allena. Da bambino, Giacomo vestiva la maglia del Trentino Volley: con il club ha vinto il titolo regionale Under 13 3&#215;3 disputando pure le finali nazionali di categoria ad Ascoli Piceno. Cresciuto a Noarna, frazione del comune di Nogaredo, in provincia di Trento, il classe 2001 si divideva tra colpi a rete e campi da calcio. Fino a quando non \u00e8 arrivata la chiamata del Milan, da sempre la squadra del cuore. Se oggi gioca il suo sesto campionato consecutivo in Serie B, il merito \u00e8 degli scout rossoneri che l\u2019hanno convinto a togliere le ginocchiere e mettere gli scarpini. In estate, Olzer ha lasciato il Pescara dopo la retrocessione scegliendo il Modena: al debutto in maglia giallobl\u00f9 ha segnato una strepitosa doppietta contro la Cremonese. Prima il controllo al volo, il tocco a dribblare il portiere per la prima rete della squadra di Galloppa e poi il mancino perfetto a giro dal limite dell\u2019area. Due giocate da 9 in pagella.<\/p>\n<p>    L\u2019idolo Kak\u00e0\u2014 \u00a0<\/p>\n<p class=\"paragraph is-inline\" spellcheck=\"true\">Il Modena ha iniziato benissimo il campionato: due vittorie sue due contro Benevento e Cremonese. I giallobl\u00f9 sono in vetta a punteggio pieno insieme a Mantova e Palermo. &#8220;Il primo gol \u00e8 stato frutto dell\u2019esperienza dell\u2019anno scorso \u2013 ha detto Olzer dopo la doppietta &#8211; in un\u2019occasione simile avevo provato a calciare al volo. Stavolta ho guardato dove fosse il portiere e l\u2019ho superato. Il secondo invece \u00e8 pi\u00f9 nelle mie corde. La mia famiglia sugli spalti allo Zini? Mamma \u00e8 abituata a vedermi giocare, anche se da piccolo diceva che non avrei mai fatto il calciatore&#8221;. Alto 188 centimetri, il volley ha aiutato il trequartista classe 2001 a sviluppare il fisico e la giusta elasticit\u00e0 nei movimenti. Olzer voleva seguire le orme di Kak\u00e0, ecco perch\u00e9 si \u00e8 appassionato al calcio. Il Chievo lo voluto nel settore giovanile dopo le esperienze con Mori Santo Stefano, Pomarolo e Rovereto. In quattro stagioni con i giallobl\u00f9 ha segnato a raffica, fino al ritorno al Mori: quando con 36 reti in 30 partite trascin\u00f2 la squadra al successo del campionato Giovanissimi Elite.<\/p>\n<p><a class=\"is-partner-link\" href=\"https:\/\/fantacampionato.gazzetta.it\/?intcmp=FC2627_CTArticolo2627\" rel=\"nofollow noopener\" target=\"_blank\">60 milioni di fantallenatori, un&#8217;unica classifica nazionale: sfida l&#8217;Italia intera su Fantacampionato! Oltre 340.000\u20ac di montepremi. Gioca ora!<\/a><\/p>\n<p>    Quel no al Barcellona\u2014 \u00a0<\/p>\n<p class=\"paragraph is-inline\" spellcheck=\"true\">A 14 anni, tutti volevano Olzer: si erano fatti avanti Juventus, Roma, Inter, Fiorentina. Addirittura pure il Barcellona. Il club blaugrana invit\u00f2 il ragazzo a svolgere uno stage in Catalogna. Ma la famiglia rifiut\u00f2, lui aspettava soltanto il Milan. Con i rossoneri ha completato tutta la trafila delle giovanili: dall\u2019U16 fino alla Primavera. Nel 2021 ha debuttato tra i grandi a San Siro, mandato in campo da Pioli ai supplementari durante gli ottavi di Coppa Italia contro il Torino. In quell\u2019estate \u00e8 passato a titolo definitivo al Brescia nell\u2019affare Tonali. Dopo un iniziale periodo di ambientamento in Primavera, \u00e8 stato chiamato in prima squadra ma gli infortuni lo hanno costretto a restare spesso in tribuna. Dalla stagione 22\/23 ha trovato continuit\u00e0 e gol, l\u2019anno scorso si \u00e8 trasferito al Pescara chiudendo il campionato con 28 presenze, 6 reti e 3 assist. Il classe 2001 voleva continuare in B e ha accettato la sfida Modena: la doppietta all\u2019esordio \u00e8 stato il miglior modo per ricominciare. \u00c8 gi\u00e0 diventato l\u2019idolo dei tifosi giallobl\u00f9, pure mamma e pap\u00e0 hanno esultato insieme a lui allo Zini. Meno male che Olzer ha scelto il calcio.<\/p>\n<p class=\"is-copyright\">\u00a9 RIPRODUZIONE RISERVATA<\/p>\n","protected":false},"excerpt":{"rendered":"Figlio di due pallavolisti, oggi Giacomo si \u00e8 preso i giallobl\u00f9 a suon di gol: doppietta all&#8217;esordio e&hellip;\n","protected":false},"author":3,"featured_media":658506,"comment_status":"","ping_status":"","sticky":false,"template":"","format":"standard","meta":{"footnotes":"","_share_on_mastodon":"0"},"categories":[1474],"tags":[351,721,1856,3155,554,6297,7438,363317,11125,1533,1909,5500,27276,363318,1889,1976,4038,6990,1537,90,89,188641,2219,4002,553,7742,363319,9528,244221,44522,690,30875,2855,4400,2518,15313,3094,22850,245,244,1857,1869],"class_list":["post-658505","post","type-post","status-publish","format-standard","has-post-thumbnail","category-volley","tag-barcellona","tag-calcio","tag-campionato","tag-classe","tag-club","tag-cremonese","tag-doppietta","tag-doppietta-esordio","tag-esordio","tag-estate","tag-famiglia","tag-giacomo","tag-gialloblu","tag-gialloblu-segnato","tag-giocare","tag-gol","tag-idolo","tag-iniziato","tag-it","tag-italia","tag-italy","tag-kaka","tag-maglia","tag-mamma","tag-milan","tag-modena","tag-modena-iniziato","tag-mori","tag-olzer","tag-pallavolisti","tag-papa","tag-pescara","tag-portiere","tag-primavera","tag-rete","tag-reti","tag-rossoneri","tag-segnato","tag-sport","tag-sports","tag-squadra","tag-volley"],"share_on_mastodon":{"url":"https:\/\/pubeurope.com\/@it\/117191655113759758","error":""},"_links":{"self":[{"href":"https:\/\/www.europesays.com\/it\/wp-json\/wp\/v2\/posts\/658505","targetHints":{"allow":["GET"]}}],"collection":[{"href":"https:\/\/www.europesays.com\/it\/wp-json\/wp\/v2\/posts"}],"about":[{"href":"https:\/\/www.europesays.com\/it\/wp-json\/wp\/v2\/types\/post"}],"author":[{"embeddable":true,"href":"https:\/\/www.europesays.com\/it\/wp-json\/wp\/v2\/users\/3"}],"replies":[{"embeddable":true,"href":"https:\/\/www.europesays.com\/it\/wp-json\/wp\/v2\/comments?post=658505"}],"version-history":[{"count":0,"href":"https:\/\/www.europesays.com\/it\/wp-json\/wp\/v2\/posts\/658505\/revisions"}],"wp:featuredmedia":[{"embeddable":true,"href":"https:\/\/www.europesays.com\/it\/wp-json\/wp\/v2\/media\/658506"}],"wp:attachment":[{"href":"https:\/\/www.europesays.com\/it\/wp-json\/wp\/v2\/media?parent=658505"}],"wp:term":[{"taxonomy":"category","embeddable":true,"href":"https:\/\/www.europesays.com\/it\/wp-json\/wp\/v2\/categories?post=658505"},{"taxonomy":"post_tag","embeddable":true,"href":"https:\/\/www.europesays.com\/it\/wp-json\/wp\/v2\/tags?post=658505"}],"curies":[{"name":"wp","href":"https:\/\/api.w.org\/{rel}","templated":true}]}}