{"id":658539,"date":"2026-08-31T19:24:15","date_gmt":"2026-08-31T19:24:15","guid":{"rendered":"https:\/\/www.europesays.com\/it\/658539\/"},"modified":"2026-08-31T19:24:15","modified_gmt":"2026-08-31T19:24:15","slug":"pallavolo-giappone-a-seguito-dellinfortunio-si-dividono-le-strade-di-martina-lukasik-e-dellhisamitsu-springs-ivolley-magazine","status":"publish","type":"post","link":"https:\/\/www.europesays.com\/it\/658539\/","title":{"rendered":"Pallavolo Giappone \u2013 A seguito dell\u2019infortunio, si dividono le strade di Martina Lukasik e dell\u2019Hisamitsu Springs \u2013 iVolley Magazine"},"content":{"rendered":"<p>Con un comunicato ufficiale la SAGA Hisamitsu Springs ha annunciato la rescissione, di comune accordo, del contratto con Martina Lukasik, a seguito dell\u2019infortunio subito dalla giocatrice durante la stagione con la Nazionale:<\/p>\n<p>Comunicato relativo alla risoluzione del contratto della giocatrice Martina Lukasik<br \/>31 agosto 2026<\/p>\n<p>Desideriamo ringraziarvi di cuore per il caloroso sostegno che dimostrate quotidianamente alla SAGA Hisamitsu Springs.<\/p>\n<p>Con la presente comunichiamo che la SAGA Hisamitsu Springs ha deciso, di comune accordo, di rescindere il contratto con la giocatrice Martina Lukasik, che era stata annunciata come nuova acquisto per la stagione 2026-27.<\/p>\n<p>La giocatrice Lukasik ha subito un infortunio durante un impegno con la Nazionale e, a seguito di ripetuti esami e visite mediche, \u00e8 stato stabilito che fosse necessario un intervento chirurgico.<\/p>\n<p>Da parte del club, abbiamo condotto ripetute consultazioni nel rispetto dei desideri e delle intenzioni future della stessa Lukasik.<\/p>\n<p>Di conseguenza, al fine di consentire alla giocatrice Lukasik di dedicarsi completamente alle cure e alla riabilitazione, ponendo come priorit\u00e0 assoluta il recupero il pi\u00f9 rapido possibile, si \u00e8 giunti alla conclusione, di comune accordo, di rescindere il contratto.<\/p>\n<p>Ci scusiamo sinceramente con tutti coloro che attendevano con impazienza il suo ingresso nella SAGA Hisamitsu Springs per aver dovuto comunicare questa notizia.<\/p>\n<p>Tutto il club augura di cuore che la giocatrice Lukasik possa tornare il prima possibile sulle scene agonistiche<\/p>\n<p>Desideriamo esprimere ancora una volta la nostra pi\u00f9 sincera gratitudine a tutti coloro che hanno dimostrato a Lukasik un cos\u00ec caloroso sostegno.<\/p>\n<p>Vi chiediamo gentilmente di continuare a supportare il SAGA Hisamitsu Springs.<\/p>\n","protected":false},"excerpt":{"rendered":"Con un comunicato ufficiale la SAGA Hisamitsu Springs ha annunciato la rescissione, di comune accordo, del contratto con&hellip;\n","protected":false},"author":3,"featured_media":658540,"comment_status":"","ping_status":"","sticky":false,"template":"","format":"standard","meta":{"footnotes":"","_share_on_mastodon":"0"},"categories":[1474],"tags":[1537,90,89,245,244,1869],"class_list":["post-658539","post","type-post","status-publish","format-standard","has-post-thumbnail","category-volley","tag-it","tag-italia","tag-italy","tag-sport","tag-sports","tag-volley"],"share_on_mastodon":{"url":"https:\/\/pubeurope.com\/@it\/117191761313037367","error":""},"_links":{"self":[{"href":"https:\/\/www.europesays.com\/it\/wp-json\/wp\/v2\/posts\/658539","targetHints":{"allow":["GET"]}}],"collection":[{"href":"https:\/\/www.europesays.com\/it\/wp-json\/wp\/v2\/posts"}],"about":[{"href":"https:\/\/www.europesays.com\/it\/wp-json\/wp\/v2\/types\/post"}],"author":[{"embeddable":true,"href":"https:\/\/www.europesays.com\/it\/wp-json\/wp\/v2\/users\/3"}],"replies":[{"embeddable":true,"href":"https:\/\/www.europesays.com\/it\/wp-json\/wp\/v2\/comments?post=658539"}],"version-history":[{"count":0,"href":"https:\/\/www.europesays.com\/it\/wp-json\/wp\/v2\/posts\/658539\/revisions"}],"wp:featuredmedia":[{"embeddable":true,"href":"https:\/\/www.europesays.com\/it\/wp-json\/wp\/v2\/media\/658540"}],"wp:attachment":[{"href":"https:\/\/www.europesays.com\/it\/wp-json\/wp\/v2\/media?parent=658539"}],"wp:term":[{"taxonomy":"category","embeddable":true,"href":"https:\/\/www.europesays.com\/it\/wp-json\/wp\/v2\/categories?post=658539"},{"taxonomy":"post_tag","embeddable":true,"href":"https:\/\/www.europesays.com\/it\/wp-json\/wp\/v2\/tags?post=658539"}],"curies":[{"name":"wp","href":"https:\/\/api.w.org\/{rel}","templated":true}]}}