{"id":658554,"date":"2026-08-31T19:36:20","date_gmt":"2026-08-31T19:36:20","guid":{"rendered":"https:\/\/www.europesays.com\/it\/658554\/"},"modified":"2026-08-31T19:36:20","modified_gmt":"2026-08-31T19:36:20","slug":"i-franz-ferdinand-chiudono-lestate-da-60mila-presenze-dellama-music-festival-ma-siamo-pronti-a-ripartire","status":"publish","type":"post","link":"https:\/\/www.europesays.com\/it\/658554\/","title":{"rendered":"I Franz Ferdinand chiudono l&#8217;estate da 60mila presenze dell&#8217;Ama Music Festival: \u00abMa siamo pronti a ripartire\u00bb"},"content":{"rendered":"<p>    di<br \/>\n    Renato Piva<\/p>\n<p class=\"summary-art is-line-h-12\">Oltre 5 mila a Romano d&#8217;Ezzelino per la band di Glasgow. Il direttore Dal Mina: \u00abConfermati i numeri del 2025 in un periodo complicato\u00bb. Si lavora alla nuova edizione: \u00abStimo trattando due big dell&#8217;eletronica e due del metal\u00bb<\/p>\n<p class=\"chapter-paragraph\">Un saluto all\u2019undicesima stagione, la seconda nel verde del parco di villa Negri, con la voce calda come il vento di fine estate di Alexander Kapranos. Mamma inglese, padre greco, faccione rotondo e sorridente, il frontman dei <a href=\"https:\/\/napoli.corriere.it\/notizie\/cultura-e-tempo-libero\/26_giugno_22\/franz-ferdinand-e-kasabian-guidano-il-noisy-naples-fest-2026-c9a10d9f-890e-4a53-a0b8-d7a5c47f7xlk.shtml\" title=\"Franz Ferdinand e Kasabian guidano il Noisy Naples Fest 2026\" rel=\"nofollow noopener\" target=\"_blank\">Franz Ferdinand<\/a>, dentro un luccicoso giubbino alla John Turturro nella maschera da consumato giocatore di bowling di Jesus, ha giocato con gli oltre cinquemila dell\u2019<a href=\"https:\/\/www.corriere.it\/spettacoli\/25_gennaio_06\/alex-kapranos-dei-franz-ferdinand-a-27-anni-non-avevo-fatto-nulla-di-importante-e-non-ero-morto-di-overdose-temevo-di-restare-af3474b7-f903-44ce-91e2-cfa0995c6xlk.shtml\" title=\"Alex Kapranos dei Franz Ferdinand: \u00abA 27 anni non avevo fatto nulla di importante e non ero morto di overdose, temevo di restare irrilevante\u00bb\" rel=\"nofollow noopener\" target=\"_blank\">AMA Festival di Romano d\u2019Ezzelino<\/a> da Grande Lebowski del palco qual \u00e8. Un saluto di ottimo rock distillato a Glasgow e portato in giro per il mondo senza fronzoli e appendici \u2013 e, anche ieri, senza supporto video \u2013 da 25 anni. Un quarto di secolo di navigazione, nelle tasche un bel mazzo di hit buone per aprire orecchie e cuori di chi sta sotto il palco, pochi o tanti che siano, e un suono tutto loro. Ecco i FF: un marchio con un timbro unico, quello del basso di Bob Hardy, che affianca Kapranos fin dalle origini della band.<br \/><b\/><b>I numeri del festival<br \/><\/b>Con il gruppo scozzese, ieri accompagnato da The Molotovs e The Kooks, per una tripletta che testimonia generosit\u00e0 e bont\u00e0 della fonte cui attingono i tanti che, dai Sessanta fino a qui, si sono affacciati e si affacciano alla scena rock britannica, l\u2019Ama ha centrato il bersaglio. Andrea Dal Mina, fondatore e direttore artistico del festival, conferma: \u00abIn un momento piuttosto difficile, per l\u2019economica e le famiglie, abbiamo pareggiato i numeri dell\u2019anno scorso. Siamo sulle 60 mila presenze\u00a0 e siamo contenti, perch\u00e9 non \u00e8 facile tenere in piedi l\u2019evento. In giro, i numeri delle biglietterie sono in calo ma noi ci stiamo mantenendo bene. Direi che siamo proiettati verso l\u2019anno prossimo\u2026\u00bb.<\/p>\n<p class=\"chapter-paragraph\"><b>Effetto FF e AMA che verr\u00e0<br \/><\/b>I Franz Ferdinand tengono fede alla scaletta \u00abesistenzialista\u00bb delle ultime tappe, con canzoni che fanno vibrare momenti, situazioni e stati d\u2019animo:  The dark of the matin\u00e9e per l\u2019apertura, la vita nel rapporto a due di Night or day, le sigarette al bacio e gli sguardi dei vuoi e non vuoi di No you girs e via, nel solco di successi alla Do you want to,  Walk away, attraverso i pensieri ingarbugliati e solitari al bancone del Bar Lonely, fino al nirvana con la festa di Love illumination e ancora gi\u00f9, con Outsiders, ultimo brano prima dei bis: richiesti, ottenuti e ascoltati da quasi tutta la platea, al netto di qualche fuga anticipata dal traffico del ritorno, spaventati dai super numeri della domenica precedente. Per Subsonica e la parata di dj, da Ralf a Spiller fino ai DB Boulevard, c\u2019era per\u00f2 l\u2019ingresso gratuito a scopo benefico, scelta che Dal Mina conferma e torna a spiegare: \u00abIl festival \u00e8 nato per ricordare un amico (Roberto Gazzola, ndr) che \u00e8 mancato nel 2002 e quindi la mia mission \u00e8 iniziata da l\u00ec nel 2004. Poi il festival \u00e8 andato sempre in crescendo. Stiamo ragionando sul progetto dell\u2019anno prossimo. Quest\u2019anno abbiamo supportato l\u2019Associazione oncologica San Bassiano, sono stati raccolti oltre 22 mila euro e siamo orgogliosi di questo\u00bb.  Quanto all\u2019AMA che verr\u00e0, la proposta poliedrica \u00e8 confermata. \u00abIl festival \u00e8 sempre stato multi-musicale. Abbiamo sempre proposto tutti i generi e continueremo assolutamente a lavorare sul filone del rock, dell\u2019elettronica e del pop\u2026\u00bb. Qualche nome gi\u00e0 spendibile in chiave 2027 o \u00e8 presto? \u00abStiamo lavorando\u2026 Lavoriamo, proprio in questi giorni tra l\u2019altro, su due big dell\u2019elettronica e due del metal\u00bb. Arrivederci al 2027, dunque.    &#13;<br \/>\n&#13;<br \/>\n&#13;<br \/>\n&#13;<br \/>\n&#13;<br \/>\n&#13;<br \/>\n&#13;<br \/>\n&#13;<br \/>\n&#13;<br \/>\n&#13;<br \/>\n&#13;<br \/>\n&#13;<br \/>\n&#13;<br \/>\n&#13;<br \/>\n&#13;<br \/>\n&#13;<br \/>\n&#13;<br \/>\n&#13;<br \/>\n&#13;<br \/>\n&#13;<br \/>\n&#13;<br \/>\n&#13;<br \/>\n&#13;<br \/>\n&#13;<br \/>\n&#13;<br \/>\n&#13;<br \/>\n&#13;<br \/>\n&#13;<br \/>\n&#13;<br \/>\n&#13;<br \/>\n&#13;<br \/>\n&#13;<br \/>\n&#13;<br \/>\n&#13;<br \/>\n&#13;<br \/>\n&#13;<br \/>\n&#13;<br \/>\n&#13;<br \/>\n&#13;<br \/>\n&#13;<br \/>\n&#13;<br \/>\n&#13;<br \/>\n&#13;<br \/>\n&#13;<br \/>\n&#13;<br \/>\n&#13;<br \/>\n&#13;<br \/>\n&#13;<br \/>\n&#13;<br \/>\n&#13;<br \/>\n&#13;<br \/>\n&#13;<br \/>\n&#13;\n<\/p>\n<p class=\"chapter-paragraph\"><b>Note di serata<\/b><br \/>Bene, bravi e, salvo intoppi della vita, sicuri bis negli anni a venire per i fratelli biondo platino Matt e Issey Cartlidge, in arte The Molotovs: il \u00abdue con batteria\u00bb ha giovent\u00f9 ed energia da vendere e praterie per rincorrere la forma definitiva di un\u2019identit\u00e0 che il bocciolo restituisce ancora in schegge, tra Sex Pistols, The Who e Green Day&#8230;<\/p>\n<p class=\"chapter-paragraph\"><b>La scaletta del concerto dei Franz Ferdinand <br \/><\/b>1.\tThe Dark of the Matin\u00e9e<br \/>2.\tNight or Day<br \/>3.\tNo You Girls<br \/>4.\tDo You Want To <br \/>5.\tStand on the Horizon<br \/>6.\tWalk Away<br \/>7.\tEvil Eye<br \/>8.\tBar Lonely<br \/>9.\tMichael<br \/>10.\tUlysses<br \/>11.\tHooked<br \/>12.\tLove Illumination<br \/>13.\tTake Me Out<br \/>14.\tOutsiders<br \/><b>I bis <\/b><br \/>15.\tAudacious<br \/>16.\t40\u2019<br \/>17.\tBuild It Up<br \/>18.\tJacqueline<br \/>19.\tLucid Dreams<br \/>20.\tDarts of Pleasure<br \/>21.\tEvil and a Heathen<br \/>22.\tThis Fire<\/p>\n<p class=\"is-mr-t-20 is-mr-b-20\"><b><br \/>\n                                    <a href=\"https:\/\/corrieredelveneto.corriere.it\/vicenza\/?intcmp=Notizielocali_nd_010623_corriere_ss_vicenza\" target=\"_blank\" rel=\"nofollow noopener\">Vai a tutte le notizie di Vicenza<\/a><br \/>\n                        <\/b><\/p>\n<p class=\"chapter-paragraph\"><b><a href=\"https:\/\/www.corriere.it\/newsletter\/?theme=39&amp;intcmp=NL-artic_nd_060624_corriere_ss_veneto\" target=\"_blank\" rel=\"nofollow noopener\">Iscriviti alla newsletter del Corriere del Veneto<\/a><\/b><\/p>\n<p class=\"is-last-update\" datetime=\"2026-08-31T16:01:59+02:00\">31 agosto 2026 ( modifica il 31 agosto 2026 | 16:01)<\/p>\n<p class=\"is-copyright\">\n            \u00a9 RIPRODUZIONE RISERVATA\n        <\/p>\n","protected":false},"excerpt":{"rendered":"di Renato Piva Oltre 5 mila a Romano d&#8217;Ezzelino per la band di Glasgow. Il direttore Dal Mina:&hellip;\n","protected":false},"author":3,"featured_media":658555,"comment_status":"","ping_status":"","sticky":false,"template":"","format":"standard","meta":{"footnotes":"","_share_on_mastodon":"0"},"categories":[1443],"tags":[15059,363330,35606,1585,12384,363331,6512,2195,4385,28625,363332,363333,4084,1109,7239,185785,363334,6777,203,1533,219753,363335,145717,4631,176914,91698,363329,3369,48855,363336,204,1537,90,89,363337,363338,14063,363339,162144,2935,16229,363340,1538,1539,18745,363341,363342,1294,633,2055,363343,136839,363344,363345,2298,8483,4262,1563,10997,628,14058],"class_list":["post-658554","post","type-post","status-publish","format-standard","has-post-thumbnail","category-musica","tag-ama","tag-ama-verra","tag-away","tag-band","tag-bar","tag-bar-lonely","tag-big","tag-bis","tag-conferma","tag-dark","tag-dark-of","tag-dark-of-the","tag-day","tag-direttore","tag-do","tag-do-you","tag-do-you-want","tag-elettronica","tag-entertainment","tag-estate","tag-evil","tag-ezzelino","tag-ferdinand","tag-festival","tag-ff","tag-franz","tag-franz-ferdinand","tag-giro","tag-glasgow","tag-illumination","tag-intrattenimento","tag-it","tag-italia","tag-italy","tag-kapranos","tag-lonely","tag-love","tag-love-illumination","tag-matinee","tag-metal","tag-mina","tag-molotovs","tag-music","tag-musica","tag-night","tag-night-or","tag-night-or-day","tag-numeri","tag-of","tag-of-the","tag-of-the-matinee","tag-or","tag-or-day","tag-outsiders","tag-palco","tag-presenze","tag-prossimo","tag-rock","tag-romano","tag-the","tag-you"],"share_on_mastodon":{"url":"","error":"Validation failed: Text character limit of 500 exceeded"},"_links":{"self":[{"href":"https:\/\/www.europesays.com\/it\/wp-json\/wp\/v2\/posts\/658554","targetHints":{"allow":["GET"]}}],"collection":[{"href":"https:\/\/www.europesays.com\/it\/wp-json\/wp\/v2\/posts"}],"about":[{"href":"https:\/\/www.europesays.com\/it\/wp-json\/wp\/v2\/types\/post"}],"author":[{"embeddable":true,"href":"https:\/\/www.europesays.com\/it\/wp-json\/wp\/v2\/users\/3"}],"replies":[{"embeddable":true,"href":"https:\/\/www.europesays.com\/it\/wp-json\/wp\/v2\/comments?post=658554"}],"version-history":[{"count":0,"href":"https:\/\/www.europesays.com\/it\/wp-json\/wp\/v2\/posts\/658554\/revisions"}],"wp:featuredmedia":[{"embeddable":true,"href":"https:\/\/www.europesays.com\/it\/wp-json\/wp\/v2\/media\/658555"}],"wp:attachment":[{"href":"https:\/\/www.europesays.com\/it\/wp-json\/wp\/v2\/media?parent=658554"}],"wp:term":[{"taxonomy":"category","embeddable":true,"href":"https:\/\/www.europesays.com\/it\/wp-json\/wp\/v2\/categories?post=658554"},{"taxonomy":"post_tag","embeddable":true,"href":"https:\/\/www.europesays.com\/it\/wp-json\/wp\/v2\/tags?post=658554"}],"curies":[{"name":"wp","href":"https:\/\/api.w.org\/{rel}","templated":true}]}}