{"id":658599,"date":"2026-08-31T20:11:12","date_gmt":"2026-08-31T20:11:12","guid":{"rendered":"https:\/\/www.europesays.com\/it\/658599\/"},"modified":"2026-08-31T20:11:12","modified_gmt":"2026-08-31T20:11:12","slug":"meteo-puglia-prima-settimana-settembre-previsioni-e-temperature","status":"publish","type":"post","link":"https:\/\/www.europesays.com\/it\/658599\/","title":{"rendered":"Meteo Puglia prima settimana settembre: previsioni e temperature"},"content":{"rendered":"<p>L\u2019estate non ha alcuna intenzione di farsi da parte e il calendario, con l\u2019ingresso formale nel mese di <strong><a href=\"https:\/\/www.quotidianodipuglia.it\/t\/settembre\" rel=\"nofollow noopener\" target=\"_blank\">settembre<\/a><\/strong>, non baster\u00e0 a dare una svolta brusca al quadro atmosferico nazionale. Chi si aspettava un avvio d&#8217;autunno meteorologico a suon di piogge e primi freddi rimarr\u00e0 deluso: l\u2019alta pressione continuer\u00e0 a far da padrona su gran parte dell&#8217;Italia, regalandoci giornate ancora pienamente estive e temperature che si manterranno nettamente al di sopra delle medie del periodo.<\/p>\n<p>L\u2019ondata di calore estremo che ha battuto il Centro-Sud nei giorni scorsi, toccando punte deleterie di 46 gradi, far\u00e0 registrare un fisiologico ridimensionamento, riducendo le massime di circa 8-10 gradi. Si passer\u00e0 cos\u00ec a valori compresi tra i 35 e i 36 gradi al Centro-Sud, mentre al Nord si viagger\u00e0 tra i 28 e i 32 gradi, pur con qualche isolato temporale di passaggio tra marted\u00ec e mercoled\u00ec. Vediamo insieme le <strong><a href=\"https:\/\/www.quotidianodipuglia.it\/t\/previsioni-\" rel=\"nofollow noopener\" target=\"_blank\">previsioni<\/a> <a href=\"https:\/\/www.quotidianodipuglia.it\/t\/meteo-\" rel=\"nofollow noopener\" target=\"_blank\">meteo<\/a><\/strong> per i prossimi giorni in <strong><a href=\"https:\/\/www.quotidianodipuglia.it\/t\/puglia\" rel=\"nofollow noopener\" target=\"_blank\">Puglia<\/a><\/strong>.<\/p>\n<p><strong>Scorri le slide<\/strong><\/p>\n","protected":false},"excerpt":{"rendered":"L\u2019estate non ha alcuna intenzione di farsi da parte e il calendario, con l\u2019ingresso formale nel mese di&hellip;\n","protected":false},"author":3,"featured_media":658600,"comment_status":"","ping_status":"","sticky":false,"template":"","format":"standard","meta":{"footnotes":"","_share_on_mastodon":"0"},"categories":[79],"tags":[1534,14,93,94,1533,1537,90,89,419,7,15,5065,10898,407,11,84,91,12,85,92],"class_list":["post-658599","post","type-post","status-publish","format-standard","has-post-thumbnail","category-italia","tag-caldo","tag-cronaca","tag-cronaca-italiana","tag-cronacaitaliana","tag-estate","tag-it","tag-italia","tag-italy","tag-meteo","tag-news","tag-notizie","tag-previsioni","tag-puglia","tag-settembre","tag-ultime-notizie","tag-ultime-notizie-e-news-di-oggi","tag-ultime-notizie-italia","tag-ultimenotizie","tag-ultimenotizieenewsdioggi","tag-ultimenotizieitalia"],"share_on_mastodon":{"url":"https:\/\/pubeurope.com\/@it\/117191946299379494","error":""},"_links":{"self":[{"href":"https:\/\/www.europesays.com\/it\/wp-json\/wp\/v2\/posts\/658599","targetHints":{"allow":["GET"]}}],"collection":[{"href":"https:\/\/www.europesays.com\/it\/wp-json\/wp\/v2\/posts"}],"about":[{"href":"https:\/\/www.europesays.com\/it\/wp-json\/wp\/v2\/types\/post"}],"author":[{"embeddable":true,"href":"https:\/\/www.europesays.com\/it\/wp-json\/wp\/v2\/users\/3"}],"replies":[{"embeddable":true,"href":"https:\/\/www.europesays.com\/it\/wp-json\/wp\/v2\/comments?post=658599"}],"version-history":[{"count":0,"href":"https:\/\/www.europesays.com\/it\/wp-json\/wp\/v2\/posts\/658599\/revisions"}],"wp:featuredmedia":[{"embeddable":true,"href":"https:\/\/www.europesays.com\/it\/wp-json\/wp\/v2\/media\/658600"}],"wp:attachment":[{"href":"https:\/\/www.europesays.com\/it\/wp-json\/wp\/v2\/media?parent=658599"}],"wp:term":[{"taxonomy":"category","embeddable":true,"href":"https:\/\/www.europesays.com\/it\/wp-json\/wp\/v2\/categories?post=658599"},{"taxonomy":"post_tag","embeddable":true,"href":"https:\/\/www.europesays.com\/it\/wp-json\/wp\/v2\/tags?post=658599"}],"curies":[{"name":"wp","href":"https:\/\/api.w.org\/{rel}","templated":true}]}}