{"id":658628,"date":"2026-08-31T20:37:21","date_gmt":"2026-08-31T20:37:21","guid":{"rendered":"https:\/\/www.europesays.com\/it\/658628\/"},"modified":"2026-08-31T20:37:21","modified_gmt":"2026-08-31T20:37:21","slug":"disperso-in-nepal-il-messaggio-dei-familiari-di-marco-ratto-grazie-per-laffetto-adesso-e-lora-del-silenzio-primocanale-it","status":"publish","type":"post","link":"https:\/\/www.europesays.com\/it\/658628\/","title":{"rendered":"Disperso in Nepal, il messaggio dei familiari di Marco Ratto: &#8220;Grazie per l&#8217;affetto, adesso \u00e8 l&#8217;ora del silenzio&#8221; &#8211; Primocanale.it"},"content":{"rendered":"<p>\t\t\t\t\t\t<img loading=\"lazy\" decoding=\"async\" title=\"\" src=\"https:\/\/www.primocanale.it\/images\/webp_images\/marcorattorapallop82004.webp\" alt=\"\" itemprop=\"image\" class=\"img-fluid jch-lazyload\" width=\"1530\" height=\"900\"\/><\/p>\n<p>Sono giorni di ricerche in Nepal dopo la devastante alluvione dello scorso venerd\u00ec 26 agosto. Tra i dispersi c&#8217;\u00e8 anche il ligure Marco Ratto originario di Rapallo. Una cittadina che si \u00e8 stretta attorno ai familiari dell&#8217;uomo di 50 anni.<\/p>\n<p>\u00a0<\/p>\n<p>E proprio i familiari di Ratto hanno deciso di ringraziare i concittadini per il rispetto mostrato e la vicinanza che hanno fatto sentire loro in questi difficili giorni. E cos\u00ec la sorella di Marco, Daniela e la compagnia dell&#8217;uomo Monica hanno chiesto al Comune di Rapallo di inviare un messaggio a tutta la cittadinanza.<\/p>\n<p>\u00a0<\/p>\n<p>Il messaggio dei familiari di Marco Ratto<\/p>\n<p>\u201cCari amici, siamo stati profondamente toccati dall\u2019affetto che tutta Rapallo ci ha dimostrato in questo momento difficilissimo. L\u2019apprensione e il dolore ci hanno portato a cercare uno spazio di intimit\u00e0 e di raccoglimento, in attesa che le ricerche, le dichiarazioni e gli accertamenti ufficiali facciano il loro corso.<\/p>\n<p>\u00a0<\/p>\n<p>\u00c8 una fase che durer\u00e0 a lungo e che dobbiamo affrontare cercando di costruire una nuova normalit\u00e0, compatibilmente con l\u2019incertezza.\u00a0<\/p>\n<p>Per questo ci asterremo da ulteriori dichiarazioni sulla vicenda di Marco, consapevoli che dobbiamo aspettare e, nel frattempo, provare a riprendere da dove abbiamo lasciato, in modo nuovo.<\/p>\n<p>\u00a0<\/p>\n<p>Grazie per la vicinanza che ci avete dimostrato finora.\u00a0<\/p>\n<p>Grazie soprattutto per la comprensione che ci dimostrerete d\u2019ora in avanti, anche nel nostro sforzo di riprendere una vita normale, lasciando che questo momento si chiarisca secondo i tempi e nelle forme che saranno necessarie, nel dialogo con le istituzioni\u201d.<\/p>\n<p>Il Comune di Rapallo<\/p>\n<p>Un messaggio che i familiari di Marco Ratto hanno chiesto di far diffondere al Comune di Rapallo. Il sindaco <strong>Elisabetta Ricci<\/strong>\u00a0si stringe ancora una volta ai familiari dell&#8217;uomo e invita tutti i cittadini a far sentire loro l&#8217;affetto della comunit\u00e0. &#8220;Cari amici, c\u2019\u00e8 un tempo per la vicinanza manifesta e un tempo per la vicinanza silenziosa, quella che esiste e si percepisce anche senza parole. Da ora in avanti, sar\u00e0 anche questa la forma del nostro aiuto: esserci, con rispetto e discrezione. Grazie ancora a tutti per la vicinanza dimostrata. Un abbraccio a tutta la famiglia Ratto&#8221;.<\/p>\n<p>\u00a0<\/p>\n<p>\u00a0<\/p>\n<p>\u00a0<\/p>\n","protected":false},"excerpt":{"rendered":"Sono giorni di ricerche in Nepal dopo la devastante alluvione dello scorso venerd\u00ec 26 agosto. Tra i dispersi&hellip;\n","protected":false},"author":3,"featured_media":658629,"comment_status":"","ping_status":"","sticky":false,"template":"","format":"standard","meta":{"footnotes":"","_share_on_mastodon":"0"},"categories":[160],"tags":[14,164,165,363378,363376,362211,166,7,15,110394,363379,363377,11,167,12,168,161,162,163],"class_list":["post-658628","post","type-post","status-publish","format-standard","has-post-thumbnail","category-mondo","tag-cronaca","tag-dal-mondo","tag-dalmondo","tag-dichiarazioni-famiglia-ratto","tag-famiglia-ratto","tag-marco-ratto","tag-mondo","tag-news","tag-notizie","tag-rapallo","tag-ricerche-marco-ratto","tag-silenzio-stampa-famiglia-ratto","tag-ultime-notizie","tag-ultime-notizie-di-mondo","tag-ultimenotizie","tag-ultimenotiziedimondo","tag-world","tag-world-news","tag-worldnews"],"share_on_mastodon":{"url":"https:\/\/pubeurope.com\/@it\/117192048277890274","error":""},"_links":{"self":[{"href":"https:\/\/www.europesays.com\/it\/wp-json\/wp\/v2\/posts\/658628","targetHints":{"allow":["GET"]}}],"collection":[{"href":"https:\/\/www.europesays.com\/it\/wp-json\/wp\/v2\/posts"}],"about":[{"href":"https:\/\/www.europesays.com\/it\/wp-json\/wp\/v2\/types\/post"}],"author":[{"embeddable":true,"href":"https:\/\/www.europesays.com\/it\/wp-json\/wp\/v2\/users\/3"}],"replies":[{"embeddable":true,"href":"https:\/\/www.europesays.com\/it\/wp-json\/wp\/v2\/comments?post=658628"}],"version-history":[{"count":0,"href":"https:\/\/www.europesays.com\/it\/wp-json\/wp\/v2\/posts\/658628\/revisions"}],"wp:featuredmedia":[{"embeddable":true,"href":"https:\/\/www.europesays.com\/it\/wp-json\/wp\/v2\/media\/658629"}],"wp:attachment":[{"href":"https:\/\/www.europesays.com\/it\/wp-json\/wp\/v2\/media?parent=658628"}],"wp:term":[{"taxonomy":"category","embeddable":true,"href":"https:\/\/www.europesays.com\/it\/wp-json\/wp\/v2\/categories?post=658628"},{"taxonomy":"post_tag","embeddable":true,"href":"https:\/\/www.europesays.com\/it\/wp-json\/wp\/v2\/tags?post=658628"}],"curies":[{"name":"wp","href":"https:\/\/api.w.org\/{rel}","templated":true}]}}