{"id":658632,"date":"2026-08-31T20:39:16","date_gmt":"2026-08-31T20:39:16","guid":{"rendered":"https:\/\/www.europesays.com\/it\/658632\/"},"modified":"2026-08-31T20:39:16","modified_gmt":"2026-08-31T20:39:16","slug":"milano-incidente-in-corso-lodi-52enne-a-piedi-travolto-e-ucciso-da-una-betoniera-mentre-attraversava-sulle-strisce","status":"publish","type":"post","link":"https:\/\/www.europesays.com\/it\/658632\/","title":{"rendered":"Milano, incidente in corso Lodi: 52enne a piedi travolto e ucciso da una betoniera mentre attraversava sulle strisce"},"content":{"rendered":"<p>    di<br \/>\n    Matteo Castagnoli e Cesare Giuzzi<\/p>\n<p class=\"summary-art is-line-h-12\">L\u2019incidente \u00e8 avvenuto poco prima delle 17 di luned\u00ec all\u2019angolo con viale Bacchiglione. Il pedone ha attraversato la strada con il semaforo rosso<\/p>\n<p class=\"chapter-paragraph\">Sull\u2019asfalto rimangono due ciabatte di gomma nere. Poi una lunga striscia di sangue lunga dieci metri. Fino alle ruote della <b>betoniera<\/b>. Il corpo di<b> Neagos Gheorghe, 52 anni, romeno, <\/b>\u00e8 ancora l\u00ec sotto nascosto alla vista e ai telefonini dei curiosi da grandi teli verdi e argentati appesi al telaio del camion. \u00abLa vittima arrivava dal Carrefour.<b> Ha attraversato la strada con il rosso. La betoniera, invece, era ferma all\u2019incrocio. \u00c8 ripartita <\/b>quando il semaforo \u00e8 diventato <b>verde<\/b>\u00bb, \u00e8 il racconto di un agente immobiliare della zona che luned\u00ec pomeriggio, poco prima delle 17, era uscito dall\u2019ufficio per comprare delle sigarette all<b>\u2019incrocio tra corso Lodi e viale Bacchiglione<\/b> dov\u2019\u00e8 avvenuto <b>l\u2019incidente<\/b>.<\/p>\n<p class=\"chapter-paragraph\">Una testimonianza che troverebbe riscontri nei primi accertamenti della polizia locale. Infatti, secondo la ricostruzione degli agenti guidati dal comandante Gianluca Mirabelli, <b>la betoniera guidata da un 33enne marocchino \u2014 che sar\u00e0 indagato per omicidio stradale <\/b>\u2014, arrivava dal Corvetto  e viaggiava verso nord, in direzione di piazzale Lodi. Arrivato <b>all\u2019angolo con viale Bacchiglione<\/b>, l\u2019autista alla guida della betoniera si \u00e8 fermato al <b>semaforo rosso<\/b>. Tutto \u00e8 avvenuto per\u00f2 alla ripartenza. Quando il camion<b> si \u00e8 messo in moto vedendo il verde,<\/b> a bassissima velocit\u00e0, ha travolto il 52enne che, dal racconto di alcuni testimoni,<b> \u00e8 \u00abcome se fosse finito addosso al mezzo\u00bb, <\/b>cercando di attraversare la strada vicino alle strisce pedonali dell\u2019incrocio. A quel punto <b>\u00e8 stato risucchiato dalla marcia della betoniera, rimanendo schiacciato tra le ruote<\/b>. La vittima \u00e8 un senza fissa dimora che frequenta la zona tra il Corvetto, corso Lodi e via Ripamonti.    &#13;<br \/>\n&#13;<br \/>\n&#13;<br \/>\n&#13;<br \/>\n&#13;<br \/>\n&#13;<br \/>\n&#13;<br \/>\n&#13;<br \/>\n&#13;<br \/>\n&#13;<br \/>\n&#13;<br \/>\n&#13;<br \/>\n&#13;<br \/>\n&#13;<br \/>\n&#13;<br \/>\n&#13;<br \/>\n&#13;<br \/>\n&#13;<br \/>\n&#13;<br \/>\n&#13;<br \/>\n&#13;<br \/>\n&#13;<br \/>\n&#13;<br \/>\n&#13;<br \/>\n&#13;<br \/>\n&#13;<br \/>\n&#13;<br \/>\n&#13;<br \/>\n&#13;<br \/>\n&#13;<br \/>\n&#13;<br \/>\n&#13;<br \/>\n&#13;<br \/>\n&#13;<br \/>\n&#13;<br \/>\n&#13;<br \/>\n&#13;<br \/>\n&#13;<br \/>\n&#13;<br \/>\n&#13;<br \/>\n&#13;<br \/>\n&#13;<br \/>\n&#13;<br \/>\n&#13;<br \/>\n&#13;<br \/>\n&#13;<br \/>\n&#13;<br \/>\n&#13;<br \/>\n&#13;<br \/>\n&#13;<br \/>\n&#13;<br \/>\n&#13;<br \/>\n&#13;\n<\/p>\n<p>        <img decoding=\"async\" class=\"is_full_image\" loading=\"lazy\" alt=\"Milano, incidente in corso Lodi: 52enne a piedi travolto e ucciso da una betoniera mentre attraversava sulle strisce\" src=\"https:\/\/www.europesays.com\/it\/wp-content\/uploads\/2026\/08\/6a95aae71b854.jpeg\" data-full-src=\"https:\/\/www.europesays.com\/it\/wp-content\/uploads\/2026\/08\/6a95aae71b854.jpeg\"\/><\/p>\n<p class=\"chapter-paragraph\">I vigili hanno lavorato tutto il pomeriggio per accertate l\u2019esatta <b>dinamica <\/b>dell\u2019incidente. Hanno ascoltato i testimoni assiepati intorno al punto dello schianto, scattato foto, cercato <b>telecamere <\/b>di videosorveglianza della zona e tracciato con il gesso sull\u2019asfalto la possibile ricostruzione dell\u2019investimento. La strada \u00e8 stata chiusa al traffico per un paio d\u2019ore. Poco dopo le 19 i nastri bianchi e rossi sono stati tolti e la circolazione \u00e8 ripresa. Non \u00e8 escluso che nei prossimi giorni gli agenti analizzino<b> la scatola nera della betoniera. <\/b>Il 33enne alla guida del camion \u00e8 stato sottoposto<b> all\u2019alcoltest e a quelli antidroga, che sono risultati negativi.<\/b><\/p>\n<p class=\"chapter-paragraph\">Quello di luned\u00ec <b>\u00e8 il 20esimo incidente mortale sulla strade milanesi da inizio anno.<\/b> Una media di poco superiore ai <b>due al mese.<\/b> L\u2019ultimo caso risaliva a a <b>Ferragosto<\/b>, quando sul cavalcavia Bacula, tra viale Monte Ceneri e piazzale Lugano, Franco Alessandro Fabiano, 48 anni, <b><a href=\"https:\/\/milano.corriere.it\/notizie\/cronaca\/26_agosto_15\/milano-incidente-nella-notte-sul-cavalcavia-monte-ceneri-morto-un-motociclista-di-50-anni-0b64dcff-9290-4b44-a0fa-1312bd8c6xlk.shtml\" rel=\"nofollow noopener\" target=\"_blank\">si era schiantato contro le barriere con uno scooter rubato<\/a>. <\/b>Mentre l\u2019ultima vittima della strada uccisa da un mezzo pesante era stata <b><a href=\"https:\/\/milano.corriere.it\/notizie\/cronaca\/26_luglio_08\/milano-ciclista-muore-in-via-gattamelata-travolta-dal-camion-all-incrocio-laura-ghirardi-trascinata-per-sette-metri-d54599f6-7fcb-4fc3-a056-99f0e9690xlk.shtml\" rel=\"nofollow noopener\" target=\"_blank\">Laura Ghirardi, 67 anni, travolta e trascinata da un camion<\/a> <\/b>per il movimento terra lo scorso 7 luglio  in via Gattamelata, al Portello.<\/p>\n<p class=\"is-mr-t-20 is-mr-b-20\"><b><br \/>\n                    <a href=\"https:\/\/milano.corriere.it\/?intcmp=Notizielocali_nd_010623_corriere_ss_milano\" target=\"_blank\" rel=\"nofollow noopener\">Vai a tutte le notizie di Milano<\/a><br \/>\n            <\/b><\/p>\n<p class=\"chapter-paragraph\"><b><a href=\"https:\/\/www.corriere.it\/newsletter\/?theme=41&amp;intcmp=IIIcolonna_NL_CorMilano\" target=\"_blank\" rel=\"nofollow noopener\">Iscriviti alla newsletter di Corriere Milano<\/a><\/b><\/p>\n<p class=\"is-last-update\" datetime=\"2026-08-31T20:23:55+02:00\">31 agosto 2026 ( modifica il 31 agosto 2026 | 20:23)<\/p>\n<p class=\"is-copyright\">\n            \u00a9 RIPRODUZIONE RISERVATA\n        <\/p>\n","protected":false},"excerpt":{"rendered":"di Matteo Castagnoli e Cesare Giuzzi L\u2019incidente \u00e8 avvenuto poco prima delle 17 di luned\u00ec all\u2019angolo con viale&hellip;\n","protected":false},"author":3,"featured_media":658633,"comment_status":"","ping_status":"","sticky":false,"template":"","format":"standard","meta":{"footnotes":"","_share_on_mastodon":"0"},"categories":[6],"tags":[3534,3186,272719,363386,10404,17724,57926,363387,4613,363384,363383,691,790,137493,42268,14,3453,8,298,25997,1537,90,89,46798,1691,1258,7,15,82,9,83,10,9774,427,494,12343,11835,13215,3726,13,11,80,84,12,81,85,9776,363385,548,549],"class_list":["post-658632","post","type-post","status-publish","format-standard","has-post-thumbnail","category-ultime-notizie","tag-agenti","tag-angolo","tag-angolo-viale","tag-angolo-viale-bacchiglione","tag-arrivava","tag-asfalto","tag-attraversato","tag-attraversato-strada","tag-avvenuto","tag-bacchiglione","tag-betoniera","tag-camion","tag-corso","tag-corso-lodi","tag-corvetto","tag-cronaca","tag-guida","tag-headlines","tag-incidente","tag-incrocio","tag-it","tag-italia","tag-italy","tag-lodi","tag-lunedi","tag-lunga","tag-news","tag-notizie","tag-notizie-di-cronaca","tag-notizie-principali","tag-notiziedicronaca","tag-notizieprincipali","tag-piazzale","tag-pomeriggio","tag-punto","tag-racconto","tag-rosso","tag-semaforo","tag-strada","tag-titoli","tag-ultime-notizie","tag-ultime-notizie-di-cronaca","tag-ultime-notizie-e-news-di-oggi","tag-ultimenotizie","tag-ultimenotiziedicronaca","tag-ultimenotizieenewsdioggi","tag-viale","tag-viale-bacchiglione","tag-vittima","tag-zona"],"share_on_mastodon":{"url":"","error":"Validation failed: Text character limit of 500 exceeded"},"_links":{"self":[{"href":"https:\/\/www.europesays.com\/it\/wp-json\/wp\/v2\/posts\/658632","targetHints":{"allow":["GET"]}}],"collection":[{"href":"https:\/\/www.europesays.com\/it\/wp-json\/wp\/v2\/posts"}],"about":[{"href":"https:\/\/www.europesays.com\/it\/wp-json\/wp\/v2\/types\/post"}],"author":[{"embeddable":true,"href":"https:\/\/www.europesays.com\/it\/wp-json\/wp\/v2\/users\/3"}],"replies":[{"embeddable":true,"href":"https:\/\/www.europesays.com\/it\/wp-json\/wp\/v2\/comments?post=658632"}],"version-history":[{"count":0,"href":"https:\/\/www.europesays.com\/it\/wp-json\/wp\/v2\/posts\/658632\/revisions"}],"wp:featuredmedia":[{"embeddable":true,"href":"https:\/\/www.europesays.com\/it\/wp-json\/wp\/v2\/media\/658633"}],"wp:attachment":[{"href":"https:\/\/www.europesays.com\/it\/wp-json\/wp\/v2\/media?parent=658632"}],"wp:term":[{"taxonomy":"category","embeddable":true,"href":"https:\/\/www.europesays.com\/it\/wp-json\/wp\/v2\/categories?post=658632"},{"taxonomy":"post_tag","embeddable":true,"href":"https:\/\/www.europesays.com\/it\/wp-json\/wp\/v2\/tags?post=658632"}],"curies":[{"name":"wp","href":"https:\/\/api.w.org\/{rel}","templated":true}]}}