{"id":658638,"date":"2026-08-31T20:52:17","date_gmt":"2026-08-31T20:52:17","guid":{"rendered":"https:\/\/www.europesays.com\/it\/658638\/"},"modified":"2026-08-31T20:52:17","modified_gmt":"2026-08-31T20:52:17","slug":"gasperini-conferenza-stampa-dopo-lecce-roma","status":"publish","type":"post","link":"https:\/\/www.europesays.com\/it\/658638\/","title":{"rendered":"Gasperini conferenza stampa dopo Lecce-Roma"},"content":{"rendered":"<p>                                L&#8217;allenatore della Roma si gode il secondo poker: &#8220;Gruppo straordinario. Il mercato? Stiamo completando ancora la rosa, ma non vendiamo il francese a 24 ore dalla chiusura&#8221;<\/p>\n<p>            <a class=\"image is-50x50\" href=\"https:\/\/www.gazzetta.it\/collaboratori\/francesco-balzani\/\" rel=\"nofollow noopener\" target=\"_blank\"><br \/>\n                <img decoding=\"async\" class=\"is-rounded\" src=\"https:\/\/www.europesays.com\/it\/wp-content\/uploads\/2025\/09\/francesco-balzani.png\" alt=\"Francesco Balzani\"\/><br \/>\n            <\/a><\/p>\n<p>Collaboratore<\/p>\n<p>                    31 agosto &#8211; 21:59  &#8211; ROMA<\/p>\n<p class=\"paragraph\" spellcheck=\"true\">Un altro <a href=\"https:\/\/www.gazzetta.it\/Calcio\/Serie-A\/31-08-2026\/lecce-roma-live-risultato-e-gol-in-diretta-serie-a.shtml?refresh_ce\" rel=\"nofollow noopener\" target=\"_blank\">poker<\/a>, un\u2019altra prova sontuosa. La Roma di Gasperini vola. E in attesa del possibile ultimo pezzo di mercato (Leweling o Luiz Henrique) si gode il primato con 8 gol fatti e zero subiti in un inizio che fa sognare la tifoseria. \u201cAbbiamo una buona condizione, abbiamo fatto due partite in un clima torrido ma ad alti livelli &#8211; gongola il tecnico -. I ragazzi hanno lavorato benissimo. Un po\u2019 il mercato e un po\u2019 il mondiale hanno condizionato il nostro precampionato, ma gi\u00e0 col Dortmund in amichevole avevo visto che avevamo riattaccato la spina. La forza maggiore \u00e8 la solidit\u00e0 mentale\u201d.\u00a0<\/p>\n<p>    IL GRUPPO\u2014 \u00a0<\/p>\n<p class=\"paragraph is-inline\" spellcheck=\"true\">\u00a0Il tecnico rivendica anche la scelta di confermare il blocco composto da Mancini, Cristante e gli altri senatori. \u201cPer me era evidente che erano giocatori di livello &#8211; ribadisce Gasp -. Magari bisognava mettergli qualcuno altrettanto forte vicino. Parliamo di un gruppo straordinario che ci mette sempre la faccia e che \u00e8 molto attaccato a questa maglia. La passione \u00e8 una componente fondamentale in tutti gli sport, soprattutto nel calcio. Il giocatore \u00e8 fatto di testa e cuore prima dei muscoli, e questi ce l\u2019hanno sicuramente\u201d.\u00a0<\/p>\n<p>    MALEN-HIGUAIN\u2014 \u00a0<\/p>\n<p class=\"paragraph is-inline\" spellcheck=\"true\">\u00a0Il tecnico si coccola <a href=\"https:\/\/www.gazzetta.it\/Calcio\/Serie-A\/Roma\/31-08-2026\/roma-malen-macchina-da-gol-cinque-in-due-giornate.shtml\" rel=\"nofollow noopener\" target=\"_blank\">Malen gi\u00e0 a quota cinque reti<\/a> in campionato. Sono 19 nelle prime 20 partite in serie A, meglio hanno fatto solo due mostri sacri come Nordhal e Altafini con 20.  \u201cCome caratteristiche per rapidit\u00e0 e controllo al tiro in pochi metri somiglia a Higuain anche se fisicamente sono un po\u2019 diversi\u201d. Chiusura doverosa sul mercato: \u201cStiamo completando ancora la rosa. Finalmente domani finisce. Oggi non ho seguito le evoluzioni sull\u2019ala sinistra, ero concentrato sulla partita\u2026\u201d, sorride Gasperini.<\/p>\n<p><a class=\"is-partner-link\" href=\"https:\/\/ad.doubleclick.net\/ddm\/trackclk\/N1792338.340088CAIRORCSMEDIAS.P.\/B28038690.452531709;dc_trk_aid=646241311;dc_trk_cid=173665161;dc_lat=;dc_rdid=;tag_for_child_directed_treatment=;tfua=;gdpr=%24%7BGDPR%7D;gdpr_consent=%24%7BGDPR_CONSENT_755%7D;ltd=;dc_tdv=1\" rel=\"nofollow noopener\" target=\"_blank\">Guarda tutte le partite di Serie A Enilive in esclusiva nei locali Sky! Trova il locale pi\u00f9 vicino a te.<\/a><\/p>\n<p>        KONE\u2014 \u00a0<\/p>\n<p class=\"paragraph\" spellcheck=\"true\">Il tecnico si mostra fiducioso sulla permanenza di Kon\u00e9. &#8220;A me non ha mai parlato nessuno di uscite, n\u00e9 di lui n\u00e9 di altri. Soprattutto in questo momento, a 24 ore dalla chiusura del mercato. So anche che la propriet\u00e0 non \u00e8 d\u2019accordo a delle vendite. Gli avversari in Italia si stanno attrezzando prepotentemente, non solo l\u2019inter che ha un rettilineo di vantaggio, ma c\u2019\u00e8 anche il Como con giocatori e impianto di gioco forte. Poi Napoli, Milan, Juventus, che sono delle big&#8221;.<\/p>\n<p class=\"is-copyright\">\u00a9 RIPRODUZIONE RISERVATA<\/p>\n","protected":false},"excerpt":{"rendered":"L&#8217;allenatore della Roma si gode il secondo poker: &#8220;Gruppo straordinario. Il mercato? Stiamo completando ancora la rosa, ma&hellip;\n","protected":false},"author":3,"featured_media":658639,"comment_status":"","ping_status":"","sticky":false,"template":"","format":"standard","meta":{"footnotes":"","_share_on_mastodon":"0"},"categories":[1452],"tags":[579,363392,363393,721,432,363388,363389,1740,3440,5301,564,3412,4855,101475,1537,90,89,33639,130882,1412,363390,363391,1354,4283,31159,987,5569,1739,337,245,244,1414,3375],"class_list":["post-658638","post","type-post","status-publish","format-standard","has-post-thumbnail","category-calcio","tag-accordo","tag-accordo-vendite","tag-accordo-vendite-avversari","tag-calcio","tag-chiusura","tag-completando","tag-completando-rosa","tag-football","tag-forte","tag-gasperini","tag-giocatore","tag-giocatori","tag-gode","tag-higuain","tag-it","tag-italia","tag-italy","tag-kone","tag-malen","tag-mercato","tag-mercato-completando","tag-mercato-completando-rosa","tag-ne","tag-partite","tag-poker","tag-roma","tag-rosa","tag-soccer","tag-soprattutto","tag-sport","tag-sports","tag-straordinario","tag-tecnico"],"share_on_mastodon":{"url":"https:\/\/pubeurope.com\/@it\/117192108293494912","error":""},"_links":{"self":[{"href":"https:\/\/www.europesays.com\/it\/wp-json\/wp\/v2\/posts\/658638","targetHints":{"allow":["GET"]}}],"collection":[{"href":"https:\/\/www.europesays.com\/it\/wp-json\/wp\/v2\/posts"}],"about":[{"href":"https:\/\/www.europesays.com\/it\/wp-json\/wp\/v2\/types\/post"}],"author":[{"embeddable":true,"href":"https:\/\/www.europesays.com\/it\/wp-json\/wp\/v2\/users\/3"}],"replies":[{"embeddable":true,"href":"https:\/\/www.europesays.com\/it\/wp-json\/wp\/v2\/comments?post=658638"}],"version-history":[{"count":0,"href":"https:\/\/www.europesays.com\/it\/wp-json\/wp\/v2\/posts\/658638\/revisions"}],"wp:featuredmedia":[{"embeddable":true,"href":"https:\/\/www.europesays.com\/it\/wp-json\/wp\/v2\/media\/658639"}],"wp:attachment":[{"href":"https:\/\/www.europesays.com\/it\/wp-json\/wp\/v2\/media?parent=658638"}],"wp:term":[{"taxonomy":"category","embeddable":true,"href":"https:\/\/www.europesays.com\/it\/wp-json\/wp\/v2\/categories?post=658638"},{"taxonomy":"post_tag","embeddable":true,"href":"https:\/\/www.europesays.com\/it\/wp-json\/wp\/v2\/tags?post=658638"}],"curies":[{"name":"wp","href":"https:\/\/api.w.org\/{rel}","templated":true}]}}