{"id":658686,"date":"2026-08-31T21:31:16","date_gmt":"2026-08-31T21:31:16","guid":{"rendered":"https:\/\/www.europesays.com\/it\/658686\/"},"modified":"2026-08-31T21:31:16","modified_gmt":"2026-08-31T21:31:16","slug":"accordo-difesa-grecia-israele-da-31-miliardi-lo-scudo-di-achille","status":"publish","type":"post","link":"https:\/\/www.europesays.com\/it\/658686\/","title":{"rendered":"Accordo difesa Grecia Israele da 3,1 miliardi: lo \u00abScudo di Achille\u00bb"},"content":{"rendered":"<p>Roma, 31 ago. (Adnkronos) &#8211; L&#8217;Italia proroga di 15 giorni i controlli alle frontiere per i viaggiatori provenienti dalla Spagna. E Madrid reagisce facendo la stessa cosa, prolungando dunque la sospensione dell&#8217;accordo di Schengen. <\/p>\n<p>Il Viminale ha fatto sapere che \u00e8 in corso di notifica la nota con cui il governo sta comunicando alla Ue il prolungamento. La decisione \u00e8 stata assunta, in linea con &#8220;l\u2019analisi effettuata dal Comitato analisi immigrazione e sicurezza delle frontiere, in ragione del permanere degli elementi di valutazione che erano stati alla base della loro reintroduzione lo scorso 1 agosto, ma al contempo anche tenendo conto delle iniziative gi\u00e0 avviate dalla Spagna, insieme all\u2019Unione europea, affinch\u00e9 in quell\u2019area la situazione possa avviarsi a una prossima normalizzazione&#8221;. Le valutazioni alla base del provvedimento di proroga sono state comunicate dal ministro dell\u2019Interno, Matteo Piantedosi, al suo omologo spagnolo, Fernando Grande-Marlaska, nel corso di un &#8220;costruttivo confronto telefonico&#8221;.<\/p>\n<p>&#8220;Il governo spagnolo ha deciso di prorogare di altri quindici giorni i controlli alle frontiere per i passeggeri che arrivano in Spagna via mare o via aerea dall\u2019Italia&#8221;. E&#8217; quanto afferma all&#8217;Adnkronos il ministero dell&#8217;interno spagnolo dopo la decisione dell&#8217;Italia. &#8220;Questi controlli erano stati introdotti l\u20198 agosto, inizialmente per un periodo di un mese&#8221;, ricorda il ministero dell&#8217;Interno spagnolo.<\/p>\n<p>Il numero di viaggiatori provenienti dall\u2019Italia identificati durante i controlli che il governo spagnolo ha disposto dall&#8217;8 al 22 agosto negli aeroporti del Paese era arrivato o a quasi 7.700 persone. Secondo i dati del 22 agosto del ministero dell\u2019Interno spagnolo fino alle 13 di sabato 22 agosto, il numero di persone alle quali \u00e8 stato richiesto di esibire i documenti all\u2019arrivo in Spagna era pari a 7.696. Complessivamente, sono stati controllati 696 voli e hanno partecipato a questa attivit\u00e0 1.144 agenti delle forze dell&#8217;ordine spagnolo.<\/p>\n<p>Mentre, secondo quanto si apprende da fonti del Viminale, dal 1 al 31 agosto, a seguito del ripristino dei controlli alle frontiere aeree e marittime con la Spagna: quasi 500mila persone sono state controllate attraverso la consultazione delle &#8216;liste passeggeri&#8217;; oltre 180mila persone, provenienti dalla Spagna, sono state identificate al momento in cui stavano facendo ingresso in Italia; sono stati adottati 31 provvedimenti di respingimento alla frontiera, tra i quali 8 nei confronti di cittadini marocchini; sei persone sono state tratte in arresto.<\/p>\n<p>&#8220;La proroga di 15 giorni della sospensione del trattato di Schengen con la Spagna era necessaria&#8221;, ha detto Piantedosi, a margine della commemorazione di cerimonia di commemorazione di Giovanbattista Cutolo, musicista 24enne della Orchestra Scarlatti Young ucciso il 31 agosto 2023 in piazza Municipio a Napoli. &#8220;E&#8217; una decisione motivata dal fatto che c&#8217;\u00e8 un&#8217;analisi fatta dagli specialisti riuniti nel comitato di analisi della sicurezza delle frontiere &#8211; ha aggiunto &#8211; Abbiamo deciso di limitarla a 15 giorni perch\u00e9 se da una parte l&#8217;analisi \u00e8 stata fatta dagli specialisti che indica che esistono motivazioni per cui fu fatta questa misura dall&#8217;altra parte \u00e8 apprezzabile lo sforzo che sta facendo il governo spagnolo con l&#8217;Ue per il giusto superamento della situazione che si \u00e8 creata&#8221;.<\/p>\n<p>&#8220;Confido che la proroga dello stop di Schengen possa essere l&#8217;ultima perch\u00e9 come immaginiamo ci\u00f2 significherebbe una normalizzazione della situazione. Siamo anche disponibili a ogni forma di collaborazione con la Spagna e con l&#8217;Unione europea&#8221;, ha aggiunto.<\/p>\n<p>Il primo ministro spagnolo Pedro Sanchez ha fatto appello alla &#8221;solidariet\u00e0 europea&#8221; per affrontare la crisi migratoria nell&#8217;enclave di Ceuta, ricordando che &#8221;a Lampedusa la Spagna era presente per accogliere i migranti che arrivavano&#8221;. Nel corso di una intervista a Cadena Ser, Sanchez ha detto che &#8220;l&#8217;Europa deve mostrare solidariet\u00e0 a Lampedusa, in Groenlandia, a Ceuta e nelle Isole Canarie&#8221;.<\/p>\n<p>Il premier spagnolo ha sottolineato che &#8220;abbiamo bisogno della solidariet\u00e0 dei Paesi dell&#8217;Europa centrale e settentrionale. Perch\u00e9 non avviene nel caso della Spagna? Forse perch\u00e9 abbiamo un governo di coalizione progressista? Forse perch\u00e9 abbiamo una posizione su Gaza o su altre questioni?&#8221;.<\/p>\n<p>A Ceuta, dove <a class=\"text\" href=\"https:\/\/www.adnkronos.com\/internazionale\/esteri\/ceuta-spagna-italia-migranti-scontri-polizia_4al1qcxIumLdLGtys9pPEV\" target=\"_self\" rel=\"nofollow noopener\">oggi si sono verificati nuovi scontri<\/a>, &#8220;rimangono 5.000 migranti, di cui 1.200 minorenni&#8221;, ha fatto sapere inoltre il primo ministro spagnolo, aggiungendo che &#8220;tra breve avremo una capacit\u00e0 sufficiente per accogliere i migranti che sono rimasti a Ceuta&#8221;. Riguardo al massiccio afflusso di migranti a Ceuta, Sanchez ha precisato che &#8220;non ci sono informazioni provenienti dalle Forze di Sicurezza dello Stato o dal Cni (l&#8217;intelligence spagnola, ndr) su collegamenti tra le autorit\u00e0 marocchine e la crisi migratoria nell&#8217;exclave spagnola&#8221;.<\/p>\n<p>&#8220;La cooperazione con il Marocco si sta rivelando francamente positiva&#8221;, ha sottolineato Sanchez. Riguardo alla questione se fossero state ricevute o meno informazioni dal Centro nazionale di Intelligence, il capo dell&#8217;Esecutivo ha difeso il ruolo del Cni, ma ha insistito sul fatto che &#8220;non c&#8217;erano informazioni che avessero la stessa gravit\u00e0 e portata&#8221; di quanto accaduto il 30 e il 31 luglio. Sanchez ha indicato che le cause della crisi di Ceuta sono ancora oggetto di indagine, ma ha puntato il dito contro bufale e disinformazione sui social media, a seguito della sentenza della Corte Suprema che vieta i rimpatri sommari delle persone entrate nel Paese a nuoto, pratica sfruttata da &#8220;organizzazioni criminali&#8221;. Sanchez ha inoltre spiegato che le bufale si sono diffuse sui social network &#8220;associati sia alla Russia che a Israele e a un movimento internazionale di estrema destra che sfrutta sempre la migrazione, non solo per attaccare la Spagna ma anche l&#8217;Europa&#8221;.<\/p>\n","protected":false},"excerpt":{"rendered":"Roma, 31 ago. (Adnkronos) &#8211; L&#8217;Italia proroga di 15 giorni i controlli alle frontiere per i viaggiatori provenienti&hellip;\n","protected":false},"author":3,"featured_media":658687,"comment_status":"","ping_status":"","sticky":false,"template":"","format":"standard","meta":{"footnotes":"","_share_on_mastodon":"0"},"categories":[160],"tags":[14,164,165,166,7,15,11,167,12,168,161,162,163],"class_list":["post-658686","post","type-post","status-publish","format-standard","has-post-thumbnail","category-mondo","tag-cronaca","tag-dal-mondo","tag-dalmondo","tag-mondo","tag-news","tag-notizie","tag-ultime-notizie","tag-ultime-notizie-di-mondo","tag-ultimenotizie","tag-ultimenotiziedimondo","tag-world","tag-world-news","tag-worldnews"],"share_on_mastodon":{"url":"https:\/\/pubeurope.com\/@it\/117192260800372498","error":""},"_links":{"self":[{"href":"https:\/\/www.europesays.com\/it\/wp-json\/wp\/v2\/posts\/658686","targetHints":{"allow":["GET"]}}],"collection":[{"href":"https:\/\/www.europesays.com\/it\/wp-json\/wp\/v2\/posts"}],"about":[{"href":"https:\/\/www.europesays.com\/it\/wp-json\/wp\/v2\/types\/post"}],"author":[{"embeddable":true,"href":"https:\/\/www.europesays.com\/it\/wp-json\/wp\/v2\/users\/3"}],"replies":[{"embeddable":true,"href":"https:\/\/www.europesays.com\/it\/wp-json\/wp\/v2\/comments?post=658686"}],"version-history":[{"count":0,"href":"https:\/\/www.europesays.com\/it\/wp-json\/wp\/v2\/posts\/658686\/revisions"}],"wp:featuredmedia":[{"embeddable":true,"href":"https:\/\/www.europesays.com\/it\/wp-json\/wp\/v2\/media\/658687"}],"wp:attachment":[{"href":"https:\/\/www.europesays.com\/it\/wp-json\/wp\/v2\/media?parent=658686"}],"wp:term":[{"taxonomy":"category","embeddable":true,"href":"https:\/\/www.europesays.com\/it\/wp-json\/wp\/v2\/categories?post=658686"},{"taxonomy":"post_tag","embeddable":true,"href":"https:\/\/www.europesays.com\/it\/wp-json\/wp\/v2\/tags?post=658686"}],"curies":[{"name":"wp","href":"https:\/\/api.w.org\/{rel}","templated":true}]}}