{"id":658710,"date":"2026-08-31T21:55:22","date_gmt":"2026-08-31T21:55:22","guid":{"rendered":"https:\/\/www.europesays.com\/it\/658710\/"},"modified":"2026-08-31T21:55:22","modified_gmt":"2026-08-31T21:55:22","slug":"john-galliano-rinuncia-alla-mostra-al-met-dopo-le-polemiche-per-le-sue-frasi-razziste-ed-antisemite-non-e-il-momento-sarebbe-dolorosa-per-molti","status":"publish","type":"post","link":"https:\/\/www.europesays.com\/it\/658710\/","title":{"rendered":"John Galliano rinuncia alla mostra al Met dopo le polemiche per le sue frasi razziste ed antisemite: \u00abNon \u00e8 il momento: sarebbe dolorosa per molti\u00bb"},"content":{"rendered":"<p>    di<br \/>\n    Federica Bandirali<\/p>\n<p class=\"summary-art is-line-h-12\">Dopo le polemiche legate alle dichiarazioni antisemite e razziste pronunciate nel 2011, lo stilista ha deciso di rinunciare alla retrospettiva che il Met avrebbe dovuto dedicargli nel 2027. Galliano ha spiegato di assumersi ancora la responsabilit\u00e0 per il dolore causato dalle sue parole<\/p>\n<p class=\"chapter-paragraph\">John Galliano fa un passo indietro. \u00c8 lo stesso stilista <a href=\"https:\/\/www.instagram.com\/p\/DctHgVHtnCb\/\" rel=\"nofollow noreferrer noopener\" target=\"_blank\">sui social<\/a>\u00a0<b>ad annunciare la rinuncia<\/b> alla grande mostra che il Metropolitan Museum of Art di New York aveva programmato per la primavera 2027. La retrospettiva, intitolata <b>\u201cJohn Galliano: Horizons<\/b>\u201d, avrebbe raccontato quarant&#8217;anni della sua carriera e sarebbe stata il fulcro della stagione del Costume Institute legata al Met Gala. Ora, per\u00f2, il progetto non andr\u00e0 avanti.  A spiegare la decisione \u00e8 Galliano in un post pubblicato sul suo profilo Instagram. Un messaggio scritto in prima persona, nel quale lo stilista esprime innanzitutto gratitudine nei confronti del museo e delle persone che avevano sostenuto il progetto: il direttore del Met Max Hollein, il curatore Andrew Bolton e Anna Wintour.  \u00abDopo molte riflessioni e discussioni con il Met e con tutte le persone coinvolte\u00bb, scrive Galliano, \u00abho deciso, con grande tristezza, che \u00e8 meglio che la mostra non abbia luogo in questo momento\u00bb. Una scelta dunque maturata dopo il confronto con l&#8217;istituzione e con le persone coinvolte nel progetto.\u00a0<\/p>\n<p>        <img decoding=\"async\" class=\"is_full_image\" loading=\"lazy\" alt=\"Il Met Gala 2027 incorona John Galliano: la moda celebra il genio che ha riscritto l'alta couture\" src=\"https:\/\/www.europesays.com\/it\/wp-content\/uploads\/2026\/08\/6a6f14be21d50.jpeg\" data-full-src=\"https:\/\/www.europesays.com\/it\/wp-content\/uploads\/2026\/08\/6a6f14be21d50.jpeg\"\/><\/p>\n<p class=\"chapter-paragraph\">Ma \u00e8 soprattutto il passaggio successivo del suo messaggio a chiarire il senso della rinuncia. Galliano torna infatti sul capitolo pi\u00f9 controverso della sua storia personale e professionale,<b> quello delle dichiarazioni antisemite e razziste che nel 2011 portarono al suo allontanamento da Dior <\/b>e alla condanna in Francia.\u00a0    &#13;<br \/>\n&#13;<br \/>\n&#13;<br \/>\n&#13;<br \/>\n&#13;<br \/>\n&#13;<br \/>\n&#13;<br \/>\n&#13;<br \/>\n&#13;<br \/>\n&#13;<br \/>\n&#13;<br \/>\n&#13;<br \/>\n&#13;<br \/>\n&#13;<br \/>\n&#13;<br \/>\n&#13;<br \/>\n&#13;<br \/>\n&#13;<br \/>\n&#13;<br \/>\n&#13;<br \/>\n&#13;<br \/>\n&#13;<br \/>\n&#13;<br \/>\n&#13;<br \/>\n&#13;<br \/>\n&#13;<br \/>\n&#13;<br \/>\n&#13;<br \/>\n&#13;<br \/>\n&#13;<br \/>\n&#13;<br \/>\n&#13;<br \/>\n&#13;<br \/>\n&#13;<br \/>\n&#13;<br \/>\n&#13;<br \/>\n&#13;<br \/>\n&#13;<br \/>\n&#13;<br \/>\n&#13;<br \/>\n&#13;<br \/>\n&#13;<br \/>\n&#13;<br \/>\n&#13;<br \/>\n&#13;<br \/>\n&#13;<br \/>\n&#13;<br \/>\n&#13;<br \/>\n&#13;<br \/>\n&#13;<br \/>\n&#13;<br \/>\n&#13;<br \/>\n&#13;\n<\/p>\n<p class=\"chapter-paragraph\">Lo stilista afferma di rimanere \u00abpienamente responsabile del dolore causato dalle mie parole in passato\u00bb, citando in particolare le comunit\u00e0 ebraiche e asiatiche, e ribadisce il proprio profondo dispiacere. Non cerca quindi di archiviare quella vicenda come qualcosa di ormai superato, ma la inserisce ancora oggi dentro la propria responsabilit\u00e0 personale. \u00c8 poi una frase del post a dare il tono all&#8217;intera vicenda: G<b>alliano spiega di aver compreso che una vera espiazione non pu\u00f2 essere raggiunta attraverso una mostra<\/b>, un riconoscimento istituzionale o un singolo gesto pubblico. \u00c8 invece una responsabilit\u00e0 continua, che si dimostra attraverso l&#8217;ascolto, l&#8217;apprendimento e il comportamento nel tempo.<\/p>\n<p class=\"chapter-paragraph\">La rinuncia arriva dopo che l&#8217;annuncio della retrospettiva aveva riacceso il dibattito sulla possibilit\u00e0 di celebrare pubblicamente Galliano, a quindici anni dallo scandalo. La scelta del Met aveva inizialmente suscitato entusiasmo nel mondo della moda: la mostra avrebbe riunito abiti, accessori, schizzi, materiali d&#8217;archivio e lavori capaci di ripercorrere una carriera considerata tra le pi\u00f9 influenti degli ultimi decenni. Sarebbe stata soltanto la terza mostra personale del Costume Institute dedicata a uno stilista ancora in vita. Ma <b>accanto all&#8217;entusiasmo erano arrivate anche forti critiche<\/b>, in particolare da esponenti della comunit\u00e0 ebraica e da figure pubbliche che avevano contestato la decisione di trasformare proprio Galliano nel protagonista della prossima stagione del Costume Institute. La polemica aveva cos\u00ec finito per spostare l&#8217;attenzione dagli abiti e dalla storia creativa dello stilista alla sua vicenda personale. Ed \u00e8 proprio questo che Galliano dice di voler evitare.\u00a0<\/p>\n<p>        <img decoding=\"async\" class=\"is_full_image\" loading=\"lazy\" alt=\"Con lo stilista John Galliano (Parigi, 1 gennaio 1997)\" src=\"https:\/\/www.europesays.com\/it\/wp-content\/uploads\/2026\/08\/65b3cc433ef44.jpeg\" data-full-src=\"https:\/\/www.europesays.com\/it\/wp-content\/uploads\/2026\/08\/65b3cc433ef44.jpeg\"\/><\/p>\n<p class=\"chapter-paragraph\">Nel suo post spiega di <b>non voler mettere il Met in una posizione difficile<\/b> n\u00e9 permettere che il dibattito sulla sua persona finisca per oscurare il lavoro del Costume Institute. Riconosce inoltre che una mostra dedicata al suo lavoro potrebbe risultare dolorosa per alcune persone. Il Met ha accolto la decisione e ha fatto sapere che<b> la mostra sar\u00e0 sostituita da un altro progetto, che verr\u00e0 annunciato successivamente<\/b>. Anche Anna Wintour ha sostenuto la scelta di Galliano.<\/p>\n<p class=\"is-last-update\" datetime=\"2026-08-31T18:15:57+02:00\">31 agosto 2026<\/p>\n<p class=\"is-copyright\">\n            \u00a9 RIPRODUZIONE RISERVATA\n        <\/p>\n<p>                                                                                                             <script async src=\"\/\/www.instagram.com\/embed.js\"><\/script><\/p>\n","protected":false},"excerpt":{"rendered":"di Federica Bandirali Dopo le polemiche legate alle dichiarazioni antisemite e razziste pronunciate nel 2011, lo stilista ha&hellip;\n","protected":false},"author":3,"featured_media":658711,"comment_status":"","ping_status":"","sticky":false,"template":"","format":"standard","meta":{"footnotes":"","_share_on_mastodon":"0"},"categories":[174],"tags":[7646,6050,11452,145319,363418,1902,7500,363419,26603,931,2261,133146,1368,3059,8348,2494,1102,363420,363421,203,217653,19965,204,1537,90,89,1602,108350,133140,632,858,978,2851,363417,984,3941,1435,1360,12543,2786],"class_list":["post-658710","post","type-post","status-publish","format-standard","has-post-thumbnail","category-intrattenimento","tag-abiti","tag-anna","tag-anna-wintour","tag-antisemite","tag-antisemite-razziste","tag-carriera","tag-causato","tag-causato-parole","tag-coinvolte","tag-comunita","tag-costume","tag-costume-institute","tag-decisione","tag-deciso","tag-dedicata","tag-dibattito","tag-dichiarazioni","tag-dichiarazioni-antisemite","tag-dichiarazioni-antisemite-razziste","tag-entertainment","tag-galliano","tag-institute","tag-intrattenimento","tag-it","tag-italia","tag-italy","tag-john","tag-john-galliano","tag-met","tag-mostra","tag-personale","tag-post","tag-progetto","tag-razziste","tag-responsabilita","tag-retrospettiva","tag-rinuncia","tag-scelta","tag-stilista","tag-vicenda"],"share_on_mastodon":{"url":"","error":"Validation failed: Text character limit of 500 exceeded"},"_links":{"self":[{"href":"https:\/\/www.europesays.com\/it\/wp-json\/wp\/v2\/posts\/658710","targetHints":{"allow":["GET"]}}],"collection":[{"href":"https:\/\/www.europesays.com\/it\/wp-json\/wp\/v2\/posts"}],"about":[{"href":"https:\/\/www.europesays.com\/it\/wp-json\/wp\/v2\/types\/post"}],"author":[{"embeddable":true,"href":"https:\/\/www.europesays.com\/it\/wp-json\/wp\/v2\/users\/3"}],"replies":[{"embeddable":true,"href":"https:\/\/www.europesays.com\/it\/wp-json\/wp\/v2\/comments?post=658710"}],"version-history":[{"count":0,"href":"https:\/\/www.europesays.com\/it\/wp-json\/wp\/v2\/posts\/658710\/revisions"}],"wp:featuredmedia":[{"embeddable":true,"href":"https:\/\/www.europesays.com\/it\/wp-json\/wp\/v2\/media\/658711"}],"wp:attachment":[{"href":"https:\/\/www.europesays.com\/it\/wp-json\/wp\/v2\/media?parent=658710"}],"wp:term":[{"taxonomy":"category","embeddable":true,"href":"https:\/\/www.europesays.com\/it\/wp-json\/wp\/v2\/categories?post=658710"},{"taxonomy":"post_tag","embeddable":true,"href":"https:\/\/www.europesays.com\/it\/wp-json\/wp\/v2\/tags?post=658710"}],"curies":[{"name":"wp","href":"https:\/\/api.w.org\/{rel}","templated":true}]}}