{"id":658716,"date":"2026-08-31T21:58:24","date_gmt":"2026-08-31T21:58:24","guid":{"rendered":"https:\/\/www.europesays.com\/it\/658716\/"},"modified":"2026-08-31T21:58:24","modified_gmt":"2026-08-31T21:58:24","slug":"perche-mette-marit-non-era-presente-alla-messa-in-onore-di-harald-v","status":"publish","type":"post","link":"https:\/\/www.europesays.com\/it\/658716\/","title":{"rendered":"Perch\u00e9 Mette-Marit non era presente alla messa in onore di Harald V?"},"content":{"rendered":"<p data-journey-content=\"true\" data-node-id=\"3\" class=\"css-1ood0zq emevuu60\"><strong data-node-id=\"3.0\"><a href=\"https:\/\/www.elle.com\/it\/showbiz\/celebrities\/a73509237\/re-harald-norvegia-morto-storia-regina-sonja-regno\/\" target=\"_blank\" data-vars-ga-outbound-link=\"https:\/\/www.elle.com\/it\/showbiz\/celebrities\/a73509237\/re-harald-norvegia-morto-storia-regina-sonja-regno\/\" data-vars-ga-ux-element=\"Hyperlink\" data-vars-ga-call-to-action=\"L\u2019ultimo saluto a Harald V di Norvegia\" data-node-id=\"3.0.0\" class=\"body-link css-ohbdae emevuu60\" rel=\"nofollow noopener\">L\u2019ultimo saluto a Harald V di Norvegia<\/a>.<\/strong> Il re Haakon VIII, la regina Sonja, la <strong data-node-id=\"3.2\">principessa ereditaria Ingrid Alexandra e il principe Sverre Magnus<\/strong> hanno partecipato alla messa commemorativa che la Chiesa di Norvegia ha celebrato per il sovrano scomparso nella chiesa di Asker. Alla cerimonia hanno preso parte anche membri della famiglia reale e personalit\u00e0 norvegesi, che hanno voluto unirsi a questo ultimo saluto, riempiendo il tempio. Tutti rigorosamente vestiti a lutto, come impone l\u2019etichetta.<\/p>\n<p data-journey-content=\"true\" data-node-id=\"7\" class=\"css-1ood0zq emevuu60\">La grande assente alla cerimonia \u00e8 stata la <a href=\"https:\/\/www.elle.com\/it\/showbiz\/celebrities\/a73519217\/haakon-mette-marit-re-regina-norvegia-storia-matrimonio\/\" target=\"_blank\" data-vars-ga-outbound-link=\"https:\/\/www.elle.com\/it\/showbiz\/celebrities\/a73519217\/haakon-mette-marit-re-regina-norvegia-storia-matrimonio\/\" data-vars-ga-ux-element=\"Hyperlink\" data-vars-ga-call-to-action=\"neo regina Mette-Marit\" data-node-id=\"7.1\" class=\"body-link css-ohbdae emevuu60\" rel=\"nofollow noopener\"><strong data-node-id=\"7.1.0\">neo<\/strong> <strong data-node-id=\"7.1.2\">regina Mette-Marit<\/strong><\/a>, che non si \u00e8 mostrata in pubblico in questi giorni perch\u00e9, come confermato in pi\u00f9 occasioni dalla Casa reale norvegese, <strong data-node-id=\"7.3\">\u201c<a href=\"https:\/\/www.elle.com\/it\/showbiz\/celebrities\/a71831158\/mette-marit-norvegia-trapianto-come-sta-foto\/\" target=\"_blank\" data-vars-ga-outbound-link=\"https:\/\/www.elle.com\/it\/showbiz\/celebrities\/a71831158\/mette-marit-norvegia-trapianto-come-sta-foto\/\" data-vars-ga-ux-element=\"Hyperlink\" data-vars-ga-call-to-action=\"si sta riprendendo dal trapianto di polmone\" data-node-id=\"7.3.1\" class=\"body-link css-ohbdae emevuu60\" rel=\"nofollow noopener\">si sta riprendendo dal trapianto di polmone<\/a> a cui \u00e8 stata sottoposta a giugno e ha una partecipazione limitata agli impegni ufficiali\u201d<\/strong>. <\/p>\n<p data-journey-content=\"true\" data-node-id=\"12\" class=\"css-1ood0zq emevuu60\">Migliaia di persone hanno voluto partecipare alla messa, mettendosi in fila fin dalle prime ore del mattino per poter entrare nella chiesa. Molte di loro, riferiscono i media locali, sono per\u00f2 rimaste fuori perch\u00e9 era stata superata la capienza del tempio. <\/p>\n<p data-journey-content=\"true\" data-node-id=\"21\" class=\"css-1ood0zq emevuu60\">Il <strong data-node-id=\"21.1\">re Haakon VIII<\/strong>, che indossava lo stesso semplice abito nero scelto per il suo primo discorso da sovrano, ha aperto la cerimonia entrando nella chiesa insieme ai rappresentanti della Chiesa. \u00c8 seguita <strong data-node-id=\"21.3\">una messa in onore del sovrano<\/strong>, con un ricordo di Harald V sia nel suo ruolo di re sia come familiare e amico.<\/p>\n<p data-journey-content=\"true\" data-node-id=\"25\" class=\"css-1ood0zq emevuu60\">\u201c<strong data-node-id=\"25.1\">Ora che il nostro caro re Harald \u00e8 morto, siamo qui per voi, il nostro caro re Haakon, la regina Mette-Marit, la regina Sonja e tutta la vostra famiglia. Condividiamo il vostro dolore<\/strong>\u201d, ha detto \u00d8yvind Stabrun durante l\u2019omelia, secondo quanto riportato dal quotidiano locale Nettavisen. \u201cIl re Harald \u00e8 stato una fonte di sicurezza per tutti noi, dal governo e dal Parlamento fino a ciascuno di noi individualmente, in un\u2019epoca in cui tutto viene percepito come instabile e imprevedibile\u201d.<\/p>\n<p><img draggable=\"true\" alt=\"norway royals harald obit\" title=\"NORWAY-ROYALS-HARALD-OBIT\" loading=\"lazy\" width=\"1024\" height=\"683\" decoding=\"async\" data-nimg=\"1\" style=\"color:transparent;width:100%;height:auto;\"   src=\"https:\/\/www.europesays.com\/it\/wp-content\/uploads\/2026\/08\/d30c2b81-6efa-400e-b761-e49479e5bbb8.jpeg\" class=\"css-0 e1ddfba50\"\/><a target=\"_blank\" rel=\"noopener nofollow\" data-theme-key=\"base-link\" href=\"https:\/\/pinterest.com\/pin\/create\/button\/?url=https:\/\/www.elle.com\/it\/showbiz\/celebrities\/a73568363\/re-harald-v-mette-marit-assente-messa\/&amp;description=elleitalia&amp;media=https:\/\/hips.hearstapps.com\/hmg-prod\/images\/d30c2b81-6efa-400e-b761-e49479e5bbb8.jpeg?resize=1600:*\" class=\"pinterest css-on9hn5 e1socmtw0\"><img decoding=\"async\" data-dynamic-svg=\"true\" src=\"https:\/\/www.elle.com\/_assets\/design-tokens\/fre\/static\/icons\/social\/pinterest.e8cf655.svg?primary=%2523ffffff\" loading=\"lazy\" data-testid=\"dynamic-svg-base\" height=\"auto\" width=\"auto\" alt=\"pinterest\" class=\"css-4lml0h e1mlxuuw1\"\/><\/a><\/p>\n<p>CORNELIUS POPPE\/\/Getty Images<\/p>\n<p>Il doloroso anniversario della regina Sonja<\/p>\n<p data-journey-content=\"true\" data-node-id=\"31\" class=\"css-1ood0zq emevuu60\">A prendersi la scena, nel suo ruolo di vedova del sovrano, \u00e8 stata la <strong data-node-id=\"31.1\">regina Sonja<\/strong>, che all\u2019arrivo in chiesa ha mantenuto un sorriso dolce, accompagnato da un evidente segno di dolore. Ad accoglierla c\u2019erano i rappresentanti della Chiesa di Norvegia.<\/p>\n<p><img decoding=\"async\" data-dynamic-svg=\"true\" src=\"https:\/\/www.elle.com\/_assets\/design-tokens\/fre\/static\/icons\/arrow-right.7440adc.svg?primary=%2523D4D4D4\" loading=\"lazy\" data-testid=\"dynamic-svg-base\" height=\"auto\" width=\"auto\" aria-label=\"Prev carousel button\" alt=\"Chevron Left Icon\" data-theme-key=\"icon-button-icon\" transform=\"scaleX(-1)\" class=\"css-14vtfey erhb41k0\"\/><img decoding=\"async\" data-dynamic-svg=\"true\" src=\"https:\/\/www.elle.com\/_assets\/design-tokens\/fre\/static\/icons\/arrow-right.7440adc.svg?primary=%25230f0f15\" loading=\"lazy\" data-testid=\"dynamic-svg-base\" height=\"auto\" width=\"auto\" aria-label=\"Next carousel button\" alt=\"Chevron Right Icon\" data-theme-key=\"icon-button-icon\" class=\"css-18znc9e erhb41k0\"\/><img draggable=\"true\" alt=\"king haakon viii of norway attends mourning service for king harald v\" title=\"King Haakon VIII Of Norway Attends Mourning Service For King Harald V\" loading=\"lazy\" width=\"4713\" height=\"3142\" decoding=\"async\" data-nimg=\"1\" style=\"color:transparent;width:100%;height:auto;\"   src=\"https:\/\/www.europesays.com\/it\/wp-content\/uploads\/2026\/08\/79ca79ad-b612-4bf3-bd9a-299d6b18f251.jpeg\" class=\"css-0 e1ddfba50\"\/><a target=\"_blank\" rel=\"noopener nofollow\" data-theme-key=\"base-link\" href=\"https:\/\/pinterest.com\/pin\/create\/button\/?url=https:\/\/www.elle.com\/it\/showbiz\/celebrities\/a73568363\/re-harald-v-mette-marit-assente-messa\/&amp;description=elleitalia&amp;media=https:\/\/hips.hearstapps.com\/hmg-prod\/images\/79ca79ad-b612-4bf3-bd9a-299d6b18f251.jpeg?resize=1600:*\" class=\"pinterest css-on9hn5 e1socmtw0\"><img decoding=\"async\" data-dynamic-svg=\"true\" src=\"https:\/\/www.elle.com\/_assets\/design-tokens\/fre\/static\/icons\/social\/pinterest.e8cf655.svg?primary=%2523ffffff\" loading=\"lazy\" data-testid=\"dynamic-svg-base\" height=\"auto\" width=\"auto\" alt=\"pinterest\" class=\"css-4lml0h e1mlxuuw1\"\/><\/a><\/p>\n<p>Per Ole Hagen\/\/Getty Images<\/p>\n<p data-journey-content=\"true\" data-node-id=\"37\" class=\"css-1ood0zq emevuu60\">Per la regina Sonja si tratta di una giornata particolarmente dolorosa, e non solo per la morte del marito. Il caso ha voluto infatti che Harald V morisse il 28 agosto, <strong data-node-id=\"37.1\">appena un giorno prima del loro 58\u00b0 anniversario di matrimonio<\/strong>. Una ricorrenza che il re Haakon ha ricordato nel suo discorso.<\/p>\n<p data-journey-content=\"true\" data-node-id=\"41\" class=\"css-1ood0zq emevuu60\">Cos\u00ec, <strong data-node-id=\"41.1\">la regina Sonja \u00e8 tornata in una chiesa, ma non nel modo in cui avrebbe sperato<\/strong>: non per celebrare il suo matrimonio, una storia d\u2019amore durata quasi sei decenni, ma per dare l\u2019ultimo saluto a quello che \u00e8 stato il suo compagno di vita.<\/p>\n<p>Il ricordo delle monarchie europee<\/p>\n<p data-journey-content=\"true\" data-node-id=\"46\" class=\"css-1ood0zq emevuu60\">La cerimonia \u00e8 stata <strong data-node-id=\"46.1\">organizzata dalla Chiesa di Norvegia e non dalla Casa reale<\/strong>, motivo per cui non erano presenti rappresentanti delle altre famiglie reali. Non sono per\u00f2 mancati i messaggi di cordoglio, come quello della Casa reale spagnola e quello della Casa reale svedese, la cui principessa ereditaria aveva un rapporto particolarmente stretto con Harald.<\/p>\n<p data-journey-content=\"true\" data-node-id=\"50\" class=\"css-1ood0zq emevuu60\">\u201cIl re Harald era un padrino profondamente amato, sempre accogliente e caloroso. Aveva una risata facile e una luce negli occhi\u201d, ha ricordato la principessa ereditaria <strong data-node-id=\"50.1\">Victoria di Svezia<\/strong>, sottolineando che era <strong data-node-id=\"50.3\">\u201cuna persona straordinariamente buona. Un modello da seguire\u201d<\/strong>.<\/p>\n<p data-journey-content=\"true\" data-node-id=\"54\" class=\"css-1ood0zq emevuu60\">\u201cAlcune persone lasciano tracce che il tempo non cancella mai. Il re Harald \u00e8 una di queste. Con il suo calore e la sua presenza, aveva una capacit\u00e0 eccezionale di vedere le persone\u201d.<\/p>\n","protected":false},"excerpt":{"rendered":"L\u2019ultimo saluto a Harald V di Norvegia. Il re Haakon VIII, la regina Sonja, la principessa ereditaria Ingrid&hellip;\n","protected":false},"author":3,"featured_media":658717,"comment_status":"","ping_status":"","sticky":false,"template":"","format":"standard","meta":{"footnotes":"","_share_on_mastodon":"0"},"categories":[160],"tags":[194466,618,363427,14,164,165,620,259632,363426,619,166,7,15,363425,310758,194017,11,167,12,168,161,162,163],"class_list":["post-658716","post","type-post","status-publish","format-standard","has-post-thumbnail","category-mondo","tag-collection-royal-family-news","tag-content-type-news","tag-contentid-45c6bf93-d933-4bc7-b122-090a115fd4c1","tag-cronaca","tag-dal-mondo","tag-dalmondo","tag-displaytype-standard-article","tag-issyndicated-false","tag-lultimo-saluto-senza-mette-marit","tag-locale-it","tag-mondo","tag-news","tag-notizie","tag-shorttitle-harald-v","tag-sponsored-false","tag-subsection-celebrities","tag-ultime-notizie","tag-ultime-notizie-di-mondo","tag-ultimenotizie","tag-ultimenotiziedimondo","tag-world","tag-world-news","tag-worldnews"],"share_on_mastodon":{"url":"https:\/\/pubeurope.com\/@it\/117192368571127429","error":""},"_links":{"self":[{"href":"https:\/\/www.europesays.com\/it\/wp-json\/wp\/v2\/posts\/658716","targetHints":{"allow":["GET"]}}],"collection":[{"href":"https:\/\/www.europesays.com\/it\/wp-json\/wp\/v2\/posts"}],"about":[{"href":"https:\/\/www.europesays.com\/it\/wp-json\/wp\/v2\/types\/post"}],"author":[{"embeddable":true,"href":"https:\/\/www.europesays.com\/it\/wp-json\/wp\/v2\/users\/3"}],"replies":[{"embeddable":true,"href":"https:\/\/www.europesays.com\/it\/wp-json\/wp\/v2\/comments?post=658716"}],"version-history":[{"count":0,"href":"https:\/\/www.europesays.com\/it\/wp-json\/wp\/v2\/posts\/658716\/revisions"}],"wp:featuredmedia":[{"embeddable":true,"href":"https:\/\/www.europesays.com\/it\/wp-json\/wp\/v2\/media\/658717"}],"wp:attachment":[{"href":"https:\/\/www.europesays.com\/it\/wp-json\/wp\/v2\/media?parent=658716"}],"wp:term":[{"taxonomy":"category","embeddable":true,"href":"https:\/\/www.europesays.com\/it\/wp-json\/wp\/v2\/categories?post=658716"},{"taxonomy":"post_tag","embeddable":true,"href":"https:\/\/www.europesays.com\/it\/wp-json\/wp\/v2\/tags?post=658716"}],"curies":[{"name":"wp","href":"https:\/\/api.w.org\/{rel}","templated":true}]}}