{"id":658718,"date":"2026-08-31T21:59:23","date_gmt":"2026-08-31T21:59:23","guid":{"rendered":"https:\/\/www.europesays.com\/it\/658718\/"},"modified":"2026-08-31T21:59:23","modified_gmt":"2026-08-31T21:59:23","slug":"meteo-toscana-il-caldo-non-si-arrende-nuova-fiammata-in-arrivo-temperature-oltre-i-35-gradi-le-previsioni-della-settimana","status":"publish","type":"post","link":"https:\/\/www.europesays.com\/it\/658718\/","title":{"rendered":"Meteo Toscana, il caldo non si arrende: nuova fiammata in arrivo, temperature oltre i 35 gradi. Le previsioni della settimana"},"content":{"rendered":"<p>Firenze, 31 agosto 2026 \u2013 La Toscana si prepara a un nuovo deciso aumento delle temperature. Prima, per\u00f2, ci sar\u00e0 spazio per <strong><a rel=\"follow nofollow noopener\" href=\"https:\/\/www.lanazione.it\/cronaca\/danni-maltempo-risarcimenti-yvleqh99\" target=\"_blank\">una breve fase pi\u00f9 variabile<\/a> <\/strong>tra marted\u00ec e mercoled\u00ec, quando una debole perturbazione potr\u00e0 favorire la formazione di temporali soprattutto sulle zone appenniniche. Il cambio di passo \u00e8 atteso da gioved\u00ec, con il ritorno dell\u2019alta pressione, mentre da venerd\u00ec il caldo torner\u00e0 a intensificarsi rapidamente. Le temperature <a rel=\"follow nofollow noopener\" href=\"https:\/\/www.lanazione.it\/firenze\/cronaca\/meteo-il-caldo-rallenta-ma-7def75de\" target=\"_blank\"><strong>potrebbero raggiungere i 35-36 gradi in pianura<\/strong> <\/a>e, nei giorni successivi, toccare localmente anche i 36-37 gradi.<\/p>\n<p>Approfondisci:<\/p>\n<p><a href=\"https:\/\/www.lanazione.it\/lucca\/cronaca\/la-polvere-del-sahara-il-e5119630\" class=\"ArticleEmbed_article__embed__content__Jzqnz\" rel=\"nofollow noopener\" target=\"_blank\">La polvere del Sahara. Il caldo si tinge di giallo<img alt=\"La polvere del Sahara. Il caldo si tinge di giallo\" loading=\"lazy\" width=\"140\" height=\"78\" decoding=\"async\" data-nimg=\"1\" style=\"color:transparent\"  src=\"https:\/\/www.europesays.com\/it\/wp-content\/uploads\/2026\/08\/la-polvere-del-sahara-il-caldo-si-tinge-di-giallo.webp\"\/><\/a> <\/p>\n<p>Marted\u00ec, sole prevalente ma attenzione all\u2019Appennino <\/p>\n<p>La giornata di marted\u00ec sar\u00e0 <strong>nel complesso stabile <\/strong>sulla Toscana. Al mattino prevarranno condizioni di cielo sereno o poco nuvoloso, con la possibile presenza di nubi basse sulle province settentrionali, destinate comunque a dissolversi. Nel pomeriggio aumenteranno gli addensamenti sui rilievi appenninici e non si esclude qualche temporale isolato. Sul resto della regione il tempo rester\u00e0 invece in gran parte asciutto. Le temperature<a rel=\"follow nofollow noopener\" href=\"https:\/\/www.lanazione.it\/prato\/cronaca\/il-caro-carburante-stoppa-la-0257e740\" target=\"_blank\"> <\/a><strong><a rel=\"follow nofollow noopener\" href=\"https:\/\/www.lanazione.it\/prato\/cronaca\/il-caro-carburante-stoppa-la-0257e740\" target=\"_blank\">saranno stazionarie o in lieve aumento<\/a>,<\/strong> con venti deboli e mari generalmente poco mossi.<\/p>\n<p> <img alt=\"Nuova ondata di calore in arrivo\" loading=\"lazy\" width=\"3072\" height=\"2048\" decoding=\"async\" data-nimg=\"1\" style=\"color:transparent;max-width:100%;height:auto\"   src=\"https:\/\/www.europesays.com\/it\/wp-content\/uploads\/2026\/08\/nuova-ondata-di-calore-in-arrivo.webp\"\/><\/p>\n<p>Nuova ondata di calore in arrivo<\/p>\n<p>Mercoled\u00ec ancora qualche rovescio sui rilievi <\/p>\n<p>Anche mercoled\u00ec il sole sar\u00e0 protagonista su buona parte della Toscana, ma nelle ore pomeridiane torner\u00e0 un po\u2019 di instabilit\u00e0 lungo l\u2019Appennino. <strong>Saranno possibili brevi rovesci o temporali,<\/strong> ancora una volta isolati e concentrati soprattutto nelle zone montuose. Le temperature registreranno una lieve diminuzione, mentre i venti soffieranno deboli o moderati da ovest e nord-ovest.<\/p>\n<p>Approfondisci:<\/p>\n<p><a href=\"https:\/\/www.lanazione.it\/umbria\/cronaca\/il-colpo-di-coda-del-15e39407\" class=\"ArticleEmbed_article__embed__content__Jzqnz\" rel=\"nofollow noopener\" target=\"_blank\">Il \u201ccolpo di coda\u201c del grande caldo. Umbria: un fine agosto mai visto. A Terni e Foligno sfiorati i 41 gradi<img alt=\"Il \u201ccolpo di coda\u201c del grande caldo. Umbria: un fine agosto mai visto. A Terni e Foligno sfiorati i 41 gradi\" loading=\"lazy\" width=\"140\" height=\"78\" decoding=\"async\" data-nimg=\"1\" style=\"color:transparent\"  src=\"https:\/\/www.europesays.com\/it\/wp-content\/uploads\/2026\/08\/il-colpo-di-coda-del-grande-caldo-umbria-un-fine-agosto-mai-visto-a-terni-e-foligno-sfiorati-i-41-gr.webp\"\/><\/a> <\/p>\n<p>Gioved\u00ec cambia lo scenario <\/p>\n<p>Da gioved\u00ec l\u2019alta pressione torner\u00e0 a rafforzarsi sul Centro-Nord e anche in Toscana il tempo diventer\u00e0 pi\u00f9 stabile. Il cielo sar\u00e0 sereno o poco nuvoloso, salvo qualche nube bassa nelle prime ore del mattino sul Valdarno medio e inferiore. <a rel=\"follow nofollow noopener\" href=\"https:\/\/www.lanazione.it\/lucca\/cronaca\/la-polvere-del-sahara-il-e5119630\" target=\"_blank\"><strong>Le temperature massime torneranno a salire<\/strong> <\/a>e potranno raggiungere i 33-35 gradi nelle zone di pianura. Il caldo sar\u00e0 comunque accompagnato da tassi di umidit\u00e0 relativamente contenuti.<\/p>\n<p>Da venerd\u00ec torna il caldo intenso <\/p>\n<p>La fase pi\u00f9 calda inizier\u00e0 da venerd\u00ec, <strong>quando l\u2019anticiclone subtropicale tender\u00e0 a consolidarsi <\/strong>ulteriormente sul Mediterraneo. In Toscana \u00e8 atteso cielo sereno e le massime potranno gi\u00e0 spingersi fino a 35-36 gradi in pianura. Ma il picco potrebbe arrivare nei giorni immediatamente successivi. Le proiezioni indicano infatti una possibile ondata di calore tra il 4 e il 9 settembre, <strong>con temperature massime fino a 36-37 gradi <\/strong>nelle aree interne. Valori particolarmente elevati per l\u2019inizio del mese.<\/p>\n<p> <img alt=\"Nuova ondata di calore in arrivo\" loading=\"lazy\" width=\"3072\" height=\"2048\" decoding=\"async\" data-nimg=\"1\" style=\"color:transparent;max-width:100%;height:auto\"   src=\"https:\/\/www.europesays.com\/it\/wp-content\/uploads\/2026\/08\/1788213563_507_nuova-ondata-di-calore-in-arrivo.webp\"\/><\/p>\n<p>Nuova ondata di calore in arrivo<\/p>\n<p>Settembre comincia come piena estate <\/p>\n<p>A rendere evidente la forza della nuova rimonta anticiclonica sar\u00e0 anche lo zero termico, previsto nel fine settimana tra i 4.500 e i 5.000 metri sul Mediterraneo. Dopo la parentesi pi\u00f9 incerta di marted\u00ec e mercoled\u00ec, quindi, la Toscana <strong>si avvia verso diversi giorni di tempo stabile<\/strong>, sole e temperature ben superiori alle medie stagionali. Un avvio di settembre che, almeno dal punto di vista termico, avr\u00e0 ancora caratteristiche pienamente estive.<\/p>\n","protected":false},"excerpt":{"rendered":"Firenze, 31 agosto 2026 \u2013 La Toscana si prepara a un nuovo deciso aumento delle temperature. Prima, per\u00f2,&hellip;\n","protected":false},"author":3,"featured_media":658719,"comment_status":"","ping_status":"","sticky":false,"template":"","format":"standard","meta":{"footnotes":"","_share_on_mastodon":"0"},"categories":[79],"tags":[16589,1262,1534,14,93,94,222492,11851,1537,90,89,419,7,15,273,5065,989,102,11922,11,84,91,12,85,92],"class_list":["post-658718","post","type-post","status-publish","format-standard","has-post-thumbnail","category-italia","tag-arrende","tag-arrivo","tag-caldo","tag-cronaca","tag-cronaca-italiana","tag-cronacaitaliana","tag-fiammata","tag-gradi","tag-it","tag-italia","tag-italy","tag-meteo","tag-news","tag-notizie","tag-nuova","tag-previsioni","tag-settimana","tag-temperature","tag-toscana","tag-ultime-notizie","tag-ultime-notizie-e-news-di-oggi","tag-ultime-notizie-italia","tag-ultimenotizie","tag-ultimenotizieenewsdioggi","tag-ultimenotizieitalia"],"share_on_mastodon":{"url":"https:\/\/pubeurope.com\/@it\/117192371063311919","error":""},"_links":{"self":[{"href":"https:\/\/www.europesays.com\/it\/wp-json\/wp\/v2\/posts\/658718","targetHints":{"allow":["GET"]}}],"collection":[{"href":"https:\/\/www.europesays.com\/it\/wp-json\/wp\/v2\/posts"}],"about":[{"href":"https:\/\/www.europesays.com\/it\/wp-json\/wp\/v2\/types\/post"}],"author":[{"embeddable":true,"href":"https:\/\/www.europesays.com\/it\/wp-json\/wp\/v2\/users\/3"}],"replies":[{"embeddable":true,"href":"https:\/\/www.europesays.com\/it\/wp-json\/wp\/v2\/comments?post=658718"}],"version-history":[{"count":0,"href":"https:\/\/www.europesays.com\/it\/wp-json\/wp\/v2\/posts\/658718\/revisions"}],"wp:featuredmedia":[{"embeddable":true,"href":"https:\/\/www.europesays.com\/it\/wp-json\/wp\/v2\/media\/658719"}],"wp:attachment":[{"href":"https:\/\/www.europesays.com\/it\/wp-json\/wp\/v2\/media?parent=658718"}],"wp:term":[{"taxonomy":"category","embeddable":true,"href":"https:\/\/www.europesays.com\/it\/wp-json\/wp\/v2\/categories?post=658718"},{"taxonomy":"post_tag","embeddable":true,"href":"https:\/\/www.europesays.com\/it\/wp-json\/wp\/v2\/tags?post=658718"}],"curies":[{"name":"wp","href":"https:\/\/api.w.org\/{rel}","templated":true}]}}