{"id":658738,"date":"2026-08-31T22:22:28","date_gmt":"2026-08-31T22:22:28","guid":{"rendered":"https:\/\/www.europesays.com\/it\/658738\/"},"modified":"2026-08-31T22:22:28","modified_gmt":"2026-08-31T22:22:28","slug":"roast-in-peace-2-ai-funerali-dei-vip-arrivano-gli-inconsolabili-il-dubbio-chiara-ferragni-fedez-ce-la-mia-ex-moglie","status":"publish","type":"post","link":"https:\/\/www.europesays.com\/it\/658738\/","title":{"rendered":"Roast in Peace 2, ai funerali dei vip arrivano gli inconsolabili: il dubbio Chiara Ferragni. Fedez: \u00abC&#8217;\u00e8 la mia ex moglie?\u00bb"},"content":{"rendered":"<p>&#13;<br \/>\n                               &#13;<br \/>\n                                                &#13;<br \/>\n                &#13;<\/p>\n<p>Cinque funerali, altrettanti vip ancora vivi e una serie di ospiti destinati a restare segreti fino all\u2019ultimo momento. <strong><a href=\"https:\/\/www.leggo.it\/t\/roast-in-peace\" rel=\"nofollow noopener\" target=\"_blank\">Roast in Peace<\/a><\/strong> torna su Prime Video con una seconda stagione dal 18 settembre che promette battute ancora pi\u00f9 feroci, ma la vera curiosit\u00e0 riguarda gli \u201c<strong>Inconsolabili<\/strong>\u201d: persone molto vicine alle celebrit\u00e0 protagoniste che interverranno a sorpresa per pronunciare un ultimo (e probabilmente poco commosso)\u00a0saluto.\u00a0<\/p>\n<p>&#13;<br \/>\n&#13;<br \/>\n&#13;<br \/>\n&#13;<br \/>\nI cinque \u201cdefunti\u201d della nuova stagione&#13;<br \/>\n&#13;<\/p>\n<p><img decoding=\"async\" alt=\"\" src=\"https:\/\/www.europesays.com\/it\/wp-content\/uploads\/2026\/08\/roast_in_peace_2_31163923.jpg\"\/><\/p>\n<p>&#13;<br \/>\n&#13;<\/p>\n<p>Pronti a sdraiarsi simbolicamente nella bara di Roast in Peace ci sono <strong><a href=\"https:\/\/www.leggo.it\/t\/fedez\" rel=\"nofollow noopener\" target=\"_blank\">Fedez<\/a><\/strong>, <a href=\"https:\/\/www.leggo.it\/t\/alessandro-borghese\" rel=\"nofollow noopener\" target=\"_blank\">Alessandro Borghese<\/a>, Simona Ventura, Giuseppe Cruciani e Asia Argento. Cinque personalit\u00e0 molto diverse, ma tutte dotate di una storia pubblica capace di offrire parecchio materiale ai comici. A celebrare i loro irriverenti funerali saranno Max Angioni e Martina Catuzzi, le due new entry della stagione, insieme a Stefano Rapone, vincitore della precedente edizione, ed Eleazaro Rossi. Fuori, quindi,\u00a0Edoardo Ferrario, Beatrice Arnera, Corrado Nuzzo e Maria Di Biase.<\/p>\n<p>&#13;<br \/>\n&#13;<\/p>\n<p>Alla conduzione, invece, torna <strong><a href=\"https:\/\/www.leggo.it\/t\/michela-giraud\" rel=\"nofollow noopener\" target=\"_blank\">Michela Giraud<\/a><\/strong>, chiamata ancora una volta a officiare le cerimonie e a mantenere l\u2019ordine tra battute, provocazioni e colpi bassi.<\/p>\n<p>&#13;<br \/>\n&#13;<br \/>\nLa novit\u00e0 degli \u201cInconsolabili\u201d&#13;<br \/>\n&#13;<br \/>\n&#13;<br \/>\n&#13;<\/p>\n<p>Per ogni vip arriver\u00e0 un \u201c<strong>Inconsolabile speciale<\/strong>\u201d, descritto dalla produzione come una persona molto vicina al protagonista. <\/p>\n<p>Il suo compito sar\u00e0 unirsi ai comici e salutare il \u201cdefunto\u201d con un intervento a sorpresa. Proprio il mistero sulle identit\u00e0 degli ospiti aggiunge un ulteriore elemento di curiosit\u00e0: chi meglio di amici, parenti, partner o ex potrebbe conoscere i punti deboli delle cinque celebrit\u00e0? Nel trailer uscito oggi, 31 agosto, alcuni spoiler e un grande dubbio che rimane sospeso sull'&#8221;Inconsolabile speciale&#8221; di Fedez.&#13;<br \/>\n&#13;<\/p>\n<p>Che si tratti di <strong><a href=\"https:\/\/www.leggo.it\/t\/chiara-ferragni\" rel=\"nofollow noopener\" target=\"_blank\">Chiara Ferragni<\/a><\/strong>? Dalle brevi battute tra il rapper e Michela Giraud, il dubbio rimane sospeso:\u00a0\u00abC&#8217;\u00e8 lei? La mia ex moglie?\u00bb.\u00a0<\/p>\n<p>                                &#13;<br \/>\n                &#13;<br \/>\n&#13;<br \/>\n                Ultimo aggiornamento: luned\u00ec 31 agosto 2026, 17:00&#13;<br \/>\n                <br \/>&#13;<br \/>\n                &#13;<br \/>\n                  &#13;<br \/>\n                    &#13;<br \/>\n                        \u00a9 RIPRODUZIONE RISERVATA&#13;<\/p>\n<p>&#13;<\/p>\n<p>                    &#13;<\/p>\n","protected":false},"excerpt":{"rendered":"&#13; &#13; &#13; &#13; Cinque funerali, altrettanti vip ancora vivi e una serie di ospiti destinati a restare&hellip;\n","protected":false},"author":3,"featured_media":658739,"comment_status":"","ping_status":"","sticky":false,"template":"","format":"standard","meta":{"footnotes":"","_share_on_mastodon":"0"},"categories":[174],"tags":[26523,203,466,204,1537,90,89,363435,14149],"class_list":["post-658738","post","type-post","status-publish","format-standard","has-post-thumbnail","category-intrattenimento","tag-alessandro-borghese","tag-entertainment","tag-fedez","tag-intrattenimento","tag-it","tag-italia","tag-italy","tag-roast-in-peace","tag-simona-ventura"],"share_on_mastodon":{"url":"https:\/\/pubeurope.com\/@it\/117192462186067467","error":""},"_links":{"self":[{"href":"https:\/\/www.europesays.com\/it\/wp-json\/wp\/v2\/posts\/658738","targetHints":{"allow":["GET"]}}],"collection":[{"href":"https:\/\/www.europesays.com\/it\/wp-json\/wp\/v2\/posts"}],"about":[{"href":"https:\/\/www.europesays.com\/it\/wp-json\/wp\/v2\/types\/post"}],"author":[{"embeddable":true,"href":"https:\/\/www.europesays.com\/it\/wp-json\/wp\/v2\/users\/3"}],"replies":[{"embeddable":true,"href":"https:\/\/www.europesays.com\/it\/wp-json\/wp\/v2\/comments?post=658738"}],"version-history":[{"count":0,"href":"https:\/\/www.europesays.com\/it\/wp-json\/wp\/v2\/posts\/658738\/revisions"}],"wp:featuredmedia":[{"embeddable":true,"href":"https:\/\/www.europesays.com\/it\/wp-json\/wp\/v2\/media\/658739"}],"wp:attachment":[{"href":"https:\/\/www.europesays.com\/it\/wp-json\/wp\/v2\/media?parent=658738"}],"wp:term":[{"taxonomy":"category","embeddable":true,"href":"https:\/\/www.europesays.com\/it\/wp-json\/wp\/v2\/categories?post=658738"},{"taxonomy":"post_tag","embeddable":true,"href":"https:\/\/www.europesays.com\/it\/wp-json\/wp\/v2\/tags?post=658738"}],"curies":[{"name":"wp","href":"https:\/\/api.w.org\/{rel}","templated":true}]}}