{"id":658742,"date":"2026-08-31T22:24:19","date_gmt":"2026-08-31T22:24:19","guid":{"rendered":"https:\/\/www.europesays.com\/it\/658742\/"},"modified":"2026-08-31T22:24:19","modified_gmt":"2026-08-31T22:24:19","slug":"i-fratelli-trentenni-che-fatturano-15-milioni-di-euro-con-gli-orologi-di-lusso-allinizio-era-solo-un-hobby-poi-un-giorno-si-presento-un-ammiraglio-nato-con-la-scorta-per-fare-shopping","status":"publish","type":"post","link":"https:\/\/www.europesays.com\/it\/658742\/","title":{"rendered":"I fratelli trentenni che fatturano 15 milioni di euro con gli orologi di lusso: \u00abAll\u2019inizio era solo un hobby, poi un giorno si present\u00f2 un ammiraglio Nato con la scorta per fare shopping\u00bb"},"content":{"rendered":"<p>    di<br \/>\n    Mauro Zanutto<\/p>\n<p class=\"summary-art is-line-h-12\">Venezia, l\u2019azienda Venezianico di Alessandro e Alberto Morelli, 32 e 34 anni, ha raddoppiato il fatturato. Ha clienti da 32 Paesi: \u00abPotevamo trasferirci in una grande citt\u00e0, ma abbiamo deciso di rimanere a San Don\u00e0 di Piave\u00bb<\/p>\n<p class=\"chapter-paragraph\">Hanno scelto di restare a <b>San Don\u00e0 di Piave<\/b>, quando sarebbe stato pi\u00f9 semplice avviare l\u2019azienda in una grande citt\u00e0 o in uno dei distretti del <b>lusso<\/b>. Nove anni dopo quella scelta, i fratelli Alessandro e Alberto Morelli guidano una delle realt\u00e0 pi\u00f9 dinamiche e in crescita dell\u2019<b>orologeria <\/b>italiana. \u00c8 Venezianico, che nel 2025 ha superato i <b>15 milioni di euro di fatturato<\/b> ed esporta i propri prodotti in 120 Paesi. Una realt\u00e0 costruita partendo da una <b>passione <\/b>coltivata fin da ragazzi. Perch\u00e9 dopo il liceo scientifico e gli studi universitari a Ca\u2019 Foscari, Alessandro ed Alberto, oggi <b>32 e 34 anni<\/b>, hanno trasformato l\u2019hobby per l\u2019orologeria in un progetto imprenditoriale che unisce design e ingegneria, che evoca la storia di Venezia e che sta crescendo nel mondo. Lo stesso brand prende non a caso ispirazione dalla croce posta sulla sommit\u00e0 dei Mori di Venezia.<\/p>\n<p>    Richiami alla storia di Venezia<\/p>\n<p class=\"chapter-paragraph\">Redentore, Arsenale, Nereide, Bucintoro: i nomi della collezione sono un chiaro <b>richiamo alla storia e alla cultura della Serenissima<\/b>; a questi si affiancano edizioni speciali dedicate a Marco Polo nel settecentesimo anniversario della morte, alla <b>Via della Seta<\/b>, ed altre ancora, con quadranti e incisioni dei riferimenti lagunari. \u00abChi acquista un Venezianico compra la qualit\u00e0 dei nostri prodotti \u2013 spiega Alberto Morelli \u2013 Realizziamo orologi meccanici con materiali come <b>vetro zaffiro, tungsteno, madreperla, vetro di Murano<\/b>, lavorando insieme ad artigiani italiani\u00bb. L\u2019azienda ha ancora una dimensione familiare ma con un\u2019organizzazione complessa: \u00abRichiamata all\u2019automotive \u2013 osserva Morelli \u2013 Noi non possiamo competere con marchi storici, che inseguono logiche di mercato. Abbiamo costruito una struttura organizzativa evoluta che ci permette di mantenere un rapporto diretto con i clienti. Interagiamo, ascoltiamo e raccogliamo i loro suggerimenti che possono essere il punto di partenza per lo sviluppo di nuovi modelli\u00bb. Una <b>community <\/b>online composta da 30 mila possessori di Venezianico in tutto il mondo.    &#13;<br \/>\n&#13;<br \/>\n&#13;<br \/>\n&#13;<br \/>\n&#13;<br \/>\n&#13;<br \/>\n&#13;<br \/>\n&#13;<br \/>\n&#13;<br \/>\n&#13;<br \/>\n&#13;<br \/>\n&#13;<br \/>\n&#13;<br \/>\n&#13;<br \/>\n&#13;<br \/>\n&#13;<br \/>\n&#13;<br \/>\n&#13;<br \/>\n&#13;<br \/>\n&#13;<br \/>\n&#13;<br \/>\n&#13;<br \/>\n&#13;<br \/>\n&#13;<br \/>\n&#13;<br \/>\n&#13;<br \/>\n&#13;<br \/>\n&#13;<br \/>\n&#13;<br \/>\n&#13;<br \/>\n&#13;<br \/>\n&#13;<br \/>\n&#13;<br \/>\n&#13;<br \/>\n&#13;<br \/>\n&#13;<br \/>\n&#13;<br \/>\n&#13;<br \/>\n&#13;<br \/>\n&#13;<br \/>\n&#13;<br \/>\n&#13;<br \/>\n&#13;<br \/>\n&#13;<br \/>\n&#13;<br \/>\n&#13;<br \/>\n&#13;<br \/>\n&#13;<br \/>\n&#13;<br \/>\n&#13;<br \/>\n&#13;<br \/>\n&#13;<br \/>\n&#13;\n<\/p>\n<p>    Clienti da 32 paesi (c\u2019\u00e8 anche un ammiraglio Usa)<\/p>\n<p class=\"chapter-paragraph\">Il cuore di Venezianico \u00e8 dunque a San Don\u00e0 di Piave. La sede \u00e8 stata ricavata dal recupero di Palazzo Baradel in corso Silvio Trentin, trasformato due anni fa in un <b>atelier <\/b>di circa 500 metri quadrati che ospita showroom, laboratorio per assistenza e manutenzione, uffici di progettazione, logistica e spedizioni. Il punto vendita, concepito come una scelta d\u2019immagine, \u00e8 diventato tutt\u2019altro: \u00abNon lo avremmo mai pensato: negli ultimi due anni il nostro atelier ha accolto <b>clienti da 32 Paesi<\/b>\u00bb. Tra loro anche <b>l\u2019ammiraglio <\/b>statunitense James Foggo, gi\u00e0 comandante delle forze congiunte della Nato a Napoli, arrivato a San Don\u00e0 con la scorta per acquistare un orologio del marchio. A conferma della crescita dell\u2019azienda, recentemente anche un orologiaio romano si \u00e8 trasferito a San Don\u00e0 per entrare a far parte del team. I numeri raccontano un\u2019espansione costante. Il <b>fatturato <\/b>\u00e8 passato dai 7,4 milioni di euro del 2023 fino a superare i 15 milioni nel 2025. Gli orologi, con <b>prezzi compresi tra 500 e oltre 4  mila euro<\/b>, vengono distribuiti in 120 Paesi. \u00abIl nostro sogno &#8211; conclude Alberto Morelli \u2013 \u00e8 diventare il punto di riferimento dell\u2019orologeria italiana nel mondo\u00bb.<\/p>\n<p class=\"is-mr-t-20 is-mr-b-20\"><b><br \/>\n                                    <a href=\"https:\/\/corrieredelveneto.corriere.it\/venezia-mestre\/?intcmp=Notizielocali_nd_010623_corriere_ss_venezia\" target=\"_blank\" rel=\"nofollow noopener\">Vai a tutte le notizie di Venezia Mestre<\/a><br \/>\n                        <\/b><\/p>\n<p class=\"chapter-paragraph\"><b><a href=\"https:\/\/www.corriere.it\/newsletter\/?theme=39&amp;intcmp=NL-artic_nd_060624_corriere_ss_veneto\" target=\"_blank\" rel=\"nofollow noopener\">Iscriviti alla newsletter del Corriere del Veneto<\/a><\/b><\/p>\n<p class=\"is-last-update\" datetime=\"2026-08-31T18:13:56+02:00\">31 agosto 2026 ( modifica il 31 agosto 2026 | 18:13)<\/p>\n<p class=\"is-copyright\">\n            \u00a9 RIPRODUZIONE RISERVATA\n        <\/p>\n","protected":false},"excerpt":{"rendered":"di Mauro Zanutto Venezia, l\u2019azienda Venezianico di Alessandro e Alberto Morelli, 32 e 34 anni, ha raddoppiato il&hellip;\n","protected":false},"author":3,"featured_media":658743,"comment_status":"","ping_status":"","sticky":false,"template":"","format":"standard","meta":{"footnotes":"","_share_on_mastodon":"0"},"categories":[172],"tags":[178,1493,363437,2535,363438,104278,53372,4072,177,665,363439,363443,1307,5116,363440,724,9885,322,21027,1537,90,4945,89,529,26092,2737,363441,363444,23717,857,363445,187603,3708,494,3969,532,50222,363442,1360,4275,1567,222,363436],"class_list":["post-658742","post","type-post","status-publish","format-standard","has-post-thumbnail","category-affari","tag-affari","tag-alberto","tag-alberto-morelli","tag-alessandro","tag-alessandro-alberto","tag-ammiraglio","tag-atelier","tag-azienda","tag-business","tag-clienti","tag-clienti-paesi","tag-clienti-paesi-ammiraglio","tag-crescita","tag-dona","tag-dona-piave","tag-euro","tag-fatturato","tag-fratelli","tag-hobby","tag-it","tag-italia","tag-italiana","tag-italy","tag-lusso","tag-morelli","tag-nato","tag-orologeria","tag-orologeria-italiana","tag-orologi","tag-paesi","tag-paesi-ammiraglio","tag-piave","tag-prodotti","tag-punto","tag-realta","tag-san","tag-san-dona","tag-san-dona-piave","tag-scelta","tag-scorta","tag-storia","tag-venezia","tag-venezianico"],"share_on_mastodon":{"url":"","error":"Validation failed: Text character limit of 500 exceeded"},"_links":{"self":[{"href":"https:\/\/www.europesays.com\/it\/wp-json\/wp\/v2\/posts\/658742","targetHints":{"allow":["GET"]}}],"collection":[{"href":"https:\/\/www.europesays.com\/it\/wp-json\/wp\/v2\/posts"}],"about":[{"href":"https:\/\/www.europesays.com\/it\/wp-json\/wp\/v2\/types\/post"}],"author":[{"embeddable":true,"href":"https:\/\/www.europesays.com\/it\/wp-json\/wp\/v2\/users\/3"}],"replies":[{"embeddable":true,"href":"https:\/\/www.europesays.com\/it\/wp-json\/wp\/v2\/comments?post=658742"}],"version-history":[{"count":0,"href":"https:\/\/www.europesays.com\/it\/wp-json\/wp\/v2\/posts\/658742\/revisions"}],"wp:featuredmedia":[{"embeddable":true,"href":"https:\/\/www.europesays.com\/it\/wp-json\/wp\/v2\/media\/658743"}],"wp:attachment":[{"href":"https:\/\/www.europesays.com\/it\/wp-json\/wp\/v2\/media?parent=658742"}],"wp:term":[{"taxonomy":"category","embeddable":true,"href":"https:\/\/www.europesays.com\/it\/wp-json\/wp\/v2\/categories?post=658742"},{"taxonomy":"post_tag","embeddable":true,"href":"https:\/\/www.europesays.com\/it\/wp-json\/wp\/v2\/tags?post=658742"}],"curies":[{"name":"wp","href":"https:\/\/api.w.org\/{rel}","templated":true}]}}