{"id":658746,"date":"2026-08-31T22:26:15","date_gmt":"2026-08-31T22:26:15","guid":{"rendered":"https:\/\/www.europesays.com\/it\/658746\/"},"modified":"2026-08-31T22:26:15","modified_gmt":"2026-08-31T22:26:15","slug":"ranucci-restano-in-carcere-gli-esecutori-dellattentato-il-gip-rigetta-la-richiesta-dei-domiciliari-indagati-reticenti","status":"publish","type":"post","link":"https:\/\/www.europesays.com\/it\/658746\/","title":{"rendered":"Ranucci, restano in carcere gli esecutori dell&#8217;attentato. Il gip rigetta la richiesta dei domiciliari: \u00abIndagati reticenti\u00bb"},"content":{"rendered":"<p>    di<br \/>\n    Erica Dellapasqua<\/p>\n<p class=\"summary-art is-line-h-12\">Pellegrino D&#8217;Avino e Antonio Passariello, due degli arrestati per l&#8217;attentato al giornalista Sigfrido Ranucci, restano in carcere<\/p>\n<p class=\"chapter-paragraph\">Restano in <b>carcere <\/b>Pellegrino D&#8217;Avino e Antonio Passariello, due degli <b>arrestati <\/b>per l&#8217;<b>attentato<\/b> al giornalista <a href=\"https:\/\/roma.corriere.it\/notizie\/politica\/26_agosto_30\/ranucci-politica-presutti-piervincenzi-a407afc3-ab80-455e-be95-fcaca22afxlk.shtml\" title=\"Ranucci, le accuse della Rai a Report. Lui: \u00abUn futuro in politica? Non lo escludo\u00bb. Presutti chiamata due volte dal conduttore, Piervincenzi lavorava su un&#039;inchiesta\" rel=\"nofollow noopener\" target=\"_blank\">Sigfrido Ranucci<\/a>. Il gip di Roma ha respinto la richiesta dei difensori, gli avvocati Generoso Pagliarulo e Antonio Falconieri, che avevano sollecitato i domiciliari per i loro assistiti.<\/p>\n<p class=\"chapter-paragraph\">Il gip<b> non ritiene attendibili <\/b>due passaggi dell&#8217;interrogatorio reso dagli arrestati: il primo riguarda le modalit\u00e0 di approvvigionamento dell&#8217;ordigno. Inoltre non \u00e8 ritenuto credibile il fatto che i due non fossero a conoscenza della composizione interna della bomba. Dunque allo stato restano le esigenze cautelari, anche alla luce dell&#8217;aggravante del <b>metodo mafioso<\/b> di cui i due indagati sono accusati.    &#13;<br \/>\n&#13;<br \/>\n&#13;<br \/>\n&#13;<br \/>\n&#13;<br \/>\n&#13;<br \/>\n&#13;<br \/>\n&#13;<br \/>\n&#13;<br \/>\n&#13;<br \/>\n&#13;<br \/>\n&#13;<br \/>\n&#13;<br \/>\n&#13;<br \/>\n&#13;<br \/>\n&#13;<br \/>\n&#13;<br \/>\n&#13;<br \/>\n&#13;<br \/>\n&#13;<br \/>\n&#13;<br \/>\n&#13;<br \/>\n&#13;<br \/>\n&#13;<br \/>\n&#13;<br \/>\n&#13;<br \/>\n&#13;<br \/>\n&#13;<br \/>\n&#13;<br \/>\n&#13;<br \/>\n&#13;<br \/>\n&#13;<br \/>\n&#13;<br \/>\n&#13;<br \/>\n&#13;<br \/>\n&#13;<br \/>\n&#13;<br \/>\n&#13;<br \/>\n&#13;<br \/>\n&#13;<br \/>\n&#13;<br \/>\n&#13;<br \/>\n&#13;<br \/>\n&#13;<br \/>\n&#13;<br \/>\n&#13;<br \/>\n&#13;<br \/>\n&#13;<br \/>\n&#13;<br \/>\n&#13;<br \/>\n&#13;<br \/>\n&#13;<br \/>\n&#13;\n<\/p>\n<p class=\"chapter-paragraph\">La Procura aveva gi\u00e0 dato parere negativo alla richiesta delle difese.<\/p>\n<p>    L&#8217;interrogatorio<\/p>\n<p class=\"chapter-paragraph\">Gioved\u00ec scorso D&#8217;Avino e Passariello avevano risposto per oltre 9 ore alle domande del pm Edoardo De Santis spiegando tra l&#8217;altro di aver avuto rapporti solo con <b>Gomes Tavares<\/b>, attualmente in Africa, factotum di<b> Valter Lavitola<\/b>, indagato come <b>mandante <\/b>per l&#8217;attentato a Ranucci.<\/p>\n<p class=\"chapter-paragraph\">In quell&#8217;occasione, <a href=\"https:\/\/roma.corriere.it\/notizie\/cronaca\/26_agosto_28\/lavitola-interrogatori-ranucci-a0f64eb7-7ec2-4182-aea5-7e57e334bxlk.shtml\" rel=\"nofollow noopener\" target=\"_blank\">Lavitola era stato smentito<\/a>\u00a0su vari punti, a partire dalla natura dell&#8217;attentato: non\u00a0\u00abcolpi contro l&#8217;abitazione\u00bb dell&#8217;amico Ranucci ma, a sentire i due arrestati, l&#8217;esplicito mandato di piazzare un \u00ab<b>ordigno esplosivo<\/b>\u00bb. Tramontava cos\u00ec anche la pista, inizialmente battuta, della criminalit\u00e0 organizzata.<\/p>\n<p>    Il gip:\u00a0\u00abIndagati reticenti\u00bb<\/p>\n<p class=\"chapter-paragraph\">Ora, il gip Livio Sabatini, nel provvedimento con il quale \u00e8 stata confermata la custodia cautelare in carcere, scrive che le dichiarazioni rese nell&#8217;interrogatorio da Pellegrino D&#8217;Avino si sono rivelate \u00abin numerose parti\u00a0<b>reticenti <\/b>nella ricostruzione completa dei fatti e <b>contraddette <\/b>dalle risultanze delle <b>intercettazioni\u00bb<\/b>. Il giudice ricorda poi che D&#8217;Avino \u00e8 accusato di aver trovato l&#8217;esplosivo utilizzato.<\/p>\n<p class=\"chapter-paragraph\">Parole molto simili a proposito dell&#8217;altro indagato, Antonio Passariello: il giudice sottolinea che ha s\u00ec reso interrogatorio, ma fornendo \u00abdichiarazioni rivelatesi, in numerose parti, reticenti nella ricostruzione completa della vicenda e contraddette dalle risultanze delle intercettazioni, essendo emerso che Passariello conosca la <b>natura<\/b> e potenzialit\u00e0 degli <b>esplosivi<\/b>\u00bb. Quindi &#8211; si spiega &#8211; viene ritenuto che \u00abnon sono stati forniti elementi utili per superare la presunzione di adeguatezza della custodia cautelare in carcere\u00bb.<\/p>\n<p>    La conduzione di Report:\u00a0\u00abLa Rai spieghi\u00bb<\/p>\n<p class=\"chapter-paragraph\">Parallelamente al fronte giudiziario, resta aperto anche quello per la <b>conduzione<\/b> di <b>Report<\/b>, affidata a<a href=\"https:\/\/roma.corriere.it\/notizie\/cronaca\/26_agosto_29\/giulia-presutti-lavitola-foto-conduttrice-report-ristorante-4e46bb21-6584-4978-8858-44e977c2fxlk.shtml\" title=\"Giulia Presutti nel ristorante di Lavitola: le foto della nuova conduttrice di Report con vino e ostriche\" rel=\"nofollow noopener\" target=\"_blank\"> Giulia Presutti<\/a> e <a href=\"https:\/\/roma.corriere.it\/notizie\/cronaca\/26_agosto_29\/daniele-piervincenzi-conduttore-report-chi-e-04ccb95e-1f98-4e77-af39-d8872e18bxlk.shtml\" title=\"Daniele Piervincenzi, chi \u00e8 il nuovo co-conduttore di Report: il passato sui campi da rugby e la testata di Roberto Spada a Ostia\" rel=\"nofollow noopener\" target=\"_blank\">Daniele Piervincenzi<\/a>.\u00a0<br \/>\u00abSe Ranucci \u00e8 incompatibile con la conduzione di Report, bisogna spiegare il perch\u00e9\u00bb. Cos\u00ec, con una nota, \u00e8 intervenuto l&#8217;avvocato Roberto De Vita, che coordina il team legale di Sigfrido Ranucci, in merito alla <b>lettera <\/b>di <b>contestazione formale<\/b> inviata contro la decisione della Rai di un avvicendamento nella conduzione della trasmissione.<\/p>\n<p class=\"chapter-paragraph\">\u00abSi tratta di capire perch\u00e9 \u00e8 stato rimosso, quali sono i fatti &#8211; spiega ancora De Vita -. Se il tema \u00e8 il <b>rapporto con Lavitola<\/b> era gi\u00e0 noto dal 2023, se il tema \u00e8 l&#8217;attentato lui \u00e8 la vittima, se il tema dovessero essere le presunte avances andrebbero dimostrate. Le interferenze continue, le pressioni, l&#8217;opacit\u00e0, di cui parla il provvedimento della Rai devono essere specificate in fatti e circostanze, in relazione a chi le avrebbe fatte, a quali giornalisti le avrebbero subite e in relazione a quali inchieste. Per questo abbiamo chiesto di spiegare quali siano i fatti sottostanti e a fornire la documentazione a supporto della decisione. La Rai ha dato 30 giorni di tempo a Ranucci per decidere sulla sua potenziale ricollocazione, nessuna valutazione pu\u00f2 essere fatta in assenza di fatti e circostanze che hanno portano alla sua rimozione da Report\u00bb.<\/p>\n<p>    La redazione di Report minaccia lo sciopero<\/p>\n<p class=\"chapter-paragraph\">Quanto all&#8217;eventuale risposta dell&#8217;azienda l&#8217;avvocato De Vita afferma: \u00abSe un lavoratore, dipendete Rai o privato, a fronte di un provvedimento di rimozione chiede spiegazioni su quali siano i fatti addebitati e queste non vengono fornite dal datore di lavoro, sar\u00e0 l&#8217;autorit\u00e0 giudiziaria a tenerne conto. Allo stato la Rai condanna la vittima e lo fa anche senza spiegare quale sia la colpa\u00bb.<\/p>\n<p class=\"chapter-paragraph\">I giornalisti si sono schierati con Ranucci contro una decisione ritenuta\u00a0\u00abarbitraria e non ancora motivata dell&#8217;azienda\u00bb, per questo \u00abl&#8217;assemblea dei giornalisti indice lo <b>stato di agitazione <\/b>e si riserva di mettere in atto ulteriori iniziative di lotta democratica, compreso lo <b>sciopero<\/b>\u00bb.<\/p>\n<p class=\"is-mr-t-20 is-mr-b-20\"><b><br \/>\n                    <a href=\"https:\/\/roma.corriere.it\/?intcmp=Notizielocali_nd_010623_corriere_ss_roma\" target=\"_blank\" rel=\"nofollow noopener\">Vai a tutte le notizie di Roma<\/a><br \/>\n            <\/b><\/p>\n<p class=\"chapter-paragraph\"><b><a href=\"https:\/\/www.corriere.it\/newsletter\/?theme=52&amp;intcmp=NL-artic_nd_050624_corriere_ss_roma\" target=\"_blank\" rel=\"nofollow noopener\">Iscriviti alla newsletter di Corriere Roma<\/a><\/b><\/p>\n<p class=\"is-last-update\" datetime=\"2026-08-31T20:37:37+02:00\">31 agosto 2026 ( modifica il 31 agosto 2026 | 20:37)<\/p>\n<p class=\"is-copyright\">\n            \u00a9 RIPRODUZIONE RISERVATA\n        <\/p>\n","protected":false},"excerpt":{"rendered":"di Erica Dellapasqua Pellegrino D&#8217;Avino e Antonio Passariello, due degli arrestati per l&#8217;attentato al giornalista Sigfrido Ranucci, restano&hellip;\n","protected":false},"author":3,"featured_media":658747,"comment_status":"","ping_status":"","sticky":false,"template":"","format":"standard","meta":{"footnotes":"","_share_on_mastodon":"0"},"categories":[79],"tags":[119,360088,363448,4604,363449,363450,14041,315632,363451,316744,360089,360090,1239,4072,874,22253,178100,34052,1072,32320,352247,363452,363453,363454,14,93,94,277,1368,4031,807,5558,5539,5564,1537,90,89,315631,7,15,360085,28710,316748,2452,2848,30051,4910,900,363447,363446,5641,103747,22952,58893,2453,11,84,91,12,85,92],"class_list":["post-658746","post","type-post","status-publish","format-standard","has-post-thumbnail","category-italia","tag-antonio","tag-antonio-passariello","tag-antonio-passariello-arrestati","tag-arrestati","tag-arrestati-attentato","tag-arrestati-attentato-giornalista","tag-attentato","tag-attentato-giornalista","tag-attentato-giornalista-sigfrido","tag-avino","tag-avino-antonio","tag-avino-antonio-passariello","tag-avvocato","tag-azienda","tag-carcere","tag-cautelare","tag-cautelare-carcere","tag-circostanze","tag-completa","tag-conduzione","tag-conduzione-report","tag-contraddette","tag-contraddette-risultanze","tag-contraddette-risultanze-intercettazioni","tag-cronaca","tag-cronaca-italiana","tag-cronacaitaliana","tag-de","tag-decisione","tag-fatti","tag-giornalisti","tag-gip","tag-indagati","tag-interrogatorio","tag-it","tag-italia","tag-italy","tag-lavitola","tag-news","tag-notizie","tag-passariello","tag-pellegrino","tag-pellegrino-avino","tag-provvedimento","tag-rai","tag-ranucci","tag-report","tag-restano","tag-restano-carcere","tag-reticenti","tag-richiesta","tag-sigfrido","tag-sigfrido-ranucci","tag-spiegare","tag-tema","tag-ultime-notizie","tag-ultime-notizie-e-news-di-oggi","tag-ultime-notizie-italia","tag-ultimenotizie","tag-ultimenotizieenewsdioggi","tag-ultimenotizieitalia"],"share_on_mastodon":{"url":"","error":"Validation failed: Text character limit of 500 exceeded"},"_links":{"self":[{"href":"https:\/\/www.europesays.com\/it\/wp-json\/wp\/v2\/posts\/658746","targetHints":{"allow":["GET"]}}],"collection":[{"href":"https:\/\/www.europesays.com\/it\/wp-json\/wp\/v2\/posts"}],"about":[{"href":"https:\/\/www.europesays.com\/it\/wp-json\/wp\/v2\/types\/post"}],"author":[{"embeddable":true,"href":"https:\/\/www.europesays.com\/it\/wp-json\/wp\/v2\/users\/3"}],"replies":[{"embeddable":true,"href":"https:\/\/www.europesays.com\/it\/wp-json\/wp\/v2\/comments?post=658746"}],"version-history":[{"count":0,"href":"https:\/\/www.europesays.com\/it\/wp-json\/wp\/v2\/posts\/658746\/revisions"}],"wp:featuredmedia":[{"embeddable":true,"href":"https:\/\/www.europesays.com\/it\/wp-json\/wp\/v2\/media\/658747"}],"wp:attachment":[{"href":"https:\/\/www.europesays.com\/it\/wp-json\/wp\/v2\/media?parent=658746"}],"wp:term":[{"taxonomy":"category","embeddable":true,"href":"https:\/\/www.europesays.com\/it\/wp-json\/wp\/v2\/categories?post=658746"},{"taxonomy":"post_tag","embeddable":true,"href":"https:\/\/www.europesays.com\/it\/wp-json\/wp\/v2\/tags?post=658746"}],"curies":[{"name":"wp","href":"https:\/\/api.w.org\/{rel}","templated":true}]}}