{"id":658750,"date":"2026-08-31T22:35:15","date_gmt":"2026-08-31T22:35:15","guid":{"rendered":"https:\/\/www.europesays.com\/it\/658750\/"},"modified":"2026-08-31T22:35:15","modified_gmt":"2026-08-31T22:35:15","slug":"us-open-programma-di-martedi-cobolli-comesana-sonego-zverev-musetti-fery","status":"publish","type":"post","link":"https:\/\/www.europesays.com\/it\/658750\/","title":{"rendered":"Us Open, programma di marted\u00ec: Cobolli-Comesana. Sonego-Zverev, Musetti-Fery"},"content":{"rendered":"<p>                                Flavio, n.6 al mondo e quinta testa di serie, se la vedr\u00e0 con l&#8217;argentino. In campo anche Guerrieri, Bellucci e Passaro<\/p>\n<p>            <a class=\"image is-50x50\" href=\"https:\/\/www.gazzetta.it\/collaboratori\/pellegrino-dell-anno\/\" rel=\"nofollow noopener\" target=\"_blank\"><br \/>\n                <img decoding=\"async\" class=\"is-rounded\" src=\"https:\/\/www.europesays.com\/it\/wp-content\/uploads\/2026\/03\/1774472354_735_omino.png\" alt=\"Pellegrino Dell'Anno\"\/><br \/>\n            <\/a><\/p>\n<p>Collaboratore<\/p>\n<p>                    31 agosto &#8211; 23:01  &#8211; MILANO<\/p>\n<p class=\"paragraph\" spellcheck=\"true\">Dopo un primo giorno che ha subito una brusca interruzione per pioggia verso l\u2019inizio della sessione serale, la speranza \u00e8 che allo Us Open il meteo sia clemente. Anche perch\u00e9 la giornata di domani, marted\u00ec 1\u00b0 settembre, propone un men\u00f9 ricchissimo, e metter\u00e0 fine ai primi turni. Ci sar\u00e0 spazio per i colori italiani sia sull\u2019Arthur Ashe Stadium che sul Louis Armstrong. Su quest\u2019ultimo, secondo per importanza dello Slam americano, scender\u00e0 in campo il nostro rappresentante meglio classificato, la quinta testa di serie Flavio Cobolli. Il romano aprir\u00e0 il programma di giornata alle 17 italiane, contro Francisco Comesana. Una partita da non sottovalutare visto che l\u2019argentino, pur essendo scivolato al n.119 al mondo, \u00e8 un osso molto duro, specie sulle superfici rapide. Cobolli pu\u00f2 comunque sorridere avendo vinto l\u2019unico precedente, lo scorso aprile a Montecarlo. E domani sar\u00e0 solo il primo di sei italiani, tutti nel singolare maschile, a debuttare allo Us Open.<\/p>\n<p>    italiani\u2014 \u00a0<\/p>\n<p class=\"paragraph is-inline\" spellcheck=\"true\">Lorenzo Sonego sar\u00e0 protagonista sull\u2019Arthur Ashe Stadium come secondo match in sessione serale, dopo Sonmez-Gauff. Il torinese scender\u00e0 dunque in campo verso le 2.30 contro il n.1 del seeding Alexander Zverev, avanti 6-0 nei precedenti con due soli set persi. Sar\u00e0 il primo incrocio a livello Slam. Esordio anche per Lorenzo Musetti, secondo match sul Grandstand, intorno alle 18.30, contro il semifinalista di Wimbledon e finalista pochi giorni fa a Winston-Salem Arthur Fery. Altro impegno non banale per la 13esima testa di serie. Come non sar\u00e0 banale, ma anzi quasi titanico, quello di Andrea Guerrieri. Proveniente dalle qualificazioni, giocher\u00e0 la sua prima partita in uno Slam contro il n.6 del seeding Alex de Minaur, ultimo match sul Grandstand, non prima delle 23. Infine, l\u2019Italia approder\u00e0 sul Campo 10, con due partite su tre che vedranno protagonisti dei nostri atleti. Alle 17, in cerca di riscatto in una stagione con tante ombre, Mattia Bellucci affronter\u00e0 il qualificato Zsombor Piros, n.118 al mondo. A seguire, alle 19.30 circa, sar\u00e0 la volta di Francesco Passaro contro Jesper De Jong, 100esimo in classifica Atp e vincente nell\u2019unico precedente, al Roland Garros 2025, rimontando due set di svantaggio.<\/p>\n<p>    i big\u2014 \u00a0<\/p>\n<p class=\"paragraph is-inline\" spellcheck=\"true\">Ma, italiani a parte, ci sar\u00e0 grandi giocatori in campo. Madison Keys, padrona di casa e 22esima testa di serie, aprir\u00e0 il programma dell\u2019Arthur Ashe alle 17.30 contro Alina Korneeva, a seguire il n.9 del seeding e finalista 2024 Taylor Fritz contro Darwin Blanch. Sull\u2019Armstrong, dopo Cobolli, esordio per la quinta forza del tabellone femminile Mirra Andreeva, contrapposta all\u2019indonesiana Janice Tjen. In serale Adolfo Vallejo e Gael Monfils alle 1, in quella che potrebbe essere l\u2019ultima partita del francese in uno Slam. A seguire l\u2019idolo delle Filippine Alexandra Eala, n.17 del seeding, sfider\u00e0 Mary Stoiana, americana qualificata al suo primo Major. Oltre a Musetti e Guerrieri, spazio anche al meglio del tennis femminile sul Grandstand. La n.2 al mondo Elena Rybakina inaugurer\u00e0 il suo Us Open alle 17 contro la wild card classe 2008 Thea Frodin, interprete di Serena Williams da giovane nel film &#8220;King Richard&#8221;. Allo Stadium 17, quarto campo per importanza, grande attesa per due possibili favoriti: la n.12 Belinda Bencic (&#8220;merita uno Slam&#8221;, parole di Cobolli dopo aver raggiunto con lei la finale di doppio misto) alle 17 affronter\u00e0 Yulia Putintseva, mentre nel terzo match, verso le 21, Rafael Jodar scender\u00e0 in campo contro Thanasi Kokkinakis. Infine, sul Campo 11, Nishesh Basavareddy e Tristan Schoolkate si sfideranno alle 17: il vincitore potrebbe essere l\u2019avversario di Cobolli al secondo turno.<\/p>\n<p><a class=\"is-partner-link\" href=\"https:\/\/ad.doubleclick.net\/ddm\/trackclk\/N1792338.340088CAIRORCSMEDIAS.P.\/B35025367.453773505;dc_trk_aid=647320059;dc_trk_cid=249314339;dc_dbm_token=%24%7BDC_DBM_TOKEN%7D;dc_lat=;dc_rdid=;tag_for_child_directed_treatment=;tfua=;gdpr=%24%7BGDPR%7D;gdpr_consent=%24%7BGDPR_CONSENT_755%7D;gpp=%24%7BGPP_STRING_755%7D;gpp_sid=%24%7BGPP_SID%7D;ltd=;dc_tdv=1\" rel=\"nofollow noopener\" target=\"_blank\">Guarda live tutte le partite degli US Open dal 30 Agosto in streaming su NOW! Attiva il Pass Sport da 19,99\u20ac al mese<\/a><\/p>\n<p>    in tv\u2014 \u00a0<\/p>\n<p class=\"paragraph is-inline\" spellcheck=\"true\">Lo Us Open, ultimo Slam stagionale, sar\u00e0 l\u2019unico ad essere trasmesso anche in chiaro. I diritti, con simulcast con Sky Sport e quindi anche con la piattaforma streaming Now Tv, sono infatti di SuperTennis, la televisione federale. Dunque i match principali, dei campioni e degli italiani, saranno disponibili sul canale 64 del digitale terrestre, 212 su Sky. Tutti i campi saranno invece disponibili sullo streaming SuperTennix.<\/p>\n<p class=\"is-copyright\">\u00a9 RIPRODUZIONE RISERVATA<\/p>\n","protected":false},"excerpt":{"rendered":"Flavio, n.6 al mondo e quinta testa di serie, se la vedr\u00e0 con l&#8217;argentino. In campo anche Guerrieri,&hellip;\n","protected":false},"author":3,"featured_media":658751,"comment_status":"","ping_status":"","sticky":false,"template":"","format":"standard","meta":{"footnotes":"","_share_on_mastodon":"0"},"categories":[1457],"tags":[7918,28427,311496,11611,9177,32398,49938,57385,49939,57386,76918,34323,921,20222,244166,277,14567,1690,11125,1944,183015,44381,18672,5183,362506,205567,4257,1537,90,627,89,1894,3419,2006,1290,32322,181566,267961,37086,22479,152928,1821,3423,245,244,26884,1273,1928,29694,2958,7379,6665],"class_list":["post-658750","post","type-post","status-publish","format-standard","has-post-thumbnail","category-tennis","tag-affrontera","tag-aprira","tag-aprira-programma","tag-argentino","tag-armstrong","tag-arthur","tag-arthur-ashe","tag-arthur-ashe-stadium","tag-ashe","tag-ashe-stadium","tag-banale","tag-bellucci","tag-campo","tag-cobolli","tag-comesana","tag-de","tag-disponibili","tag-domani","tag-esordio","tag-femminile","tag-fery","tag-finalista","tag-flavio","tag-giornata","tag-grandstand","tag-guerrieri","tag-importanza","tag-it","tag-italia","tag-italiani","tag-italy","tag-match","tag-musetti","tag-open","tag-partita","tag-quinta","tag-scendera","tag-scendera-campo","tag-seeding","tag-seguire","tag-serale","tag-serie","tag-slam","tag-sport","tag-sports","tag-stadium","tag-tennis","tag-testa","tag-testa-serie","tag-unico","tag-us","tag-us-open"],"share_on_mastodon":{"url":"","error":"Validation failed: Text character limit of 500 exceeded"},"_links":{"self":[{"href":"https:\/\/www.europesays.com\/it\/wp-json\/wp\/v2\/posts\/658750","targetHints":{"allow":["GET"]}}],"collection":[{"href":"https:\/\/www.europesays.com\/it\/wp-json\/wp\/v2\/posts"}],"about":[{"href":"https:\/\/www.europesays.com\/it\/wp-json\/wp\/v2\/types\/post"}],"author":[{"embeddable":true,"href":"https:\/\/www.europesays.com\/it\/wp-json\/wp\/v2\/users\/3"}],"replies":[{"embeddable":true,"href":"https:\/\/www.europesays.com\/it\/wp-json\/wp\/v2\/comments?post=658750"}],"version-history":[{"count":0,"href":"https:\/\/www.europesays.com\/it\/wp-json\/wp\/v2\/posts\/658750\/revisions"}],"wp:featuredmedia":[{"embeddable":true,"href":"https:\/\/www.europesays.com\/it\/wp-json\/wp\/v2\/media\/658751"}],"wp:attachment":[{"href":"https:\/\/www.europesays.com\/it\/wp-json\/wp\/v2\/media?parent=658750"}],"wp:term":[{"taxonomy":"category","embeddable":true,"href":"https:\/\/www.europesays.com\/it\/wp-json\/wp\/v2\/categories?post=658750"},{"taxonomy":"post_tag","embeddable":true,"href":"https:\/\/www.europesays.com\/it\/wp-json\/wp\/v2\/tags?post=658750"}],"curies":[{"name":"wp","href":"https:\/\/api.w.org\/{rel}","templated":true}]}}