{"id":658765,"date":"2026-08-31T22:47:14","date_gmt":"2026-08-31T22:47:14","guid":{"rendered":"https:\/\/www.europesays.com\/it\/658765\/"},"modified":"2026-08-31T22:47:14","modified_gmt":"2026-08-31T22:47:14","slug":"bologna-infortunio-per-orsolini-subito-ghiaccio","status":"publish","type":"post","link":"https:\/\/www.europesays.com\/it\/658765\/","title":{"rendered":"Bologna, infortunio per Orsolini! Subito ghiaccio"},"content":{"rendered":"<p>\nSi ferma Riccardo <strong>Orsolini<\/strong> in casa <a href=\"https:\/\/www.sosfanta.com\/squadra\/atalanta\/here-we-go-rowe-allatalanta-e-fatta-accordo-per-il-trasferimento-con-il-bologna-le-cifre\/\" target=\"_blank\" rel=\"noopener nofollow\">Bologna<\/a>. Entrato al 60&#8242; del match con l&#8217;Atalanta, il centrocampista offensivo \u00e8 stato costretto a lasciare il campo per infortunio.\n<\/p>\n<p>\n\ud83d\udcf2 <a href=\"https:\/\/onelink.to\/28zqdv?&amp;dev=macos&amp;ref=\" target=\"_blank\" rel=\"noopener nofollow\"><strong>SCARICA QUI LA NOSTRA APP GRATUITA<\/strong><\/a>\n<\/p>\n<p>\nOrsolini ha lasciato il campo dopo aver sentito tirare la <strong>coscia sinistra<\/strong>. Si tratta di un <strong>problema al flessore<\/strong> nello specifico: seguiranno aggiornamenti sull&#8217;entit\u00e0 dello stop e sui tempi di recupero. La speranza \u00e8 che si sia fermato in tempo, ma \u00e8 presto per dirlo:<strong> subito ghiaccio in panchina<\/strong> per Orso. Serviranno <strong>gli esami del caso<\/strong> per avere maggior chiarezza.\n<\/p>\n<p>        <img src=\"https:\/\/www.europesays.com\/it\/wp-content\/uploads\/2026\/08\/408b3a3fed2e46169029681292cbc38f-1024x576.jpg\"   width=\"711\" height=\"400\" alt=\"IMG_0602\" title=\"IMG_0602\" loading=\"eager\" fetchpriority=\"high\" decoding=\"sync\" class=\"w-full h-auto aspect-3\/2 object-cover object-top rounded-lg\"\/><\/p>\n","protected":false},"excerpt":{"rendered":"Si ferma Riccardo Orsolini in casa Bologna. Entrato al 60&#8242; del match con l&#8217;Atalanta, il centrocampista offensivo \u00e8&hellip;\n","protected":false},"author":3,"featured_media":658766,"comment_status":"","ping_status":"","sticky":false,"template":"","format":"standard","meta":{"footnotes":"","_share_on_mastodon":"0"},"categories":[176],"tags":[569,586,921,22137,2885,1537,90,89,65244,3484,245,244],"class_list":["post-658765","post","type-post","status-publish","format-standard","has-post-thumbnail","category-sport","tag-atalanta","tag-bologna","tag-campo","tag-costretto","tag-infortunio","tag-it","tag-italia","tag-italy","tag-orsolini","tag-panchina","tag-sport","tag-sports"],"share_on_mastodon":{"url":"https:\/\/pubeurope.com\/@it\/117192560211329764","error":""},"_links":{"self":[{"href":"https:\/\/www.europesays.com\/it\/wp-json\/wp\/v2\/posts\/658765","targetHints":{"allow":["GET"]}}],"collection":[{"href":"https:\/\/www.europesays.com\/it\/wp-json\/wp\/v2\/posts"}],"about":[{"href":"https:\/\/www.europesays.com\/it\/wp-json\/wp\/v2\/types\/post"}],"author":[{"embeddable":true,"href":"https:\/\/www.europesays.com\/it\/wp-json\/wp\/v2\/users\/3"}],"replies":[{"embeddable":true,"href":"https:\/\/www.europesays.com\/it\/wp-json\/wp\/v2\/comments?post=658765"}],"version-history":[{"count":0,"href":"https:\/\/www.europesays.com\/it\/wp-json\/wp\/v2\/posts\/658765\/revisions"}],"wp:featuredmedia":[{"embeddable":true,"href":"https:\/\/www.europesays.com\/it\/wp-json\/wp\/v2\/media\/658766"}],"wp:attachment":[{"href":"https:\/\/www.europesays.com\/it\/wp-json\/wp\/v2\/media?parent=658765"}],"wp:term":[{"taxonomy":"category","embeddable":true,"href":"https:\/\/www.europesays.com\/it\/wp-json\/wp\/v2\/categories?post=658765"},{"taxonomy":"post_tag","embeddable":true,"href":"https:\/\/www.europesays.com\/it\/wp-json\/wp\/v2\/tags?post=658765"}],"curies":[{"name":"wp","href":"https:\/\/api.w.org\/{rel}","templated":true}]}}