{"id":658774,"date":"2026-08-31T22:52:14","date_gmt":"2026-08-31T22:52:14","guid":{"rendered":"https:\/\/www.europesays.com\/it\/658774\/"},"modified":"2026-08-31T22:52:14","modified_gmt":"2026-08-31T22:52:14","slug":"la-russia-torna-al-g20-lira-delleuropa","status":"publish","type":"post","link":"https:\/\/www.europesays.com\/it\/658774\/","title":{"rendered":"La Russia torna al G20, l\u2019ira dell\u2019Europa"},"content":{"rendered":"<p>    di<br \/>\n    Marta Serafini<\/p>\n<p class=\"summary-art is-line-h-12\">Il ministro delle finanze Siluanov era assente dal 2022.  L&#8217;esclusione dalla foto di gruppo. Berlino: \u00abPreoccupante\u00bb. Trump: \u00abVado d&#8217;accordo con tutti\u00bb<\/p>\n<p class=\"chapter-paragraph\">Ad Asheville, tra le montagne della Carolina del Nord, non \u00e8 stata l\u2019inflazione, non \u00e8 stato il debito, non sono state neppure le sanzioni all\u2019Iran ad aprire davvero il G20 dei ministri delle Finanze. A incendiare subito il vertice \u00e8 stato il ritorno della Russia in carne e ossa. <b>Anton Siluanov,<\/b> ministro delle Finanze di Mosca, si \u00e8 presentato a sorpresa ai lavori ed \u00e8 bastata la sua presenza, la prima fisica dal 2022, per trasformare l\u2019incontro in un caso politico.<\/p>\n<p class=\"chapter-paragraph\">Non \u00e8 la prima volta che il nome di Siluanov provoca strappi e tensioni. Gi\u00e0 negli anni scorsi, anche quando partecipava soltanto in collegamento, il gelo occidentale era  plateale. Nel 2022 Janet Yellen, allora segretaria al Tesoro americano, lasci\u00f2 una riunione del G20  proprio mentre il ministro russo, in remoto, prendeva la parola. <b>Nel 2023, al G20 in India, la stessa Yellen attacc\u00f2 apertamente i funzionari del ministero delle Finanze russo<\/b>, accusandoli delle <a href=\"https:\/\/www.corriere.it\/esteri\/diretta-live\/26_agosto_31\/guerra-ucraina-russia-diretta-1.shtml\" rel=\"nofollow noopener\" target=\"_blank\">morti in Ucraina<\/a> e delle ricadute economiche globali della guerra.    &#13;<br \/>\n&#13;<br \/>\n&#13;<br \/>\n&#13;<br \/>\n&#13;<br \/>\n&#13;<br \/>\n&#13;<br \/>\n&#13;<br \/>\n&#13;<br \/>\n&#13;<br \/>\n&#13;<br \/>\n&#13;<br \/>\n&#13;<br \/>\n&#13;<br \/>\n&#13;<br \/>\n&#13;<br \/>\n&#13;<br \/>\n&#13;<br \/>\n&#13;<br \/>\n&#13;<br \/>\n&#13;<br \/>\n&#13;<br \/>\n&#13;<br \/>\n&#13;<br \/>\n&#13;<br \/>\n&#13;<br \/>\n&#13;<br \/>\n&#13;<br \/>\n&#13;<br \/>\n&#13;<br \/>\n&#13;<br \/>\n&#13;<br \/>\n&#13;<br \/>\n&#13;<br \/>\n&#13;<br \/>\n&#13;<br \/>\n&#13;<br \/>\n&#13;<br \/>\n&#13;<br \/>\n&#13;<br \/>\n&#13;<br \/>\n&#13;<br \/>\n&#13;<br \/>\n&#13;<br \/>\n&#13;<br \/>\n&#13;<br \/>\n&#13;<br \/>\n&#13;<br \/>\n&#13;<br \/>\n&#13;<br \/>\n&#13;<br \/>\n&#13;<br \/>\n&#13;\n<\/p>\n<p class=\"chapter-paragraph\">Ad Asheville lo scontro ha fatto un salto ulteriore, perch\u00e9 questa volta Siluanov non era uno schermo acceso in videocollegamento ma una presenza al tavolo.<b> Un fatto sufficiente a far scattare la protesta delle delegazioni europee, <\/b>impegnate da oltre tre anni a evitare qualsiasi segnale che possa somigliare a una normalizzazione dei rapporti con Mosca.<\/p>\n<p class=\"chapter-paragraph\">A guidare la reazione \u00e8 stato il vicecancelliere e ministro delle Finanze tedesco Lars Klingbeil. \u00c8 stato lui a raccontare di avere affrontato Siluanov gi\u00e0 nelle prime sessioni, rinfacciandogli l\u2019invasione dell\u2019Ucraina, chiedendo alla Russia di fermare la guerra e ribadendo che il sostegno europeo a Kiev non verr\u00e0 meno. <b>Poi, uscendo allo scoperto davanti ai giornalisti, ha alzato il tono anche verso Washington: ricevere il ministro delle Finanze russo, ha detto, manda un segnale \u00abpreoccupante\u00bb<\/b>. E ha aggiunto che da parte americana si sarebbe aspettato una linea pi\u00f9 netta, tale da non trattarlo \u00abcome un ospite qualsiasi\u00bb.\u00a0Accuse che sono state rispedite al mittente dal presidente statunitense con un\u2019alzata di spalle. \u00abLa Russia al G20? Uno dei motivi per cui ho cos\u00ec successo \u00e8 che vado d\u2019accordo con tutti\u00bb, ha commentato Trump.<\/p>\n<p class=\"chapter-paragraph\">La tensione si \u00e8 concentrata subito sulla foto di gruppo, rito simbolico che in questi vertici vale quasi quanto il comunicato finale. Secondo Klingbeil, gli europei hanno chiesto all\u2019unanimit\u00e0 agli organizzatori americani che Siluanov fosse escluso dallo scatto ufficiale, arrivando a minacciare il boicottaggio. <b>La pressione ha funzionato: la foto alla fine \u00e8 stata scattata senza il ministro russo.<\/b><\/p>\n<p class=\"chapter-paragraph\">Nel mezzo della bufera diplomatica, Siluanov ha avuto anche un incontro con il segretario al Tesoro Scott Bessent per discutere di una possibile soluzione del conflitto in Ucraina. <b>Nel corso dei colloqui, Bessent ha sostenuto il piano di pace in 28 punti del presidente Donald Trump.<\/b><\/p>\n<p class=\"chapter-paragraph\">A chiudere un summit gi\u00e0 avvelenato dalle polemiche si \u00e8 aggiunta infine un\u2019altra controversia, questa volta sul fronte dell\u2019informazione. Il dipartimento del Tesoro americano ha negato l\u2019accredito ad alcuni giornalisti del New York Times e del Wall Street Journal, oltre che a corrispondenti di Bloomberg  provenienti da diversi Paesi. <b>Le autorit\u00e0 tedesche sono riuscite a far riammettere il giornalista del <\/b><b>Times<\/b> che seguiva Klingbeil, ma non quello di Bloomberg: un\u2019esclusione giudicata da fonti diplomatiche senza precedenti e inaccettabile.\u00a0<\/p>\n<p class=\"is-last-update\" datetime=\"2026-08-31T22:19:27+02:00\">31 agosto 2026 ( modifica il 31 agosto 2026 | 22:19)<\/p>\n<p class=\"is-copyright\">\n            \u00a9 RIPRODUZIONE RISERVATA\n        <\/p>\n","protected":false},"excerpt":{"rendered":"di Marta Serafini Il ministro delle finanze Siluanov era assente dal 2022. L&#8217;esclusione dalla foto di gruppo. Berlino:&hellip;\n","protected":false},"author":3,"featured_media":658775,"comment_status":"","ping_status":"","sticky":false,"template":"","format":"standard","meta":{"footnotes":"","_share_on_mastodon":"0"},"categories":[160],"tags":[30220,363462,363463,579,536,360097,6511,33674,14,164,165,32571,2097,6783,284614,228,807,77,399,53144,166,382,7,15,95955,8158,135,14522,171,388,7638,284612,16931,16943,6504,379,170,11,167,12,168,3995,363460,161,162,163,363461],"class_list":["post-658774","post","type-post","status-publish","format-standard","has-post-thumbnail","category-mondo","tag-acceso","tag-acceso-videocollegamento","tag-acceso-videocollegamento-presenza","tag-accordo","tag-americano","tag-asheville","tag-bessent","tag-bloomberg","tag-cronaca","tag-dal-mondo","tag-dalmondo","tag-esclusione","tag-far","tag-finanze","tag-finanze-russo","tag-foto","tag-giornalisti","tag-guerra","tag-incontro","tag-klingbeil","tag-mondo","tag-mosca","tag-news","tag-notizie","tag-preoccupante","tag-presenza","tag-presidente","tag-qualsiasi","tag-russia","tag-russo","tag-segnale","tag-siluanov","tag-tesoro","tag-tesoro-americano","tag-times","tag-trump","tag-ucraina","tag-ultime-notizie","tag-ultime-notizie-di-mondo","tag-ultimenotizie","tag-ultimenotiziedimondo","tag-vado","tag-vado-accordo","tag-world","tag-world-news","tag-worldnews","tag-yellen"],"share_on_mastodon":{"url":"","error":"Validation failed: Text character limit of 500 exceeded"},"_links":{"self":[{"href":"https:\/\/www.europesays.com\/it\/wp-json\/wp\/v2\/posts\/658774","targetHints":{"allow":["GET"]}}],"collection":[{"href":"https:\/\/www.europesays.com\/it\/wp-json\/wp\/v2\/posts"}],"about":[{"href":"https:\/\/www.europesays.com\/it\/wp-json\/wp\/v2\/types\/post"}],"author":[{"embeddable":true,"href":"https:\/\/www.europesays.com\/it\/wp-json\/wp\/v2\/users\/3"}],"replies":[{"embeddable":true,"href":"https:\/\/www.europesays.com\/it\/wp-json\/wp\/v2\/comments?post=658774"}],"version-history":[{"count":0,"href":"https:\/\/www.europesays.com\/it\/wp-json\/wp\/v2\/posts\/658774\/revisions"}],"wp:featuredmedia":[{"embeddable":true,"href":"https:\/\/www.europesays.com\/it\/wp-json\/wp\/v2\/media\/658775"}],"wp:attachment":[{"href":"https:\/\/www.europesays.com\/it\/wp-json\/wp\/v2\/media?parent=658774"}],"wp:term":[{"taxonomy":"category","embeddable":true,"href":"https:\/\/www.europesays.com\/it\/wp-json\/wp\/v2\/categories?post=658774"},{"taxonomy":"post_tag","embeddable":true,"href":"https:\/\/www.europesays.com\/it\/wp-json\/wp\/v2\/tags?post=658774"}],"curies":[{"name":"wp","href":"https:\/\/api.w.org\/{rel}","templated":true}]}}