{"id":658779,"date":"2026-08-31T22:59:14","date_gmt":"2026-08-31T22:59:14","guid":{"rendered":"https:\/\/www.europesays.com\/it\/658779\/"},"modified":"2026-08-31T22:59:14","modified_gmt":"2026-08-31T22:59:14","slug":"golf-il-cussino-sergio-priani-vince-la-silvy-beauty-golf-cup","status":"publish","type":"post","link":"https:\/\/www.europesays.com\/it\/658779\/","title":{"rendered":"Golf, il cussino Sergio Priani vince la Silvy Beauty Golf Cup"},"content":{"rendered":"<p>Domenica si \u00e8 disputata, sui green del Centro Universitario Sportivo di Ferrara, la quarta edizione della Silvy Beauty Golf Cup, gara individuale su 18 buche, con formula Stableford e suddivisa in quattro categorie. Sono stati 50 i giocatori che hanno preso parte alla manifestazione, dando cos\u00ec il via alla seconda parte della stagione che, condizioni meteorologiche permettendo, proseguir\u00e0 fino alle prime settimane di dicembre.<\/p>\n<p>Buoni i risultati consegnati in club house al termine della gara, a testimonianza concreta dello spirito di competizione e della voglia di mettersi alla prova, misurandosi con il campo e con le proprie ambizioni.<\/p>\n<p>Un plauso particolare va ai manutentori del percorso, che si sono prodigati per poterlo consegnare ai giocatori in condizioni di gioco ottimali, nonostante il caldo intenso che ha caratterizzato un\u2019estate ormai giunta al termine. Il percorso del Cus Ferrara si distingue da anni per la sua naturalit\u00e0 e per l\u2019attenzione alla tutela dell\u2019ambiente, caratteristiche che gli hanno permesso di ottenere numerosi riconoscimenti. Un campo che coniuga qualit\u00e0 di gioco e rispetto della natura, attraverso una gestione attenta e sostenibile e senza l\u2019utilizzo di sostanze nocive.<\/p>\n<p>Si aggiudica la gara il sempre presente e performante Sergio Priani portacolori di casa, con 32 punti lordi, +4 sul par del campo.<\/p>\n<p>Di seguito i risultati di tutti i vincitori:<\/p>\n<p>1\u00b0 CATEGORIA<\/p>\n<p>1\u00b0 Lordo SERGIO PRIANI CUS FERRARA 32<\/p>\n<p>1\u00b0 Netto LUIGI BARIONI CUS FERRARA 37<\/p>\n<p>2\u00b0 Netto ANDREA CAVAZZINI CUS FERRARA 36<\/p>\n<p>2\u00b0 CATEGORIA<\/p>\n<p>1\u00b0 Netto MAURO MARTINELLI CUS FERRARA 40<\/p>\n<p>2\u00b0 Netto CARMELO MARCELLO CUS FERRARA 40<\/p>\n<p>3\u00b0 CATEGORIA<\/p>\n<p>1\u00b0 Netto FABRIZIO BREGOLI CENTO ASD 40<\/p>\n<p>2\u00b0 Netto ANASS EL MAGHRAOUI CUS FERRARA 39<\/p>\n<p>4\u00b0 CATEGORIA<\/p>\n<p>1\u00b0 Netto IGNAZIO S. BARONE VERONA 43<\/p>\n<p>1\u00b0 Ladies EKATERINA BOROVKOVA CUS FERRARA 35<\/p>\n<p>1\u00b0 Seniores ALESSANDRO SIVIERI CUS FERRARA 40<\/p>\n<p>Prossimo appuntamento domenica 6 settembre con la tredicesima edizione del Trofeo Vivai Fratelli Zanzi, una gara a scopo benefico che rappresenta un\u2019occasione speciale per unire sport, passione e solidariet\u00e0. Una giornata all\u2019insegna della competizione, del divertimento e soprattutto della voglia di fare del bene.<\/p>\n<p>\t\t\t\tGrazie per aver letto questo articolo&#8230;<\/p>\n<p>Da 20 anni\u00a0<a class=\"vglnk\" href=\"https:\/\/www.estense.com\/\" rel=\"nofollow noopener\" target=\"_blank\">Estense.com<\/a>\u00a0offre una informazione indipendente ai suoi lettori e non ha mai accettato fondi pubblici per non pesare nemmeno un centesimo sulle spalle della collettivit\u00e0. Il lavoro che svolgiamo ha un costo economico non indifferente e la pubblicit\u00e0 dei privati non sempre \u00e8 sufficiente.<br \/>Per questo chiediamo a chi quotidianamente ci legge e, speriamo, ci apprezza di darci un piccolo contributo in base alle proprie possibilit\u00e0. Anche un piccolo sostegno, moltiplicato per le decine di migliaia di ferraresi che ci leggono ogni giorno, pu\u00f2 diventare fondamentale.<\/p>\n<p>\u00a0<\/p>\n<p><strong>OPPURE <\/strong>se preferisci non usare PayPal ma un normale bonifico bancario (anche periodico) puoi intestarlo a:<\/p>\n<p><strong>Scoop Media Edit<br \/><\/strong>IBAN:\u00a0<strong>IT06D0538713004000000035119 <\/strong>(Banca BPER)<br \/>Causale:\u00a0<strong>Donazione per\u00a0<a class=\"vglnk\" href=\"https:\/\/www.estense.com\/\" rel=\"nofollow noopener\" target=\"_blank\">Estense.com<\/a><\/strong><\/p>\n","protected":false},"excerpt":{"rendered":"Domenica si \u00e8 disputata, sui green del Centro Universitario Sportivo di Ferrara, la quarta edizione della Silvy Beauty&hellip;\n","protected":false},"author":3,"featured_media":658780,"comment_status":"","ping_status":"","sticky":false,"template":"","format":"standard","meta":{"footnotes":"","_share_on_mastodon":"0"},"categories":[1475],"tags":[2646,1933,1537,90,89,245,244],"class_list":["post-658779","post","type-post","status-publish","format-standard","has-post-thumbnail","category-golf","tag-altri-sport","tag-golf","tag-it","tag-italia","tag-italy","tag-sport","tag-sports"],"share_on_mastodon":{"url":"https:\/\/pubeurope.com\/@it\/117192606532160279","error":""},"_links":{"self":[{"href":"https:\/\/www.europesays.com\/it\/wp-json\/wp\/v2\/posts\/658779","targetHints":{"allow":["GET"]}}],"collection":[{"href":"https:\/\/www.europesays.com\/it\/wp-json\/wp\/v2\/posts"}],"about":[{"href":"https:\/\/www.europesays.com\/it\/wp-json\/wp\/v2\/types\/post"}],"author":[{"embeddable":true,"href":"https:\/\/www.europesays.com\/it\/wp-json\/wp\/v2\/users\/3"}],"replies":[{"embeddable":true,"href":"https:\/\/www.europesays.com\/it\/wp-json\/wp\/v2\/comments?post=658779"}],"version-history":[{"count":0,"href":"https:\/\/www.europesays.com\/it\/wp-json\/wp\/v2\/posts\/658779\/revisions"}],"wp:featuredmedia":[{"embeddable":true,"href":"https:\/\/www.europesays.com\/it\/wp-json\/wp\/v2\/media\/658780"}],"wp:attachment":[{"href":"https:\/\/www.europesays.com\/it\/wp-json\/wp\/v2\/media?parent=658779"}],"wp:term":[{"taxonomy":"category","embeddable":true,"href":"https:\/\/www.europesays.com\/it\/wp-json\/wp\/v2\/categories?post=658779"},{"taxonomy":"post_tag","embeddable":true,"href":"https:\/\/www.europesays.com\/it\/wp-json\/wp\/v2\/tags?post=658779"}],"curies":[{"name":"wp","href":"https:\/\/api.w.org\/{rel}","templated":true}]}}