{"id":65881,"date":"2025-08-24T09:46:23","date_gmt":"2025-08-24T09:46:23","guid":{"rendered":"https:\/\/www.europesays.com\/it\/65881\/"},"modified":"2025-08-24T09:46:23","modified_gmt":"2025-08-24T09:46:23","slug":"cremona-sera-bookcrossing-a-sorpresa-libri-sulle-panchine-del-viale-sul-futuro-del-buon-caro-vecchio-spelacchiato-viale-po-si-accende-una-piccola-luce-di-speranza","status":"publish","type":"post","link":"https:\/\/www.europesays.com\/it\/65881\/","title":{"rendered":"Cremona Sera &#8211; BookCrossing a sorpresa, libri sulle panchine del viale: sul futuro del buon, caro, vecchio, spelacchiato viale Po si accende una piccola luce di speranza"},"content":{"rendered":"<p>BookCrossing sul viale Po. Vari libri sono comparsi, a sorpresa, sulle sedute di alcune panchine. Noi ne abbiamo notate due. Una \u00e8 posizionata sotto la pensilina balzata agli onori delle cronache, all\u2019incirca una settimana fa, per i sacchi di rifiuti abbandonati da ignoti, accanto ad essa. Poco distante, c\u2019\u00e8 quella in prossimit\u00e0 dell\u2019attraversamento di via Fulcheria. L\u2019impressione \u00e8 che i volumi siano stati lasciati l\u00ec apposta, a disposizione dei passanti. Si tratta di una casualit\u00e0 o di una risposta all&#8217;articolo di CremonaSera, che stigmatizzava le criticit\u00e0 della strada, che dovrebbe rappresentare il tappeto rosso, che si srotola fino al centro cittadino (<a href=\"https:\/\/cremonasera.it\/cronaca\/il-viale-po-come-un-nobile-decaduto-le-foto-dei-lettori-ne-testimoniano-l-inesorabile-declino-serve-un-progetto-completo-per-contrastare-il-degrado\" rel=\"nofollow noopener\" target=\"_blank\">leggi qui<\/a>)? Sono suggestive entrambe le ipotesi e, qualunque sia la soluzione dell\u2019enigma, la scoperta inattesa \u00e8 piaciuta tanto. Le critiche, anche se costruttive, sono sempre dure da digerire, ma, a contare, \u00e8 la reazione e questa \u00e8 senza dubbio originale ed intelligente. Va inoltre sottolineato che l\u2019iniziativa \u00e8 stata preceduta dalla rimozione immediata dell&#8217;immondizia (\u00e8 rimasto solo il famoso sacchettino blu\u2026) e si accompagna ad un intervento di un certo impegno sulla zona interessata dal buco nel terreno, nei pressi di via della ceramica. Ma torniamo ai testi: sono nuovi o comunque in ottimo stato e sembrano in grado di soddisfare le esigenze di lettori diversi, dai gusti pi\u00f9 o meno impegnati e raffinati. Ecco i titoli e gli autori: \u201cSiamo tutti bravi con i fidanzati degli altri\u201d di Tommaso Zorzi, \u201cLa storia d\u2019amore che ti cambier\u00e0 la vita\u201d di Francesco Sole, \u201cMemoria di ragazza\u201d di Annie Ernaux e l\u2019edizione integrale del poderoso \u201cTipi psicologici\u201d di Carl Gustav Jung. Che aggiungere? Forse che si era fatto bene a riporre qualche piccola speranza nel dopo Ferragosto e poi che, sul futuro del buon, caro, vecchio, spelacchiato viale Po, non \u00e8 ancora stata pronunciata l\u2019ultima parola. Va da s\u00e9 che terremo d\u2019occhio gli sviluppi.<\/p>\n<p>Nelle foto: bookcrossing lungo il viale Po ed intervento, all\u2019intersezione con via della ceramica.<\/p>\n<p>\u00a0<\/p>\n","protected":false},"excerpt":{"rendered":"BookCrossing sul viale Po. Vari libri sono comparsi, a sorpresa, sulle sedute di alcune panchine. Noi ne abbiamo&hellip;\n","protected":false},"author":3,"featured_media":65882,"comment_status":"","ping_status":"","sticky":false,"template":"","format":"standard","meta":{"footnotes":""},"categories":[1445],"tags":[1608,5665,18551,203,204,1537,90,89,1609,7,15,980],"class_list":{"0":"post-65881","1":"post","2":"type-post","3":"status-publish","4":"format-standard","5":"has-post-thumbnail","7":"category-libri","8":"tag-books","9":"tag-cremona","10":"tag-cremona-sera","11":"tag-entertainment","12":"tag-intrattenimento","13":"tag-it","14":"tag-italia","15":"tag-italy","16":"tag-libri","17":"tag-news","18":"tag-notizie","19":"tag-quotidiano"},"share_on_mastodon":{"url":"","error":""},"_links":{"self":[{"href":"https:\/\/www.europesays.com\/it\/wp-json\/wp\/v2\/posts\/65881","targetHints":{"allow":["GET"]}}],"collection":[{"href":"https:\/\/www.europesays.com\/it\/wp-json\/wp\/v2\/posts"}],"about":[{"href":"https:\/\/www.europesays.com\/it\/wp-json\/wp\/v2\/types\/post"}],"author":[{"embeddable":true,"href":"https:\/\/www.europesays.com\/it\/wp-json\/wp\/v2\/users\/3"}],"replies":[{"embeddable":true,"href":"https:\/\/www.europesays.com\/it\/wp-json\/wp\/v2\/comments?post=65881"}],"version-history":[{"count":0,"href":"https:\/\/www.europesays.com\/it\/wp-json\/wp\/v2\/posts\/65881\/revisions"}],"wp:featuredmedia":[{"embeddable":true,"href":"https:\/\/www.europesays.com\/it\/wp-json\/wp\/v2\/media\/65882"}],"wp:attachment":[{"href":"https:\/\/www.europesays.com\/it\/wp-json\/wp\/v2\/media?parent=65881"}],"wp:term":[{"taxonomy":"category","embeddable":true,"href":"https:\/\/www.europesays.com\/it\/wp-json\/wp\/v2\/categories?post=65881"},{"taxonomy":"post_tag","embeddable":true,"href":"https:\/\/www.europesays.com\/it\/wp-json\/wp\/v2\/tags?post=65881"}],"curies":[{"name":"wp","href":"https:\/\/api.w.org\/{rel}","templated":true}]}}