{"id":658858,"date":"2026-09-01T00:10:18","date_gmt":"2026-09-01T00:10:18","guid":{"rendered":"https:\/\/www.europesays.com\/it\/658858\/"},"modified":"2026-09-01T00:10:18","modified_gmt":"2026-09-01T00:10:18","slug":"virus-dengue-un-caso-a-livorno-via-alla-disinfestazione","status":"publish","type":"post","link":"https:\/\/www.europesays.com\/it\/658858\/","title":{"rendered":"Virus Dengue, un caso a Livorno: via alla disinfestazione"},"content":{"rendered":"<p>Un nuovo caso di <strong>Dengue<\/strong> \u00e8 stato segnalato a <strong>Livorno<\/strong>. Il virus tropicale, trasmesso all&#8217;uomo principalmente attraverso la puntura di zanzara infette, <a href=\"https:\/\/www.livornotoday.it\/cronaca\/caso-virus-dengue-piombino-zanzare.html\" target=\"_blank\" rel=\"nofollow noopener\">in questi giorni ha &#8216;colpito&#8217; Piombino<\/a> con due casi in meno di due settimane. Ora anche in citt\u00e0, a distanza di poco pi\u00f9 di quindici giorni dall&#8217;ultimo.<\/p>\n<p>A seguito della comunicazione dell&#8217;Asl il sindaco Luca Salvetti ha firmato un&#8217;ordinanza urgente che dispone la disinfestazione a partire dalle 18 di marted\u00ec 1 settembre nella zona che comprende le aree poste in un raggio di 200 metri intorno al perimetro del padiglione Malattie Infettive, e per 200 metri intorno al perimetro del Pronto Soccorso (Parco Pertini, via della Meridiana, via F. Chiusa, via A. Gramsci 67-89, Vicolo delle Lavandaie 19- 28, via A. Gramsci 58-160, via A. Liverani, via del Volontariato 2-40)<\/p>\n<p>\u00a0<\/p>\n<p>L&#8217;ordinanza prevede anche la ricerca e l\u2019eliminazione dei focolai larvali peri-domestici con ispezioni \u201cporta a porta\u201d delle abitazioni comprese nell\u2019area segnalata. Il parco Pertini, dunque, interessato dall&#8217;intervento \u00e8 gi\u00e0 stato chiuso e cos\u00ec rester\u00e0 anche nelle 24 ore successive all&#8217;azione degli operatori.<\/p>\n","protected":false},"excerpt":{"rendered":"Un nuovo caso di Dengue \u00e8 stato segnalato a Livorno. Il virus tropicale, trasmesso all&#8217;uomo principalmente attraverso la&hellip;\n","protected":false},"author":3,"featured_media":658859,"comment_status":"","ping_status":"","sticky":false,"template":"","format":"standard","meta":{"footnotes":"","_share_on_mastodon":"0"},"categories":[175],"tags":[239,1537,90,89,240,301],"class_list":["post-658858","post","type-post","status-publish","format-standard","has-post-thumbnail","category-salute","tag-health","tag-it","tag-italia","tag-italy","tag-salute","tag-sanita"],"share_on_mastodon":{"url":"https:\/\/pubeurope.com\/@it\/117192886081993048","error":""},"_links":{"self":[{"href":"https:\/\/www.europesays.com\/it\/wp-json\/wp\/v2\/posts\/658858","targetHints":{"allow":["GET"]}}],"collection":[{"href":"https:\/\/www.europesays.com\/it\/wp-json\/wp\/v2\/posts"}],"about":[{"href":"https:\/\/www.europesays.com\/it\/wp-json\/wp\/v2\/types\/post"}],"author":[{"embeddable":true,"href":"https:\/\/www.europesays.com\/it\/wp-json\/wp\/v2\/users\/3"}],"replies":[{"embeddable":true,"href":"https:\/\/www.europesays.com\/it\/wp-json\/wp\/v2\/comments?post=658858"}],"version-history":[{"count":0,"href":"https:\/\/www.europesays.com\/it\/wp-json\/wp\/v2\/posts\/658858\/revisions"}],"wp:featuredmedia":[{"embeddable":true,"href":"https:\/\/www.europesays.com\/it\/wp-json\/wp\/v2\/media\/658859"}],"wp:attachment":[{"href":"https:\/\/www.europesays.com\/it\/wp-json\/wp\/v2\/media?parent=658858"}],"wp:term":[{"taxonomy":"category","embeddable":true,"href":"https:\/\/www.europesays.com\/it\/wp-json\/wp\/v2\/categories?post=658858"},{"taxonomy":"post_tag","embeddable":true,"href":"https:\/\/www.europesays.com\/it\/wp-json\/wp\/v2\/tags?post=658858"}],"curies":[{"name":"wp","href":"https:\/\/api.w.org\/{rel}","templated":true}]}}