{"id":658860,"date":"2026-09-01T00:11:23","date_gmt":"2026-09-01T00:11:23","guid":{"rendered":"https:\/\/www.europesays.com\/it\/658860\/"},"modified":"2026-09-01T00:11:23","modified_gmt":"2026-09-01T00:11:23","slug":"francesca-fagnani-verso-laddio-alla-rai-rapporto-di-fiducia-compromesso","status":"publish","type":"post","link":"https:\/\/www.europesays.com\/it\/658860\/","title":{"rendered":"Francesca Fagnani verso l&#8217;addio alla Rai: rapporto di fiducia compromesso"},"content":{"rendered":"<p>                                La giornalista avrebbe chiesto la risoluzione anticipata del contratto anche a causa di tensioni sul futuro di &#8220;Belve&#8221;<\/p>\n<p>                    31 agosto &#8211; 15:25  &#8211; MILANO<\/p>\n<p class=\"paragraph\" spellcheck=\"true\">L&#8217;ultima (o l&#8217;ennesima?) notizia che scuote i vertici di viale Mazzini riguarda la <b>decisione di Francesca Fagnani di lasciare la Rai<\/b>, formalizzata &#8211; cos\u00ec parrebbe &#8211; gi\u00e0 lo\u00a0<b>scorso giugno<\/b> tramite il suo procuratore con una <b>lettera che chiede la risoluzione anticipata del contratto di esclusiva<\/b> in scadenza nella primavera del 2027. Alla base di questa mossa drastica vi sarebbe un <b>rapporto di fiducia compromesso<\/b> con parte dell&#8217;azienda e un <b>forte senso di amarezza per la mancata valorizzazione professionale<\/b>.<\/p>\n<p class=\"paragraph\" spellcheck=\"true\">Tra i fattori scatenanti figurano le decisioni dei vertici su programmi di primo piano come Chi l&#8217;ha visto? (per cui<b> si era fatto il suo nome prima di optare per la giornalista interna Raffaella Griggi<\/b>) e Report. A pesare sul clima ci sarebbero inoltre tensioni relative al <b>budget della trasmissione cult Belve<\/b> &#8211; i cui ospiti avrebbero alzato le richieste economiche &#8211; e la <b>mancata definizione del piano di produzione per la nuova edizione autunnale<\/b>, nonostante il programma sia stato regolarmente <a href=\"https:\/\/www.gazzetta.it\/https:\/\/www.gazzetta.it\/spettacolo-tv-gossip\/storie\/03-07-2026\/palinsesti-rai-2026-27-programmi-film-serie-tv-tutte-le-novita\/palinsesti-rai-2025-26.shtml.shtml?intcmp=hyperlink-articolo-gazit\" rel=\"nofollow noopener\" target=\"_blank\">inserito nei palinsesti dal 20 ottobre al 1 dicembre<\/a>. Come evidenziato da Domani, la Rai rischia di <b>perdere un tassello chiave<\/b> anche in virt\u00f9 dell&#8217;accordo strategico siglato con Disney+, che lega proprio i contenuti di Belve alla propria offerta.<\/p>\n<p>    francesca fagnani verso l&#8217;addio alla rai\u2014 \u00a0<\/p>\n<p class=\"paragraph is-inline\" spellcheck=\"true\">Di fronte all&#8217;indiscrezione lanciata da Adnkronos, la <b>risposta di viale Mazzini non si \u00e8 fatta attendere<\/b>, con l&#8217;obiettivo di spegnere un incendio mediatico che agita ulteriormente la televisione di stato. Nella nota diramata dall&#8217;azienda, Williams Di Liberatore, direttore dell&#8217;Intrattenimento Prime Time, <b>ha<\/b> <b>cercato di blindare la conduttrice<\/b> dichiarando: &#8220;Francesca Fagnani \u00e8 un <b>asset fondamentale e una risorsa preziosa per la Direzione Intrattenimento Prime time <\/b>ed ha un contratto di esclusiva con l\u2019azienda. Durante l\u2019estate ci sono state varie interlocuzioni sugli sviluppi del programma. <b>Oggi siamo a lavoro<\/b>&#8220;.<\/p>\n<p class=\"paragraph\" spellcheck=\"true\">Nonostante le rassicurazioni e i tentativi di mediazione portati avanti durante l&#8217;estate, <b>le trattative restano complesse<\/b>. Sullo sfondo pesano non solo le divergenze strategiche sul futuro, ma anche l&#8217;elefante nella stanza rappresentato dai <b>costi di produzione e dai cachet degli ospiti<\/b>, che l&#8217;anno scorso hanno cambiato perimetro di competenza passando alla direzione Prime time. L&#8217;assenza di Fagnani alla presentazione dei palinsesti estivi ad Ancona aveva gi\u00e0 alimentato i <b>sospetti di Dagospia<\/b>, che a inizio luglio aveva parlato di un clima tutt&#8217;altro che sereno e di una messa in onda autunnale non del tutto scontata per il format.<\/p>\n<p>    dove appronder\u00e0 francesca fagnani?\u2014 \u00a0<\/p>\n<p class=\"paragraph is-inline\" spellcheck=\"true\">Qualora l&#8217;addio di Francesca Fagnani alla Rai dovesse concretizzarsi e trasformarsi in una rottura definitiva, <b>la giornalista e il suo programma di punta Belve diventerebbero i pezzi pregiati del prossimo telemercato televisivo<\/b>. Tra le destinazioni pi\u00f9 accreditate dai media <b>spicca<\/b> <b>Mediaset<\/b>: il gruppo guidato da Pier Silvio Berlusconi nutre <b>profonda stima per la conduttrice<\/b>, la quale vanta gi\u00e0 solidi rapporti con personalit\u00e0 di spicco del Biscione, a partire da Maria De Filippi, che in passato \u00e8 stata sua ospite fissa in studio.<\/p>\n<p class=\"paragraph\" spellcheck=\"true\">Oltre a Mediaset, non si escludono piste alternative che portano alle <b>grandi piattaforme di streaming<\/b> o un eventuale ritorno sui canali Discovery. Nel frattempo, la tenuta del servizio pubblico continua a fare i conti con un <b>clima di forte agitazione interna<\/b> e con l&#8217;addio potenziale di una delle firme pi\u00f9 forti e riconoscibili del panorama televisivo italiano degli ultimi anni, capace di trasformare un piccolo format in un vero e proprio fenomeno culturale di massa.<\/p>\n<p class=\"is-above-copyright is-mr-r-10\" spellcheck=\"true\">La Gazzetta dello Sport<\/p>\n<p class=\"is-copyright\">\u00a9 RIPRODUZIONE RISERVATA<\/p>\n","protected":false},"excerpt":{"rendered":"La giornalista avrebbe chiesto la risoluzione anticipata del contratto anche a causa di tensioni sul futuro di &#8220;Belve&#8221;&hellip;\n","protected":false},"author":3,"featured_media":658861,"comment_status":"","ping_status":"","sticky":false,"template":"","format":"standard","meta":{"footnotes":"","_share_on_mastodon":"0"},"categories":[174],"tags":[2983,2902,363476,86861,4072,19486,8840,34272,1396,6693,363125,274,203,6038,1533,98020,3593,363128,17772,3440,5701,19487,4348,10563,204,216786,216787,1537,90,89,2698,15926,23813,4425,19472,897,2848,8904,9776,43890],"class_list":["post-658860","post","type-post","status-publish","format-standard","has-post-thumbnail","category-intrattenimento","tag-addio","tag-anticipata","tag-anticipata-contratto","tag-autunnale","tag-azienda","tag-belve","tag-clima","tag-compromesso","tag-conduttrice","tag-contratto","tag-contratto-esclusiva","tag-direzione","tag-entertainment","tag-esclusiva","tag-estate","tag-fagnani","tag-fiducia","tag-fiducia-compromesso","tag-format","tag-forte","tag-francesca","tag-francesca-fagnani","tag-giornalista","tag-interna","tag-intrattenimento","tag-intrattenimento-prime","tag-intrattenimento-prime-time","tag-it","tag-italia","tag-italy","tag-lettera","tag-mancata","tag-mazzini","tag-prime","tag-prime-time","tag-programma","tag-rai","tag-time","tag-viale","tag-viale-mazzini"],"share_on_mastodon":{"url":"","error":"Validation failed: Text character limit of 500 exceeded"},"_links":{"self":[{"href":"https:\/\/www.europesays.com\/it\/wp-json\/wp\/v2\/posts\/658860","targetHints":{"allow":["GET"]}}],"collection":[{"href":"https:\/\/www.europesays.com\/it\/wp-json\/wp\/v2\/posts"}],"about":[{"href":"https:\/\/www.europesays.com\/it\/wp-json\/wp\/v2\/types\/post"}],"author":[{"embeddable":true,"href":"https:\/\/www.europesays.com\/it\/wp-json\/wp\/v2\/users\/3"}],"replies":[{"embeddable":true,"href":"https:\/\/www.europesays.com\/it\/wp-json\/wp\/v2\/comments?post=658860"}],"version-history":[{"count":0,"href":"https:\/\/www.europesays.com\/it\/wp-json\/wp\/v2\/posts\/658860\/revisions"}],"wp:featuredmedia":[{"embeddable":true,"href":"https:\/\/www.europesays.com\/it\/wp-json\/wp\/v2\/media\/658861"}],"wp:attachment":[{"href":"https:\/\/www.europesays.com\/it\/wp-json\/wp\/v2\/media?parent=658860"}],"wp:term":[{"taxonomy":"category","embeddable":true,"href":"https:\/\/www.europesays.com\/it\/wp-json\/wp\/v2\/categories?post=658860"},{"taxonomy":"post_tag","embeddable":true,"href":"https:\/\/www.europesays.com\/it\/wp-json\/wp\/v2\/tags?post=658860"}],"curies":[{"name":"wp","href":"https:\/\/api.w.org\/{rel}","templated":true}]}}