{"id":658868,"date":"2026-09-01T00:15:15","date_gmt":"2026-09-01T00:15:15","guid":{"rendered":"https:\/\/www.europesays.com\/it\/658868\/"},"modified":"2026-09-01T00:15:15","modified_gmt":"2026-09-01T00:15:15","slug":"famiglia-nel-bosco-reinserimento-a-tappe-a-scuola-lipotesi-per-i-tre-bambini-trevallion","status":"publish","type":"post","link":"https:\/\/www.europesays.com\/it\/658868\/","title":{"rendered":"Famiglia nel bosco: reinserimento a tappe a scuola, l\u2019ipotesi per i tre bambini Trevallion"},"content":{"rendered":"<p>    di<br \/>\n    Valentina Baldisserri<\/p>\n<p class=\"summary-art is-line-h-12\">L\u2019attesa per la decisione dei giudici, oggi Pillon a L\u2019Aquila. In attesa dell&#8217;iscrizione alle elementari una maestra in pensione fa lezione ai piccoli<\/p>\n<p class=\"chapter-paragraph\">Sono tornati a fare lezione con la maestra Lidia Camilla  i tre bimbi della famiglia nel bosco.<b> \u00c8 questa l\u2019unica novit\u00e0 che li riguarda al momento.<\/b> Superati a fine giugno gli esami di ammissione alla scuola elementare, i tre minori separati da mamma e pap\u00e0 dal novembre scorso, sono rimasti  tutta l\u2019estate nella struttura protetta di Vasto  in attesa del provvedimento del Tribunale che consentisse loro  di tornare a casa, a Palmoli. Cos\u00ec almeno speravano. Ma la <a href=\"https:\/\/www.corriere.it\/cronache\/26_maggio_13\/famiglia-bosco-catherine-trevallion-casa-famiglia-3496606d-6573-48aa-8bc1-f81070ec8xlk.shtml\" rel=\"nofollow noopener\" target=\"_blank\">decisione di giudici aquilani sul ricongiungimento, prevista per luglio, non \u00e8 arrivata neppure in agosto<\/a> e cos\u00ec dopo Ferragosto sono ricominciate le lezioni. <b>Necessarie perch\u00e9 gli scolari arrivino preparati sui banchi di scuola. <\/b>A giorni alterni, l\u2019insegnante in pensione che ha scelto di dedicarsi ai piccoli Trevallion, si reca nella struttura di  Vasto  e li aiuta a fare i compiti. \u00abSar\u00e0 cos\u00ec fino all\u2019inizio della scuola \u2014 spiega la maestra che segue questi piccoli dallo scorso gennaio \u2014 Cos\u00ec arriveranno pi\u00f9 preparati. <b>Non si lamentano per questo impegno estivo, sono sereni e disponibili<\/b>\u00bb.<br \/>Non sono sereni invece Nathan e Catherine. La decisione del Tribunale dell\u2019Aquila sulla vicenda  non arriva e l\u2019inquietudine aumenta. Il legale  della coppia, <a href=\"https:\/\/www.corriere.it\/cronache\/26_maggio_16\/famiglia-bosco-pillon-figli-eb6f5735-8f7e-464e-bf8b-311fc0878xlk.shtml\" rel=\"nofollow noopener\" target=\"_blank\">Simone Pillon ribadisce: \u00abTutte le presunte criticit\u00e0 sono state superate, la famiglia va riunita\u00bb.<\/a> <b>E annuncia un blitz stamattina nel capoluogo abruzzese: <\/b>\u00abSar\u00f2 al Tribunale per i minorenni  per acquisire informazioni e documentazione inerente il procedimento\u00bb.<\/p>\n<p class=\"chapter-paragraph\">Del resto la richiesta di ricongiungimento risale ormai al 25 giugno, seguita da un sollecito depositato il 7 agosto.<b> I tempi sono pi\u00f9 che maturi, anche perch\u00e9 in ballo c\u2019\u00e8 l\u2019inizio dell\u2019anno scolastico.<\/b> I tre bimbi non risultano tuttora iscritti n\u00e9 a Palmoli (dove attualmente risiedono i genitori) n\u00e9 a Vasto (dove c\u2019\u00e8 la casa famiglia). <b>Spetta alla tutrice dei minori, Maria Luisa Palladino, scegliere la scuola   che frequenteranno. <\/b>Ma fino a quando non arriver\u00e0 il  provvedimento del Tribunale, nessuna scelta pu\u00f2 essere fatta. Si contano le ore, quello di oggi potrebbe essere il giorno giusto.   <b>Se i giudici decidessero per il ricongiungimento immediato, l\u2019iscrizione sarebbe  certa a Palmoli,<\/b> nella scuola che \u00e8 a due passi dalla casetta  donata ai Trevallion in comodato d\u2019uso gratuito  dal Comune e dove le lezioni inizieranno regolarmente il 14 settembre. \u00ab<b>Noi  chiaramente li aspettiamo<\/b>\u00bb, dice il sindaco Masciulli, confidando nell\u2019esito pi\u00f9 favorevole. Ma il Tribunale dell\u2019Aquila potrebbe anche prendere una decisione avversa alla famiglia e ritenere il ricongiungimento ancora prematuro. In tal caso i bambini resterebbero nella casa famiglia.    &#13;<br \/>\n&#13;<br \/>\n&#13;<br \/>\n&#13;<br \/>\n&#13;<br \/>\n&#13;<br \/>\n&#13;<br \/>\n&#13;<br \/>\n&#13;<br \/>\n&#13;<br \/>\n&#13;<br \/>\n&#13;<br \/>\n&#13;<br \/>\n&#13;<br \/>\n&#13;<br \/>\n&#13;<br \/>\n&#13;<br \/>\n&#13;<br \/>\n&#13;<br \/>\n&#13;<br \/>\n&#13;<br \/>\n&#13;<br \/>\n&#13;<br \/>\n&#13;<br \/>\n&#13;<br \/>\n&#13;<br \/>\n&#13;<br \/>\n&#13;<br \/>\n&#13;<br \/>\n&#13;<br \/>\n&#13;<br \/>\n&#13;<br \/>\n&#13;<br \/>\n&#13;<br \/>\n&#13;<br \/>\n&#13;<br \/>\n&#13;<br \/>\n&#13;<br \/>\n&#13;<br \/>\n&#13;<br \/>\n&#13;<br \/>\n&#13;<br \/>\n&#13;<br \/>\n&#13;<br \/>\n&#13;<br \/>\n&#13;<br \/>\n&#13;<br \/>\n&#13;<br \/>\n&#13;<br \/>\n&#13;<br \/>\n&#13;<br \/>\n&#13;<br \/>\n&#13;\n<\/p>\n<p class=\"chapter-paragraph\">Una terza ipotesi, che nelle ultime ore, si \u00e8 fatta pi\u00f9 concreta \u00e8 che il ricongiungimento sia graduale, come suggerito nella perizia conclusiva dalla consulente tecnica d\u2019ufficio, Simona Ceccoli. <b>I tre figli dei Trevallion non tornerebbero nell\u2019immediato a vivere insieme ai genitori,<\/b> ma seguirebbero un  percorso a fasi fatto di  brevi uscite in famiglia come una gita al mare o in montagna. Poi un weekend nell\u2019abitazione di Palmoli e solo in seguito il ricongiungimento famigliare vero e proprio.<\/p>\n<p class=\"chapter-paragraph\">Se questa del ricongiungimento graduale  fosse la decisione dei giudici, <b>per l\u2019anno scolastico 2025-2026  la scelta della tutrice ricadrebbe inevitabilmente sulla pi\u00f9 vicina scuola di Vasto<\/b>.   Ma sono solo ipotesi. Il provvedimento \u00e8 atteso di ora in ora, e quando sar\u00e0 il momento per i tre bimbi di sedersi sui banchi, bisogner\u00e0 affrontare anche il tema dell\u2019inserimento niente affatto facile per chi non \u00e8 stato abituato a vivere in classe.<\/p>\n<p class=\"chapter-paragraph\">La figlia maggiore dei Trevallion frequenter\u00e0  la quarta elementare  e si ritrover\u00e0 per la prima volta in aula, da sola, senza neppure il supporto dei due fratelli.  <b>Problematiche per il momento ancora lontane. <\/b>Nella struttura di Vasto  la bambina ha fatto amicizia con una sua coetanea di 9 anni e sembra finalmente vivere giorni pi\u00f9 sereni.<\/p>\n<p class=\"is-last-update\" datetime=\"2026-08-31T22:03:41+02:00\">31 agosto 2026 ( modifica il 31 agosto 2026 | 22:03)<\/p>\n<p class=\"is-copyright\">\n            \u00a9 RIPRODUZIONE RISERVATA\n        <\/p>\n","protected":false},"excerpt":{"rendered":"di Valentina Baldisserri L\u2019attesa per la decisione dei giudici, oggi Pillon a L\u2019Aquila. In attesa dell&#8217;iscrizione alle elementari&hellip;\n","protected":false},"author":3,"featured_media":658869,"comment_status":"","ping_status":"","sticky":false,"template":"","format":"standard","meta":{"footnotes":"","_share_on_mastodon":"0"},"categories":[79],"tags":[2699,39552,788,3956,47041,38650,14,93,94,1368,363479,62306,1909,135797,7216,2753,2431,1148,96932,10562,1302,2460,23643,1537,90,89,10324,15998,3780,13750,1354,7,15,133789,9841,4719,271673,36786,2452,363480,99460,363481,2061,100378,7877,137857,3892,11,84,91,12,85,92,6086,4006],"class_list":["post-658868","post","type-post","status-publish","format-standard","has-post-thumbnail","category-italia","tag-agosto","tag-aquila","tag-bambini","tag-banchi","tag-bimbi","tag-bosco","tag-cronaca","tag-cronaca-italiana","tag-cronacaitaliana","tag-decisione","tag-decisione-giudici","tag-elementare","tag-famiglia","tag-famiglia-bosco","tag-fatta","tag-genitori","tag-giudici","tag-giugno","tag-graduale","tag-immediato","tag-inizio","tag-ipotesi","tag-iscrizione","tag-it","tag-italia","tag-italy","tag-lezione","tag-lezioni","tag-maestra","tag-minori","tag-ne","tag-news","tag-notizie","tag-palmoli","tag-pensione","tag-piccoli","tag-pillon","tag-preparati","tag-provvedimento","tag-provvedimento-tribunale","tag-ricongiungimento","tag-ricongiungimento-graduale","tag-scuola","tag-sereni","tag-struttura","tag-trevallion","tag-tribunale","tag-ultime-notizie","tag-ultime-notizie-e-news-di-oggi","tag-ultime-notizie-italia","tag-ultimenotizie","tag-ultimenotizieenewsdioggi","tag-ultimenotizieitalia","tag-vasto","tag-vivere"],"share_on_mastodon":{"url":"","error":"Validation failed: Text character limit of 500 exceeded"},"_links":{"self":[{"href":"https:\/\/www.europesays.com\/it\/wp-json\/wp\/v2\/posts\/658868","targetHints":{"allow":["GET"]}}],"collection":[{"href":"https:\/\/www.europesays.com\/it\/wp-json\/wp\/v2\/posts"}],"about":[{"href":"https:\/\/www.europesays.com\/it\/wp-json\/wp\/v2\/types\/post"}],"author":[{"embeddable":true,"href":"https:\/\/www.europesays.com\/it\/wp-json\/wp\/v2\/users\/3"}],"replies":[{"embeddable":true,"href":"https:\/\/www.europesays.com\/it\/wp-json\/wp\/v2\/comments?post=658868"}],"version-history":[{"count":0,"href":"https:\/\/www.europesays.com\/it\/wp-json\/wp\/v2\/posts\/658868\/revisions"}],"wp:featuredmedia":[{"embeddable":true,"href":"https:\/\/www.europesays.com\/it\/wp-json\/wp\/v2\/media\/658869"}],"wp:attachment":[{"href":"https:\/\/www.europesays.com\/it\/wp-json\/wp\/v2\/media?parent=658868"}],"wp:term":[{"taxonomy":"category","embeddable":true,"href":"https:\/\/www.europesays.com\/it\/wp-json\/wp\/v2\/categories?post=658868"},{"taxonomy":"post_tag","embeddable":true,"href":"https:\/\/www.europesays.com\/it\/wp-json\/wp\/v2\/tags?post=658868"}],"curies":[{"name":"wp","href":"https:\/\/api.w.org\/{rel}","templated":true}]}}