{"id":658882,"date":"2026-09-01T00:33:19","date_gmt":"2026-09-01T00:33:19","guid":{"rendered":"https:\/\/www.europesays.com\/it\/658882\/"},"modified":"2026-09-01T00:33:19","modified_gmt":"2026-09-01T00:33:19","slug":"il-maestro-casalese-andrea-barola-vincitore-a-leredita-summer","status":"publish","type":"post","link":"https:\/\/www.europesays.com\/it\/658882\/","title":{"rendered":"Il maestro casalese Andrea Barola vincitore a &#8220;L&#8217;Eredit\u00e0 Summer&#8221;"},"content":{"rendered":"<p>Ancora una vittoria alla trasmissione \u201c<strong>L\u2019Eredit\u00e0 Summer<\/strong>\u201d, in onda stasera, luned\u00ec 31 agosto, su <strong>Rai 1<\/strong>, per il maestro casalese <strong>Andrea Barola<\/strong>. Il monferrino ha conquistato il titolo di vincitore della puntata del programma condotto da <strong>Marco Liorno<\/strong>, ma alla \u201cGhigliottina\u201d non ha trovato la parola vincente, quindi non ha incassato i 25.000 euro che erano in palio. Andrea Barola torner\u00e0 in gioco domani e sar\u00e0 tra i 12 concorrenti (tutti gi\u00e0 vincitori dell\u2019Eredit\u00e0, che a turno si affronteranno in settimana per arrivare alla proclamazione di \u201ccampione\u201d. Andrea ha gi\u00e0 conquistato una volta il titolo di \u201ccampione della settimana\u201d a Ferragosto.<\/p>\n<p>Stasera, il casalese \u00e8 arrivato alla prova finale, quella della \u201c<strong>Ghigliottina<\/strong>\u201d con 200.000 euro. La somma \u00e8 stata ridotta a 25.000 euro nella scelta delle cinque parole con cui giocare: \u201cseguire\u201d, \u201cfelice\u201d, \u201cfonte\u201d, \u201cdivina\u201d, \u201cprogressista\u201d. Andrea Barola ha rifiutato l\u2019aiuto della sesta parola, \u201cmusa\u201d, e ha proposto come soluzione \u201cfiume\u201d. La parola che collegava tutte le altre era per\u00f2 \u201cispirazione\u201d. Quindi la vittoria \u00e8 stata solo virtuale. Ma Andrea ha conquistato un punto nella classifica settimanale per l&#8217;assegnazione del titolo di campione del programma.<\/p>\n","protected":false},"excerpt":{"rendered":"Ancora una vittoria alla trasmissione \u201cL\u2019Eredit\u00e0 Summer\u201d, in onda stasera, luned\u00ec 31 agosto, su Rai 1, per il&hellip;\n","protected":false},"author":3,"featured_media":658883,"comment_status":"","ping_status":"","sticky":false,"template":"","format":"standard","meta":{"footnotes":"","_share_on_mastodon":"0"},"categories":[1444],"tags":[363482,1953,19921,203,329215,204,1537,90,89,363483,3501,253],"class_list":["post-658882","post","type-post","status-publish","format-standard","has-post-thumbnail","category-tv","tag-andrea-barola","tag-campione","tag-casale","tag-entertainment","tag-eredita-summer","tag-intrattenimento","tag-it","tag-italia","tag-italy","tag-marco-liorno","tag-rai-1","tag-tv"],"share_on_mastodon":{"url":"https:\/\/pubeurope.com\/@it\/117192976531313140","error":""},"_links":{"self":[{"href":"https:\/\/www.europesays.com\/it\/wp-json\/wp\/v2\/posts\/658882","targetHints":{"allow":["GET"]}}],"collection":[{"href":"https:\/\/www.europesays.com\/it\/wp-json\/wp\/v2\/posts"}],"about":[{"href":"https:\/\/www.europesays.com\/it\/wp-json\/wp\/v2\/types\/post"}],"author":[{"embeddable":true,"href":"https:\/\/www.europesays.com\/it\/wp-json\/wp\/v2\/users\/3"}],"replies":[{"embeddable":true,"href":"https:\/\/www.europesays.com\/it\/wp-json\/wp\/v2\/comments?post=658882"}],"version-history":[{"count":0,"href":"https:\/\/www.europesays.com\/it\/wp-json\/wp\/v2\/posts\/658882\/revisions"}],"wp:featuredmedia":[{"embeddable":true,"href":"https:\/\/www.europesays.com\/it\/wp-json\/wp\/v2\/media\/658883"}],"wp:attachment":[{"href":"https:\/\/www.europesays.com\/it\/wp-json\/wp\/v2\/media?parent=658882"}],"wp:term":[{"taxonomy":"category","embeddable":true,"href":"https:\/\/www.europesays.com\/it\/wp-json\/wp\/v2\/categories?post=658882"},{"taxonomy":"post_tag","embeddable":true,"href":"https:\/\/www.europesays.com\/it\/wp-json\/wp\/v2\/tags?post=658882"}],"curies":[{"name":"wp","href":"https:\/\/api.w.org\/{rel}","templated":true}]}}