{"id":658966,"date":"2026-09-01T01:51:25","date_gmt":"2026-09-01T01:51:25","guid":{"rendered":"https:\/\/www.europesays.com\/it\/658966\/"},"modified":"2026-09-01T01:51:25","modified_gmt":"2026-09-01T01:51:25","slug":"tommaso-paradiso-racconta-di-aver-preso-il-toscana-virus-per-la-puntura-di-un-pappatacio","status":"publish","type":"post","link":"https:\/\/www.europesays.com\/it\/658966\/","title":{"rendered":"Tommaso Paradiso racconta di aver preso il Toscana Virus per la puntura di un pappatacio"},"content":{"rendered":"<p>Tommaso Paradiso sar\u00e0 costretto a saltare due degli appuntamenti musicali pi\u00f9 attesi della fine dell\u2019estate. Il cantautore ha annunciato sui social che non prender\u00e0 parte n\u00e9 agli <a data-intcmp-qp=\"skytg24_foglia articolo_interlink_text\" href=\"https:\/\/tg24.sky.it\/spettacolo\/2026\/08\/31\/spettacolo\/musica\/2026\/08\/31\/rtl-1025-power-hits-programma\" rel=\"nofollow noopener\" target=\"_blank\">RTL Power HTS<\/a>, in programma il 1\u00b0 settembre all\u2019Arena di Verona, n\u00e9 ai Radio Zeta Future Hits del giorno successivo. A fermarlo \u00e8 stata la puntura di un pappatacio che gli ha trasmesso il <a data-intcmp=\"skytg24_foglia articolo_interlink_text\" href=\"https:\/\/tg24.sky.it\/salute-e-benessere\/approfondimenti\/toscana-virus-sintomi\" rel=\"nofollow noopener\" target=\"_blank\">Toscana Virus (COS&#8217;\u00c8 E QUALI SONO I SITNOMI)<\/a> , infezione virale diffusa in alcune aree dell\u2019Italia centrale. Con il suo consueto tono ironico, Paradiso ha raccontato l\u2019accaduto nelle Instagram Stories: \u201cUna decina di giorni fa un pappatacio ha deciso di pungermi\u201d. L\u2019artista ha spiegato di essere in fase di guarigione, ma di non aver ancora recuperato completamente le energie necessarie per affrontare due serate consecutive sul palco. Pur rassicurando i fan sulle sue condizioni, ha preferito seguire le indicazioni dei medici e concedersi ancora qualche giorno di riposo, promettendo di tornare presto dal vivo.<\/p>\n<p>\t\t \t\u201cAgitare coca cola\u201d, il singolo dell\u2019estate<\/p>\n<p>L\u2019estate 2026 porta la firma di Tommaso Paradiso anche grazie a \u201cAgitare coca cola\u201d, un singolo che conferma la sua capacit\u00e0 di trasformare scene ordinarie in immagini dal forte impatto emotivo. Il brano, costruito su sonorit\u00e0 dream pop e melodie leggere, racconta la contemporaneit\u00e0 con quello sguardo nostalgico che caratterizza gran parte della sua produzione solista. Lo stesso cantante aveva spiegato di non partire mai da un\u2019idea astratta, ma da ci\u00f2 che vive e osserva ogni giorno: viaggi in treno, piccoli imprevisti, gesti comuni e frammenti di vita che diventano canzoni quasi di getto. Proprio questa immediatezza ha reso il singolo uno dei pi\u00f9 trasmessi dalle radio durante la stagione estiva, accompagnando le vacanze di migliaia di ascoltatori. Gli eventi di Verona rappresentavano l\u2019occasione per eseguirlo davanti al grande pubblico, ma Paradiso dovr\u00e0 seguirli da lontano, con l\u2019obiettivo di tornare presto a cantare dal vivo.<\/p>\n<p>\t\t\t<a class=\"c-inline-card j-inline-card c-inline-card--with-image\" href=\"https:\/\/tg24.sky.it\/spettacolo\/2026\/06\/16\/abiti-sposa-carolina-sansoni-tommaso-paradiso-matrimonio\" rel=\"follow nofollow noopener\" data-intcmp=\"skytg24_articolo_approfondimenti_inline\" target=\"_blank\"><\/p>\n<p>\t\t\t         <img decoding=\"async\" crossorigin=\"anonymous\" alt=\"\"  loading=\"lazy\"  src=\"https:\/\/www.europesays.com\/it\/wp-content\/uploads\/2026\/07\/carolina-sansoni-tommaso-paradiso-getty.jpg\"\/><\/p>\n<p>\n\t\t\t         Approfondimento<br \/>\n\t\t\t         Matrimonio Tommaso Paradiso, i 3 abiti da sposa di Carolina Sansoni\n\t\t\t      <\/p>\n<p>\t\t\t<\/a><\/p>\n","protected":false},"excerpt":{"rendered":"Tommaso Paradiso sar\u00e0 costretto a saltare due degli appuntamenti musicali pi\u00f9 attesi della fine dell\u2019estate. Il cantautore ha&hellip;\n","protected":false},"author":3,"featured_media":658967,"comment_status":"","ping_status":"","sticky":false,"template":"","format":"standard","meta":{"footnotes":"","_share_on_mastodon":"0"},"categories":[1451],"tags":[1621,1620,203,24870,204,1537,90,89,370,23559,74348,3378],"class_list":["post-658966","post","type-post","status-publish","format-standard","has-post-thumbnail","category-celebrita","tag-celebrita","tag-celebrities","tag-entertainment","tag-insetti","tag-intrattenimento","tag-it","tag-italia","tag-italy","tag-malattia","tag-puntura","tag-tommaso-paradiso","tag-virus"],"share_on_mastodon":{"url":"https:\/\/pubeurope.com\/@it\/117193283962094351","error":""},"_links":{"self":[{"href":"https:\/\/www.europesays.com\/it\/wp-json\/wp\/v2\/posts\/658966","targetHints":{"allow":["GET"]}}],"collection":[{"href":"https:\/\/www.europesays.com\/it\/wp-json\/wp\/v2\/posts"}],"about":[{"href":"https:\/\/www.europesays.com\/it\/wp-json\/wp\/v2\/types\/post"}],"author":[{"embeddable":true,"href":"https:\/\/www.europesays.com\/it\/wp-json\/wp\/v2\/users\/3"}],"replies":[{"embeddable":true,"href":"https:\/\/www.europesays.com\/it\/wp-json\/wp\/v2\/comments?post=658966"}],"version-history":[{"count":0,"href":"https:\/\/www.europesays.com\/it\/wp-json\/wp\/v2\/posts\/658966\/revisions"}],"wp:featuredmedia":[{"embeddable":true,"href":"https:\/\/www.europesays.com\/it\/wp-json\/wp\/v2\/media\/658967"}],"wp:attachment":[{"href":"https:\/\/www.europesays.com\/it\/wp-json\/wp\/v2\/media?parent=658966"}],"wp:term":[{"taxonomy":"category","embeddable":true,"href":"https:\/\/www.europesays.com\/it\/wp-json\/wp\/v2\/categories?post=658966"},{"taxonomy":"post_tag","embeddable":true,"href":"https:\/\/www.europesays.com\/it\/wp-json\/wp\/v2\/tags?post=658966"}],"curies":[{"name":"wp","href":"https:\/\/api.w.org\/{rel}","templated":true}]}}