{"id":658989,"date":"2026-09-01T02:16:34","date_gmt":"2026-09-01T02:16:34","guid":{"rendered":"https:\/\/www.europesays.com\/it\/658989\/"},"modified":"2026-09-01T02:16:34","modified_gmt":"2026-09-01T02:16:34","slug":"troppa-virtus-per-la-reyer-bologna-vince-98-79-in-gara-2-e-riapre-la-serie","status":"publish","type":"post","link":"https:\/\/www.europesays.com\/it\/658989\/","title":{"rendered":"Troppa Virtus per la Reyer. Bologna vince 98-79 in gara 2 e riapre la serie"},"content":{"rendered":"<p>Dopo l&#8217;impresa di gara 1, si torna coi piedi per terra. Troppa Bologna per l&#8217;Umana Reyer luned\u00ec sera, Venezia soccombe alla Virtus Arena in gara 2 delle semifinali scudetto. Gli orogranata hanno cercato di tenere il passo delle V nere nelle prime battute del match, poi i padroni di casa hanno impresso un ritmo insostenibile per gli uomini di Neven Spahija. I felsinei vincono 98-79 e impattano la serie sull&#8217;1-1, che ora si sposter\u00e0 al Taliercio per gara 3, in programma gioved\u00ec, e gara 4, gi\u00e0 fissata per sabato.<\/p>\n<p><a href=\"https:\/\/whatsapp.com\/channel\/0029VaDSWgR1Hsq4uWb1mS0I\" target=\"_blank\" rel=\"nofollow noopener\"><strong>Clicca qui per iscriverti al canale WhatsApp di VeneziaToday<\/strong><\/a><\/p>\n<p>La percentuale da 2 punti di Bologna \u00e8 davvero surreale: sul 74-47, al 23&#8217;30\u201d, \u00e8 25\/28 (89,2%), mentre Venezia fatica per tutto il match anche in attacco e non riesce mai a scendere sotto i 20 punti di ritardo prima della sirena finale, toccando anzi anche il -30. I padroni di casa chiudono con il 72,1% da 2, gli orogranata, in serata no al tiro, chiudono al 45,7% da 2 e al 37,5% da 3. Il peso sotto canestro della Virtus \u00e8 evidente anche nei rimbalzi (46-23) e nelle stoppate (4).<\/p>\n<p>Il tabellino<\/p>\n<p>Parziali: 29-16; 62-42; 82-54<\/p>\n<p>Virtus Olidata: Vildoza 3, Edwards 25, Niang 4, Smailagic 4, Hackett 4, Ferrari 2, Morgan 13, Diarra 12, Jallow 11, Diouf 18, Akele 2, Galassi. All. Jakovljevic.<\/p>\n<p>Umana Reyer: Tessitori 12, Cole 2, Horton 4, Lever 5, De Nicolao 10, Candi 8, Bowman 4, Wheatle 4, Nikolic 4, Parks 6, Wiltjer 14, Valentine 6. All. Spahija.<\/p>\n<p>         &#13;<br \/>\n  &#13;<br \/>\n    &#13;<br \/>\n      &#13;<br \/>\n    &#13;<br \/>\n    <strong>1<\/strong> minuti di lettura   &#13;<\/p>\n","protected":false},"excerpt":{"rendered":"Dopo l&#8217;impresa di gara 1, si torna coi piedi per terra. Troppa Bologna per l&#8217;Umana Reyer luned\u00ec sera,&hellip;\n","protected":false},"author":3,"featured_media":658990,"comment_status":"","ping_status":"","sticky":false,"template":"","format":"standard","meta":{"footnotes":"","_share_on_mastodon":"0"},"categories":[1453],"tags":[1756,1757,1537,90,89,12041,251,245,244],"class_list":["post-658989","post","type-post","status-publish","format-standard","has-post-thumbnail","category-basket","tag-basket","tag-basketball","tag-it","tag-italia","tag-italy","tag-reyer","tag-serie-a","tag-sport","tag-sports"],"share_on_mastodon":{"url":"https:\/\/pubeurope.com\/@it\/117193381317854255","error":""},"_links":{"self":[{"href":"https:\/\/www.europesays.com\/it\/wp-json\/wp\/v2\/posts\/658989","targetHints":{"allow":["GET"]}}],"collection":[{"href":"https:\/\/www.europesays.com\/it\/wp-json\/wp\/v2\/posts"}],"about":[{"href":"https:\/\/www.europesays.com\/it\/wp-json\/wp\/v2\/types\/post"}],"author":[{"embeddable":true,"href":"https:\/\/www.europesays.com\/it\/wp-json\/wp\/v2\/users\/3"}],"replies":[{"embeddable":true,"href":"https:\/\/www.europesays.com\/it\/wp-json\/wp\/v2\/comments?post=658989"}],"version-history":[{"count":0,"href":"https:\/\/www.europesays.com\/it\/wp-json\/wp\/v2\/posts\/658989\/revisions"}],"wp:featuredmedia":[{"embeddable":true,"href":"https:\/\/www.europesays.com\/it\/wp-json\/wp\/v2\/media\/658990"}],"wp:attachment":[{"href":"https:\/\/www.europesays.com\/it\/wp-json\/wp\/v2\/media?parent=658989"}],"wp:term":[{"taxonomy":"category","embeddable":true,"href":"https:\/\/www.europesays.com\/it\/wp-json\/wp\/v2\/categories?post=658989"},{"taxonomy":"post_tag","embeddable":true,"href":"https:\/\/www.europesays.com\/it\/wp-json\/wp\/v2\/tags?post=658989"}],"curies":[{"name":"wp","href":"https:\/\/api.w.org\/{rel}","templated":true}]}}